{"id":10192,"date":"2021-08-06T11:58:39","date_gmt":"2021-08-06T08:58:39","guid":{"rendered":"https:\/\/europorssi.com\/?p=10192"},"modified":"2021-08-06T11:58:40","modified_gmt":"2021-08-06T08:58:40","slug":"rekkaconvoy-12-8-2021-matkalla-harmaan-silmanruokaa-kansalle-kaukaisimmat-tulijat-ovat-englannista","status":"publish","type":"post","link":"https:\/\/europorssi.com\/fi\/rekkaconvoy-12-8-2021-matkalla-harmaan-silmanruokaa-kansalle-kaukaisimmat-tulijat-ovat-englannista\/","title":{"rendered":"Rekkaconvoy 12.8.2021 matkalla H\u00e4rm\u00e4\u00e4n \u2013 silm\u00e4nruokaa kansalle, kaukaisimmat tulijat ovat Englannista"},"content":{"rendered":"\n<p>Ep\u00e4virallinen aloitus Power Truck Show tapahtumalle on torstaina 12.8.2021, kun rekkaconvoy saattueineen suuntaa keulat kohti H\u00e4rm\u00e4\u00e4. Mutta my\u00f6s muualla Suomessa torstaina tiet ovat t\u00e4ynn\u00e4 toinen toistaan upeammin rakennettuja ja maalattuja rekkoja, kun kuljetusalan ammattikuskit ymp\u00e4ri Suomen suuntaavat ty\u00f6v\u00e4lineidens\u00e4 kera kohti Etel\u00e4-Pohjanmaan lakeuksia.<\/p>\n\n\n\n<p>Maanteill\u00e4 riitt\u00e4\u00e4 katseltavaa joka suunnassa, mutta huomiota her\u00e4tt\u00e4vin tapahtuma on rekkaconvoy, jossa komeimmat autot saapuvat convoy:ssa Power Truck Show\u2019hun. Rekkaconvoyssa matkaa perinteisesti noin 40 rakennettua ja maalattua rekkaa sek\u00e4 my\u00f6s n\u00e4ytt\u00e4vi\u00e4 hy\u00f6tyajoneuvoja, veteraaniautoja ja muita n\u00e4yttelyyn osallistuvia autoja. Yleis\u00f6 ja rekkaspottaajat saavat tienp\u00e4\u00e4ll\u00e4 pient\u00e4 esimakua siit\u00e4 mit\u00e4 n\u00e4yttelyss\u00e4 on mukana tarjolla. Teiden varret ja pys\u00e4k\u00f6intialueet ovat t\u00e4ynn\u00e4 yleis\u00f6\u00e4, jotka ovat tulleet katsomaan upeita rekkoja ja toivottamaan autoilijoille hyv\u00e4\u00e4 matkaa tapahtumaan. Ulkomailta tulevat osallistujat ovat vuosi toisensa j\u00e4lkeen aivan ihmeiss\u00e4\u00e4n saamastaan huomiosta. Kuljettajat kiitt\u00e4v\u00e4t yleis\u00f6\u00e4 vilkuttamalla valoja ja huudattamalla torvea.<\/p>\n\n\n\n<p>Muun muassa Englannista, Hollannista ja Sveitsist\u00e4 n\u00e4yttelyyn tulevat osallistujat saapuvat varhain torstaiaamuna Helsinkiin Vuosaaren satamaan. Norjan, Ruotsin ja Tanskan autot saapuvat Naantalin satamaan. Kaukaisimmat tulijat ovat t\u00e4n\u00e4 vuonna Englannista, jotka ovat Coles &amp; sons ja B h Cecil. Heille kummallekin kertyy matkaa noin 3&nbsp;300 kilometri\u00e4 H\u00e4rm\u00e4\u00e4n. Sveitsist\u00e4 on my\u00f6s tulossa useampi auto, joista yksi on ensimm\u00e4ist\u00e4 kertaa Power Truck Show\u2019hun tulevan voWa Transporten \u201dPurple Rain\u201d teeman mukaan maalattu auto.<\/p>\n\n\n\n<p>Koko komeudessaan convoy on n\u00e4ht\u00e4vill\u00e4 Lemp\u00e4\u00e4l\u00e4n Teboil Pirkanhovissa. Sielt\u00e4 matka jatkuu pitk\u00e4n\u00e4 letkana kohti H\u00e4rm\u00e4\u00e4. Hinausautot K. Sulinko pit\u00e4\u00e4 letkaa kasassa pilottiauton saattelemana Lemp\u00e4\u00e4l\u00e4st\u00e4 l\u00e4htien ja se johdattaa letkaa koko loppumatkan H\u00e4rm\u00e4\u00e4n. Viimeinen pys\u00e4hdys on Jalasj\u00e4rvell\u00e4 Jalastuulessa, jossa letka ker\u00e4t\u00e4\u00e4n viel\u00e4 kerran kasaan ja kulkue l\u00e4htee vy\u00f6rym\u00e4\u00e4n H\u00e4rm\u00e4\u00e4n. Niin satamissa kuin pys\u00e4hdyspaikoilla yleis\u00f6 voi k\u00e4yd\u00e4 ihastelemassa tapahtumaan saapuvia rekkoja.<\/p>\n\n\n\n<div class=\"wp-block-image\"><figure class=\"aligncenter size-large is-resized\"><img loading=\"lazy\" decoding=\"async\" src=\"https:\/\/europorssi.com\/wp-content\/uploads\/2021\/08\/Coles.jpeg\" alt=\"\" class=\"wp-image-10199\" width=\"458\" height=\"640\" srcset=\"https:\/\/europorssi.com\/wp-content\/uploads\/2021\/08\/Coles.jpeg 458w, https:\/\/europorssi.com\/wp-content\/uploads\/2021\/08\/Coles-215x300.jpeg 215w, https:\/\/europorssi.com\/wp-content\/uploads\/2021\/08\/Coles-79x110.jpeg 79w\" sizes=\"auto, (max-width: 458px) 100vw, 458px\" \/><\/figure><\/div>\n\n\n\n<p><strong>Lis\u00e4tietoja aikatauluista<\/strong><\/p>\n\n\n\n<p><strong>Vuosaaren satamaan<\/strong> saapuu torstaiaamuna 12.8.2021 kello 9.00 auton\u00e4yttelyyn osallistuvia maalattuja ja rakennettuja kuorma-autoja. Vuosaaren satamaan saapuneet autot l\u00e4htev\u00e4t ajamaan kohti Lemp\u00e4\u00e4l\u00e4n Pirkanhovia noin kello 9.30.<\/p>\n\n\n\n<p>Ruotsista saapuvat n\u00e4yttelyautot l\u00e4htev\u00e4t <strong>Naantalin satamasta <\/strong>torstaiaamuna 12.8.2021 noin kello 9.00 ajamaan kohti Lemp\u00e4\u00e4l\u00e4n Pirkanhovia. Ruotsin laivalla tulee autoja Ruotsista, Norjasta ja Tanskasta.<\/p>\n\n\n\n<p>Kahdesta suunnasta tulevat rekkasaattueet kohtaavat toisensa <strong>Lemp\u00e4\u00e4l\u00e4n Pirkanhovissa (Teboil) noin kello 11.30<\/strong>. Pirkanhovissa pidet\u00e4\u00e4n pieni tauko, josta matka jatkuu noin kello 12.00 entist\u00e4 isompana saattueena kohti Jalasj\u00e4rve\u00e4.<\/p>\n\n\n\n<p>Rekkaconvoy ker\u00e4t\u00e4\u00e4n viel\u00e4 kerran kasaan <strong>Jalasj\u00e4rvell\u00e4 Neste Jalastuulessa noin kello 14.30-15.00<\/strong>, jossa autoilijat pit\u00e4v\u00e4t noin puolen tunnin ruokatauon. Sen j\u00e4lkeen upea rekkaconvoy valtaa maantien kohti H\u00e4rm\u00e4\u00e4 ja Power Truck Show\u2019ta.<\/p>\n\n\n\n<p>Kiho ja Sulinko yhteisty\u00f6ss\u00e4 pit\u00e4v\u00e4t reaaliaikaista seurantaa p\u00e4\u00e4ll\u00e4, josta p\u00e4\u00e4set seuraamaan kulkueen etenemist\u00e4 reaaliaikaisesti. Linkki tulee my\u00f6hemmin.<\/p>\n\n\n\n<p>Aikataulut ovat liukuvia ja niist\u00e4 tiedotetaan my\u00f6s Power Truck Show \u2013 Official Facebook-sivuilla.<\/p>\n\n\n\r\n\r\n\r\n<div class=\"row padding-vertical-small\">\r\n    <div class=\"col-xs-12 col-md-12 padding-vertical-small news-border-left background-color-grey\">\r\n\r\n                                    <h3>INFO<\/h3>\r\n\t\t\t\t   \r\n\t\t\t\t                    <p>PTS Messut Oy<br \/>\nVoltintie 162<br \/>\n62300 H\u00c4RM\u00c4<br \/>\n<a href=\"http:\/\/www.powertruckshow.fi\" rel=\"noopener\" target=\"_blank\">www.powertruckshow.fi<\/a><br \/>\n<a href=\"http:\/\/www.facebook.fi\/powertruckshow\" rel=\"noopener\" target=\"_blank\">www.facebook.fi\/powertruckshow<\/a><br \/>\n<a href=\"https:\/\/www.instagram.com\/powertruckshow_official\/\" rel=\"noopener\" target=\"_blank\">https:\/\/www.instagram.com\/powertruckshow_official\/<\/a><\/p>\n                  \r\n\t\t\t\t    <\/div><!--col-->              \r\n<\/div><!--row-->\r\n","protected":false},"excerpt":{"rendered":"<p>Ep\u00e4virallinen aloitus Power Truck Show tapahtumalle on torstaina 12.8.2021, kun rekkaconvoy saattueineen suuntaa keulat kohti H\u00e4rm\u00e4\u00e4. Mutta my\u00f6s muualla Suomessa torstaina tiet ovat t\u00e4ynn\u00e4 toinen toistaan upeammin rakennettuja ja maalattuja rekkoja, kun kuljetusalan ammattikuskit ymp\u00e4ri Suomen suuntaavat ty\u00f6v\u00e4lineidens\u00e4 kera kohti Etel\u00e4-Pohjanmaan lakeuksia. Maanteill\u00e4 riitt\u00e4\u00e4 katseltavaa joka suunnassa, mutta huomiota her\u00e4tt\u00e4vin tapahtuma on rekkaconvoy, jossa komeimmat [&hellip;]<\/p>\n","protected":false},"author":4,"featured_media":10196,"comment_status":"closed","ping_status":"open","sticky":false,"template":"","format":"standard","meta":{"_acf_changed":false,"footnotes":""},"categories":[1],"tags":[],"class_list":["post-10192","post","type-post","status-publish","format-standard","has-post-thumbnail","hentry","category-yleinen"],"acf":[],"aioseo_notices":[],"_links":{"self":[{"href":"https:\/\/europorssi.com\/fi\/wp-json\/wp\/v2\/posts\/10192","targetHints":{"allow":["GET"]}}],"collection":[{"href":"https:\/\/europorssi.com\/fi\/wp-json\/wp\/v2\/posts"}],"about":[{"href":"https:\/\/europorssi.com\/fi\/wp-json\/wp\/v2\/types\/post"}],"author":[{"embeddable":true,"href":"https:\/\/europorssi.com\/fi\/wp-json\/wp\/v2\/users\/4"}],"replies":[{"embeddable":true,"href":"https:\/\/europorssi.com\/fi\/wp-json\/wp\/v2\/comments?post=10192"}],"version-history":[{"count":0,"href":"https:\/\/europorssi.com\/fi\/wp-json\/wp\/v2\/posts\/10192\/revisions"}],"wp:featuredmedia":[{"embeddable":true,"href":"https:\/\/europorssi.com\/fi\/wp-json\/wp\/v2\/media\/10196"}],"wp:attachment":[{"href":"https:\/\/europorssi.com\/fi\/wp-json\/wp\/v2\/media?parent=10192"}],"wp:term":[{"taxonomy":"category","embeddable":true,"href":"https:\/\/europorssi.com\/fi\/wp-json\/wp\/v2\/categories?post=10192"},{"taxonomy":"post_tag","embeddable":true,"href":"https:\/\/europorssi.com\/fi\/wp-json\/wp\/v2\/tags?post=10192"}],"curies":[{"name":"wp","href":"https:\/\/api.w.org\/{rel}","templated":true}]}}