{"id":10211,"date":"2021-08-06T16:18:11","date_gmt":"2021-08-06T13:18:11","guid":{"rendered":"https:\/\/europorssi.com\/?p=10211"},"modified":"2021-08-06T16:18:34","modified_gmt":"2021-08-06T13:18:34","slug":"koulut-alkavat-kiire-pois-liikenteesta","status":"publish","type":"post","link":"https:\/\/europorssi.com\/fi\/koulut-alkavat-kiire-pois-liikenteesta\/","title":{"rendered":"Koulut alkavat \u2013 kiire pois liikenteest\u00e4"},"content":{"rendered":"\n<p>Suomen lapset aloittavat koulunsa p\u00e4\u00e4osin t\u00e4ll\u00e4 viikolla. T\u00e4n\u00e4 vuonna koulunsa aloittaa l\u00e4hes 60 000 ekaluokkalaista. Esimerkiksi Helsingiss\u00e4 koulut alkavat keskiviikkona 11.8.<\/p>\n\n\n\n<p>Kuljetusyritysten etuj\u00e4rjest\u00f6 SKAL haluaa omalta osaltaan turvata lasten koulutien. Etenkin kuorma-auton ohjaamosta voi olla vaikea havaita pieni\u00e4 jalankulkijoita, ja autoissa on edelleen niin sanottuja kuolleita kulmia. SKAL:n puheenjohtaja Jani Yl\u00e4lehto toivoo ammattikuljettajilta erityist\u00e4 tarkkaavaisuutta koulujen ja p\u00e4iv\u00e4kotien tuntumassa:<\/p>\n\n\n\n<p>\u2013 Meid\u00e4n liikenteen ammattilaisten tulee ottaa kiire pois ja tuntea vastuumme. Ammattilaiset tuntevat liikennes\u00e4\u00e4nn\u00f6t, mutta lapset eiv\u00e4t v\u00e4ltt\u00e4m\u00e4tt\u00e4 tied\u00e4 tai muista, miten liikenteess\u00e4 kuuluu toimia. J\u00e4nnitys, k\u00e4nnyk\u00e4t ja kaverit voivat vied\u00e4 pienten kulkijoiden huomion.<\/p>\n\n\n\n<p>\u2013 Meid\u00e4n pit\u00e4\u00e4 saattaa lapset turvallisesti koulutielle, olivat he sitten tien poskessa odottamassa tai suojatiet\u00e4 ylitt\u00e4m\u00e4ss\u00e4, Jani Yl\u00e4lehto muistuttaa.<\/p>\n\n\n\n<p>Yl\u00e4lehdon oma koulutie alkoi maaseudulla. Ensimm\u00e4inen koulup\u00e4iv\u00e4 ja koulubussin odottaminen on j\u00e4\u00e4nyt pysyv\u00e4sti mieleen.<\/p>\n\n\n\n<p>\u2013 J\u00e4nnitin tien varressa, olenko oikeassa paikassa ja nousemassa oikeaan autoon. Tulihan se oikea auto sielt\u00e4 ja kokenut kuljettaja loi luottavaisen olon. Siit\u00e4 se l\u00e4hti. Sittemmin olen saanut saattaa omia lapsia koulukyydille, ja viel\u00e4kin meill\u00e4 on koululaisia perheess\u00e4.<\/p>\n\n\n\n<p><strong>SKAL ja liikenneturvallisuus<\/strong><br>SKAL haluaa huolehtia liikenneturvallisuudesta paitsi koulujen alkaessa, my\u00f6s ymp\u00e4ri vuoden. SKAL:n j\u00e4senyhdistykset ja kuljetusyritt\u00e4j\u00e4j\u00e4senet j\u00e4rjest\u00e4v\u00e4t viranomaisten ja sisarj\u00e4rjest\u00f6jen kanssa yhteisty\u00f6ss\u00e4 liikenneturvallisuustapahtumia kouluissa ja p\u00e4iv\u00e4kodeissa. SKAL toivoo kodeilta ja kouluilta huomiota lasten liikennekasvatukselle. Esimerkiksi ns. rekkabongaus on kuljetusammattilaisille mukavaa silloin, kun rekkoja bongaavien lasten puolesta ei tarvitse tuntea huolta ja l\u00e4hiseudun asukkaat eiv\u00e4t h\u00e4iriinny.<\/p>\n\n\n\r\n\r\n\r\n<div class=\"row padding-vertical-small\">\r\n    <div class=\"col-xs-12 col-md-12 padding-vertical-small news-border-left background-color-grey\">\r\n\r\n                                    <h3>INFO<\/h3>\r\n\t\t\t\t   \r\n\t\t\t\t                    <p>SKAL<br \/>\nJani Yl\u00e4lehto, puheenjohtaja<br \/>\n0400 922 636<br \/>\nSKAL<br \/>\nHeini Polamo, viestint\u00e4p\u00e4\u00e4llikk\u00f6<br \/>\n040 506 0131<br \/>\n<a href=\"mailto:viestinta@skal.fi\" rel=\"noopener\" target=\"_blank\">viestinta@skal.fi<\/a><br \/>\n<a href=\"http:\/\/www.skal.fi\" rel=\"noopener\" target=\"_blank\">www.skal.fi<\/a>  <\/p>\n                  \r\n\t\t\t\t    <\/div><!--col-->              \r\n<\/div><!--row-->\r\n","protected":false},"excerpt":{"rendered":"<p>Suomen lapset aloittavat koulunsa p\u00e4\u00e4osin t\u00e4ll\u00e4 viikolla. T\u00e4n\u00e4 vuonna koulunsa aloittaa l\u00e4hes 60 000 ekaluokkalaista. Esimerkiksi Helsingiss\u00e4 koulut alkavat keskiviikkona 11.8. Kuljetusyritysten etuj\u00e4rjest\u00f6 SKAL haluaa omalta osaltaan turvata lasten koulutien. Etenkin kuorma-auton ohjaamosta voi olla vaikea havaita pieni\u00e4 jalankulkijoita, ja autoissa on edelleen niin sanottuja kuolleita kulmia. SKAL:n puheenjohtaja Jani Yl\u00e4lehto toivoo ammattikuljettajilta erityist\u00e4 tarkkaavaisuutta [&hellip;]<\/p>\n","protected":false},"author":4,"featured_media":0,"comment_status":"closed","ping_status":"open","sticky":false,"template":"","format":"standard","meta":{"_acf_changed":false,"footnotes":""},"categories":[1],"tags":[],"class_list":["post-10211","post","type-post","status-publish","format-standard","hentry","category-yleinen"],"acf":[],"aioseo_notices":[],"_links":{"self":[{"href":"https:\/\/europorssi.com\/fi\/wp-json\/wp\/v2\/posts\/10211","targetHints":{"allow":["GET"]}}],"collection":[{"href":"https:\/\/europorssi.com\/fi\/wp-json\/wp\/v2\/posts"}],"about":[{"href":"https:\/\/europorssi.com\/fi\/wp-json\/wp\/v2\/types\/post"}],"author":[{"embeddable":true,"href":"https:\/\/europorssi.com\/fi\/wp-json\/wp\/v2\/users\/4"}],"replies":[{"embeddable":true,"href":"https:\/\/europorssi.com\/fi\/wp-json\/wp\/v2\/comments?post=10211"}],"version-history":[{"count":0,"href":"https:\/\/europorssi.com\/fi\/wp-json\/wp\/v2\/posts\/10211\/revisions"}],"wp:attachment":[{"href":"https:\/\/europorssi.com\/fi\/wp-json\/wp\/v2\/media?parent=10211"}],"wp:term":[{"taxonomy":"category","embeddable":true,"href":"https:\/\/europorssi.com\/fi\/wp-json\/wp\/v2\/categories?post=10211"},{"taxonomy":"post_tag","embeddable":true,"href":"https:\/\/europorssi.com\/fi\/wp-json\/wp\/v2\/tags?post=10211"}],"curies":[{"name":"wp","href":"https:\/\/api.w.org\/{rel}","templated":true}]}}