{"id":10374,"date":"2021-08-16T14:33:20","date_gmt":"2021-08-16T11:33:20","guid":{"rendered":"https:\/\/europorssi.com\/?p=10374"},"modified":"2021-08-16T14:33:20","modified_gmt":"2021-08-16T11:33:20","slug":"power-truck-show-onnistui-odotusten-mukaisesti","status":"publish","type":"post","link":"https:\/\/europorssi.com\/fi\/power-truck-show-onnistui-odotusten-mukaisesti\/","title":{"rendered":"Power Truck Show onnistui odotusten mukaisesti"},"content":{"rendered":"\n<p>Power Truck Show saatiin kunnialla p\u00e4\u00e4t\u00f6kseen ja tapahtuma ker\u00e4si t\u00e4n\u00e4 vuonna reilu 20 000 k\u00e4vij\u00e4\u00e4. J\u00e4rjest\u00e4j\u00e4t ovat eritt\u00e4in tyytyv\u00e4isi\u00e4 viikonloppuun.<\/p>\n\n\n\n<p>Tapahtumassa oli mukana noin 150 kuljetusmessuosastoa ja auton\u00e4yttelyn n\u00e4ytteilleasettajia kokonaisuudessaan yli 400. Tapahtumassa riitti katseltavaa niin kuljetusalan ammattilaisille kuin muullekin messuyleis\u00f6lle. Power Truck Show\u2019n ep\u00e4virallinen startti rekkaconvoy ker\u00e4si tienvieret t\u00e4yteen yleis\u00f6\u00e4 ja rekkaspottaajia toivottamaan auton\u00e4yttelyyn osallistujat tervetulleeksi Alah\u00e4rm\u00e4\u00e4n.<\/p>\n\n\n\n<p>Auton\u00e4yttelyn haastajaluokan voitti helsinkil\u00e4inen kuljetusyritys Kuljetus Auvinen ja \u201dMovin\u2019On\u201d auto. Super Truck luokan voitti Kaustiselta kotoisin oleva Jarkko Myllym\u00e4ki. Koko auton\u00e4yttelyn parhaaksi eli Best in Show autoksi valittiin Kuljetus Auvinen. Vuoden tulokas on ylih\u00e4rm\u00e4l\u00e4inen Kuljetusliike Hannu Kleimola Oy. Pisimm\u00e4n matkan palkinnon saivat Englannista Suomeen tulleet B H Cecil ja Coles &amp; Sons, joilla oli kilometreiss\u00e4 niin pieni ero, ett\u00e4 p\u00e4\u00e4tettiin palkita kummatkin. El\u00e4m\u00e4nty\u00f6-palkinto my\u00f6nnettiin pitk\u00e4st\u00e4 ja ansiokkaasta urasta autotaidemaalauksien parissa toimineelle Simo Riikoselle. Huomiota her\u00e4tti my\u00f6s Power Truck Show\u2019ssa ensiesittelyns\u00e4 saanut Kuljetus Ristimaan tuhansia ty\u00f6tunteja vaatinut rakenteluprojekti \u201dIceman\u201d, joka on kunnianosoitus formulakuljettaja Kimi R\u00e4ikk\u00f6selle.<\/p>\n\n\n\n<figure class=\"wp-block-image size-large is-resized\"><img loading=\"lazy\" decoding=\"async\" src=\"https:\/\/europorssi.com\/wp-content\/uploads\/2021\/08\/Jarkko-Myllymaki-1024x576.jpg\" alt=\"Jarkko Myllym\u00e4ki\" class=\"wp-image-10387\" width=\"512\" height=\"288\" srcset=\"https:\/\/europorssi.com\/wp-content\/uploads\/2021\/08\/Jarkko-Myllymaki-1024x576.jpg 1024w, https:\/\/europorssi.com\/wp-content\/uploads\/2021\/08\/Jarkko-Myllymaki-300x169.jpg 300w, https:\/\/europorssi.com\/wp-content\/uploads\/2021\/08\/Jarkko-Myllymaki-768x432.jpg 768w, https:\/\/europorssi.com\/wp-content\/uploads\/2021\/08\/Jarkko-Myllymaki-560x315.jpg 560w, https:\/\/europorssi.com\/wp-content\/uploads\/2021\/08\/Jarkko-Myllymaki-196x110.jpg 196w, https:\/\/europorssi.com\/wp-content\/uploads\/2021\/08\/Jarkko-Myllymaki.jpg 1140w\" sizes=\"auto, (max-width: 512px) 100vw, 512px\" \/><figcaption>Jarkko Myllym\u00e4ki<\/figcaption><\/figure>\n\n\n\n<figure class=\"wp-block-image size-large is-resized\"><img loading=\"lazy\" decoding=\"async\" src=\"https:\/\/europorssi.com\/wp-content\/uploads\/2021\/08\/Kuljetusliike-Hannu-Kleimola-1024x576.jpg\" alt=\"Kuljetusliike Hannu Kleimolaa\" class=\"wp-image-10388\" width=\"512\" height=\"288\" srcset=\"https:\/\/europorssi.com\/wp-content\/uploads\/2021\/08\/Kuljetusliike-Hannu-Kleimola-1024x576.jpg 1024w, https:\/\/europorssi.com\/wp-content\/uploads\/2021\/08\/Kuljetusliike-Hannu-Kleimola-300x169.jpg 300w, https:\/\/europorssi.com\/wp-content\/uploads\/2021\/08\/Kuljetusliike-Hannu-Kleimola-768x432.jpg 768w, https:\/\/europorssi.com\/wp-content\/uploads\/2021\/08\/Kuljetusliike-Hannu-Kleimola-560x315.jpg 560w, https:\/\/europorssi.com\/wp-content\/uploads\/2021\/08\/Kuljetusliike-Hannu-Kleimola-196x110.jpg 196w, https:\/\/europorssi.com\/wp-content\/uploads\/2021\/08\/Kuljetusliike-Hannu-Kleimola.jpg 1140w\" sizes=\"auto, (max-width: 512px) 100vw, 512px\" \/><figcaption>Kuljetusliike Hannu Kleimola<\/figcaption><\/figure>\n\n\n\n<figure class=\"wp-block-image size-large is-resized\"><img loading=\"lazy\" decoding=\"async\" src=\"https:\/\/europorssi.com\/wp-content\/uploads\/2021\/08\/Kuljetus-Ristimaa-1024x768.jpg\" alt=\"Kuljetus Ristimaa\" class=\"wp-image-10389\" width=\"512\" height=\"384\" srcset=\"https:\/\/europorssi.com\/wp-content\/uploads\/2021\/08\/Kuljetus-Ristimaa-1024x768.jpg 1024w, https:\/\/europorssi.com\/wp-content\/uploads\/2021\/08\/Kuljetus-Ristimaa-300x225.jpg 300w, https:\/\/europorssi.com\/wp-content\/uploads\/2021\/08\/Kuljetus-Ristimaa-768x576.jpg 768w, https:\/\/europorssi.com\/wp-content\/uploads\/2021\/08\/Kuljetus-Ristimaa-560x420.jpg 560w, https:\/\/europorssi.com\/wp-content\/uploads\/2021\/08\/Kuljetus-Ristimaa-147x110.jpg 147w, https:\/\/europorssi.com\/wp-content\/uploads\/2021\/08\/Kuljetus-Ristimaa.jpg 1140w\" sizes=\"auto, (max-width: 512px) 100vw, 512px\" \/><figcaption>Kuljetus Ristimaa<\/figcaption><\/figure>\n\n\n\n<p>Power Truck Show\u2019ssa j\u00e4rjestettiin my\u00f6s tractor pullingin SM-osakilpailut. Kisa oli suosittu ja veti hyvin v\u00e4ke\u00e4. Tractor pullingin tulokset l\u00f6ytyv\u00e4t tractorpulling.fi sivuilta: <a href=\"http:\/\/www.tractorpulling.fi\/?sivu=kilpailukalenteri&amp;action=results&amp;kilpailuid=142\" target=\"_blank\" rel=\"noreferrer noopener\" title=\"http:\/\/www.tractorpulling.fi\/?sivu=kilpailukalenteri&amp;action=results&amp;kilpailuid=142\">http:\/\/www.tractorpulling.fi\/?sivu=kilpailukalenteri&amp;action=results&amp;kilpailuid=142<\/a><\/p>\n\n\n\r\n\r\n\r\n<div class=\"row padding-vertical-small\">\r\n    <div class=\"col-xs-12 col-md-12 padding-vertical-small news-border-left background-color-grey\">\r\n\r\n                   \r\n\t\t\t\t                    <p>Ensi vuonna Power Truck Show\u2019ta vietet\u00e4\u00e4n 12.-13.8.2022 Alah\u00e4rm\u00e4ss\u00e4, Powerparkissa.<\/p>\n                  \r\n\t\t\t\t    <\/div><!--col-->              \r\n<\/div><!--row-->\r\n","protected":false},"excerpt":{"rendered":"<p>Power Truck Show saatiin kunnialla p\u00e4\u00e4t\u00f6kseen ja tapahtuma ker\u00e4si t\u00e4n\u00e4 vuonna reilu 20 000 k\u00e4vij\u00e4\u00e4. J\u00e4rjest\u00e4j\u00e4t ovat eritt\u00e4in tyytyv\u00e4isi\u00e4 viikonloppuun. Tapahtumassa oli mukana noin 150 kuljetusmessuosastoa ja auton\u00e4yttelyn n\u00e4ytteilleasettajia kokonaisuudessaan yli 400. Tapahtumassa riitti katseltavaa niin kuljetusalan ammattilaisille kuin muullekin messuyleis\u00f6lle. Power Truck Show\u2019n ep\u00e4virallinen startti rekkaconvoy ker\u00e4si tienvieret t\u00e4yteen yleis\u00f6\u00e4 ja rekkaspottaajia toivottamaan auton\u00e4yttelyyn [&hellip;]<\/p>\n","protected":false},"author":4,"featured_media":10384,"comment_status":"closed","ping_status":"open","sticky":false,"template":"","format":"standard","meta":{"_acf_changed":false,"footnotes":""},"categories":[1],"tags":[],"class_list":["post-10374","post","type-post","status-publish","format-standard","has-post-thumbnail","hentry","category-yleinen"],"acf":[],"aioseo_notices":[],"_links":{"self":[{"href":"https:\/\/europorssi.com\/fi\/wp-json\/wp\/v2\/posts\/10374","targetHints":{"allow":["GET"]}}],"collection":[{"href":"https:\/\/europorssi.com\/fi\/wp-json\/wp\/v2\/posts"}],"about":[{"href":"https:\/\/europorssi.com\/fi\/wp-json\/wp\/v2\/types\/post"}],"author":[{"embeddable":true,"href":"https:\/\/europorssi.com\/fi\/wp-json\/wp\/v2\/users\/4"}],"replies":[{"embeddable":true,"href":"https:\/\/europorssi.com\/fi\/wp-json\/wp\/v2\/comments?post=10374"}],"version-history":[{"count":0,"href":"https:\/\/europorssi.com\/fi\/wp-json\/wp\/v2\/posts\/10374\/revisions"}],"wp:featuredmedia":[{"embeddable":true,"href":"https:\/\/europorssi.com\/fi\/wp-json\/wp\/v2\/media\/10384"}],"wp:attachment":[{"href":"https:\/\/europorssi.com\/fi\/wp-json\/wp\/v2\/media?parent=10374"}],"wp:term":[{"taxonomy":"category","embeddable":true,"href":"https:\/\/europorssi.com\/fi\/wp-json\/wp\/v2\/categories?post=10374"},{"taxonomy":"post_tag","embeddable":true,"href":"https:\/\/europorssi.com\/fi\/wp-json\/wp\/v2\/tags?post=10374"}],"curies":[{"name":"wp","href":"https:\/\/api.w.org\/{rel}","templated":true}]}}