{"id":10427,"date":"2021-09-01T14:00:10","date_gmt":"2021-09-01T11:00:10","guid":{"rendered":"https:\/\/europorssi.com\/?p=10427"},"modified":"2021-09-10T10:57:52","modified_gmt":"2021-09-10T07:57:52","slug":"mikko-jaaskelainen-konevel-oyn-toimitusjohtajaksi-yhtio-uudistaa-alan-toimintatapoja-askel-kerrallaan","status":"publish","type":"post","link":"https:\/\/europorssi.com\/fi\/mikko-jaaskelainen-konevel-oyn-toimitusjohtajaksi-yhtio-uudistaa-alan-toimintatapoja-askel-kerrallaan\/","title":{"rendered":"Mikko J\u00e4\u00e4skel\u00e4inen Konevel Oy:n toimitusjohtajaksi \u2013 yhti\u00f6 uudistaa alan toimintatapoja askel kerrallaan"},"content":{"rendered":"\n<p><strong><em>Infrahuoltoon liittyvi\u00e4 koneita ja laitteita maahantuova Konevel hakee vahvaa kasvua. Voimakkaasti alan toimintatapoja uudistava yhti\u00f6 laajentaa toimintaansa Etel\u00e4-Suomessa ja panostaa maahantuonnin rinnalla vuokrausliiketoimintaan ja omaan tuotekehitykseen. Uutena toimitusjohtajana 1.8. aloittanut Mikko J\u00e4\u00e4skel\u00e4inen tuo yhti\u00f6\u00f6n vankkaa n\u00e4kemyst\u00e4 liiketoiminnan strategisesta kehitt\u00e4misest\u00e4.<\/em><\/strong><\/p>\n\n\n\n<p>Infrahuollon koneita ja laitteita tarjoava Konevel Oy on kasvanut kymmeness\u00e4 vuodessa vaikuttajaksi, joka pyrkii p\u00e4\u00e4m\u00e4\u00e4r\u00e4tietoisella otteella uudistamaan alansa toimintatapoja. Iisalmelaisl\u00e4ht\u00f6inen yritys laajensi hiljattain toimintaansa Etel\u00e4-Suomessa avaamalla uuden toimipisteen Tuusulaan. Elokuun alussa uutena toimitusjohtajana aloitti it-alan johtoteht\u00e4viss\u00e4 pitk\u00e4\u00e4n toiminut Mikko J\u00e4\u00e4skel\u00e4inen, joka tuo yhti\u00f6\u00f6n niin jykev\u00e4\u00e4 strategista n\u00e4kemyst\u00e4 kuin alan ulkopuolista tuoretta n\u00e4k\u00f6kulmaakin.<\/p>\n\n\n\n<p>Ohjelmistot kauhoihin vaihtanut J\u00e4\u00e4skel\u00e4inen on yksi Attido Oy:n kolmesta perustajaj\u00e4senest\u00e4. Vuonna 2001 perustettu ohjelmistoyhti\u00f6 kasvoi omistajiensa k\u00e4siss\u00e4 yli sata henkil\u00f6\u00e4 ty\u00f6llist\u00e4v\u00e4ksi yritykseksi, ja J\u00e4\u00e4skel\u00e4inen vaikuttaa yh\u00e4 Attidosta vuonna 2019 omaksi yhti\u00f6kseen irrotetun Aico Groupin hallituksessa. It-uran varrelta tuttuja ovat niin toimitusjohtajan, operatiivisen johtajan kuin konsultinkin roolit.<\/p>\n\n\n\n<p>\u2013 Hakuprosessin loppusuoralle ylt\u00e4neist\u00e4 johtajakandidaateista Mikosta tuli vahva tunne: t\u00e4ss\u00e4 on henkil\u00f6, jonka kanssa tulemme hyvin toimeen, mutta joka pystyy my\u00f6s haastamaan meit\u00e4, Konevelin omistaja ja hallituksen puheenjohtaja Kimmo K\u00e4rki luonnehtii valintaa.<\/p>\n\n\n\n<p><strong>Tavoitteena poikkeuksellinen asiakaskokemus<\/strong><br>J\u00e4\u00e4skel\u00e4inen l\u00e4htee puunaamaan Konevelin prosesseja entist\u00e4kin kirkkaammiksi.<\/p>\n\n\n\n<p>\u2013 Aikaisemmassa ty\u00f6maailmassani kaikki toiminta oli hyvin automatisoitua ja j\u00e4rjestelm\u00e4orientoitua. Valjastimme my\u00f6s datan liiketoiminnan tehokkaaksi tueksi. Saaduista opeista voi taatusti ammentaa paljon t\u00e4nne perinteisemm\u00e4llekin alalle, J\u00e4\u00e4skel\u00e4inen sanoo.<\/p>\n\n\n\n<p>Samalla h\u00e4n korostaa asiakaskokemuksen merkityst\u00e4 erottumistekij\u00e4n\u00e4.<\/p>\n\n\n\n<p>\u2013 Haluamme erottautua palvelulla ja rakentaa systemaattisesti mahdollisimman hyv\u00e4\u00e4 asiakaskokemusta. Jos vaikkapa asiakkaallamme hajoaa kone M\u00e4nts\u00e4l\u00e4ss\u00e4, meilt\u00e4 l\u00e4htee kaveri paikan p\u00e4\u00e4lle korjaamaan sen. Ja jos korjaus kest\u00e4\u00e4 pidemp\u00e4\u00e4n, takaamme asiakkaan t\u00f6iden jatkumisen tarjoamalla tilalle v\u00e4liaikaisen laitteen, J\u00e4\u00e4skel\u00e4inen luonnehtii.<\/p>\n\n\n\n<p>\u2013 Kattoteema kaikelle tulevalle tekemiselle voisi olla uudistaminen: se, miten t\u00e4ss\u00e4 bisneksess\u00e4 voidaan toimia viel\u00e4 tehokkaammin ja modernimmin.<\/p>\n\n\n\n<p><strong>Kasvua vuokraustoiminnasta ja omasta tuotekehityksest\u00e4<\/strong><br>Tuusulaan hiljattain uuden toimipisteen avannut yhti\u00f6 tavoittelee entist\u00e4 vahvempaa jalansijaa etel\u00e4isest\u00e4 Suomesta. Uudellemaalle tullaan keskitt\u00e4m\u00e4\u00e4n muun muassa vuokrakoneliiketoimintaa ja varaosapalveluita.<\/p>\n\n\n\n<p>\u2013 Alueella on runsaasti kausiluontoisia toimijoita, joille tarvel\u00e4ht\u00f6inen kaluston vuokraaminen on j\u00e4rkevin ratkaisu. Ja vanha totuushan on, ett\u00e4 kannattaa menn\u00e4 sinne miss\u00e4 on kilpailua, J\u00e4\u00e4skel\u00e4inen naurahtaa.<\/p>\n\n\n\n<p>Konevel Oy:n asiakaskunta koostuu muun muassa maarakentamisen, kiinteist\u00f6huollon, viherrakentamisen ja viem\u00e4r\u00f6intialan toimijoista. Oma asiakasryhm\u00e4ns\u00e4 ovat my\u00f6s kunnat ja kaupungit. Yksinoikeudella useita tuotemerkkej\u00e4 kuten Rotar, Rom BV, Tokvam, D and A ja Seppi M edustava yhti\u00f6 pyrkii kaikessa toiminnassaan laadun varmistamiseen. Yritys on ottanut askelia my\u00f6s oman tuotekehityksen suuntaan.<\/p>\n\n\n\n<p>\u2013 T\u00e4ht\u00e4\u00e4mme kaikessa toiminnassamme siihen, ett\u00e4 asiakkaamme pystyv\u00e4t ty\u00f6skentelem\u00e4\u00e4n entist\u00e4kin tehokkaammin ja tekem\u00e4\u00e4n siten parempaa tulosta, Kimmo K\u00e4rki sanoo.<\/p>\n\n\n\r\n\r\n\r\n<div class=\"row padding-vertical-small\">\r\n    <div class=\"col-xs-12 col-md-12 padding-vertical-small news-border-left background-color-grey\">\r\n\r\n                                    <h3>Lis\u00e4tiedot<\/h3>\r\n\t\t\t\t   \r\n\t\t\t\t                    <p>Toimitusjohtaja Mikko J\u00e4\u00e4skel\u00e4inen, puh. +358 40 843 3292, <a href=\"mailto:mikko.jaaskelainen@konevel.fi\" rel=\"noopener\" target=\"_blank\">mikko.jaaskelainen@konevel.fi<\/a><br \/>\nHallituksen puheenjohtaja Kimmo K\u00e4rki, puh. +358 50 490 0085, <a href=\"mailto:kimmo@konevel.fi\" rel=\"noopener\" target=\"_blank\">kimmo@konevel.fi<\/a><\/p>\n<p><a href=\"https:\/\/view.taiqa.com\/europorssi\/09-2021?fbclid=IwAR0X9mSq0hl1Ul0r7ujPg-6kfDTQMIkXuJ3NLg0ZXIqJIzbPPqNR2zNsokc#\/page=78\" rel=\"noopener\" target=\"_blank\">Lue artikkeli Europ\u00f6rssi-lehdest\u00e4<\/a><\/p>\n                  \r\n\t\t\t\t    <\/div><!--col-->              \r\n<\/div><!--row-->\r\n","protected":false},"excerpt":{"rendered":"<p>Infrahuoltoon liittyvi\u00e4 koneita ja laitteita maahantuova Konevel hakee vahvaa kasvua. Voimakkaasti alan toimintatapoja uudistava yhti\u00f6 laajentaa toimintaansa Etel\u00e4-Suomessa ja panostaa maahantuonnin rinnalla vuokrausliiketoimintaan ja omaan tuotekehitykseen. Uutena toimitusjohtajana 1.8. aloittanut Mikko J\u00e4\u00e4skel\u00e4inen tuo yhti\u00f6\u00f6n vankkaa n\u00e4kemyst\u00e4 liiketoiminnan strategisesta kehitt\u00e4misest\u00e4. Infrahuollon koneita ja laitteita tarjoava Konevel Oy on kasvanut kymmeness\u00e4 vuodessa vaikuttajaksi, joka pyrkii p\u00e4\u00e4m\u00e4\u00e4r\u00e4tietoisella otteella [&hellip;]<\/p>\n","protected":false},"author":4,"featured_media":10433,"comment_status":"closed","ping_status":"open","sticky":false,"template":"","format":"standard","meta":{"_acf_changed":false,"footnotes":""},"categories":[1],"tags":[],"class_list":["post-10427","post","type-post","status-publish","format-standard","has-post-thumbnail","hentry","category-yleinen"],"acf":[],"aioseo_notices":[],"_links":{"self":[{"href":"https:\/\/europorssi.com\/fi\/wp-json\/wp\/v2\/posts\/10427","targetHints":{"allow":["GET"]}}],"collection":[{"href":"https:\/\/europorssi.com\/fi\/wp-json\/wp\/v2\/posts"}],"about":[{"href":"https:\/\/europorssi.com\/fi\/wp-json\/wp\/v2\/types\/post"}],"author":[{"embeddable":true,"href":"https:\/\/europorssi.com\/fi\/wp-json\/wp\/v2\/users\/4"}],"replies":[{"embeddable":true,"href":"https:\/\/europorssi.com\/fi\/wp-json\/wp\/v2\/comments?post=10427"}],"version-history":[{"count":0,"href":"https:\/\/europorssi.com\/fi\/wp-json\/wp\/v2\/posts\/10427\/revisions"}],"wp:featuredmedia":[{"embeddable":true,"href":"https:\/\/europorssi.com\/fi\/wp-json\/wp\/v2\/media\/10433"}],"wp:attachment":[{"href":"https:\/\/europorssi.com\/fi\/wp-json\/wp\/v2\/media?parent=10427"}],"wp:term":[{"taxonomy":"category","embeddable":true,"href":"https:\/\/europorssi.com\/fi\/wp-json\/wp\/v2\/categories?post=10427"},{"taxonomy":"post_tag","embeddable":true,"href":"https:\/\/europorssi.com\/fi\/wp-json\/wp\/v2\/tags?post=10427"}],"curies":[{"name":"wp","href":"https:\/\/api.w.org\/{rel}","templated":true}]}}