{"id":11224,"date":"2021-11-04T09:28:20","date_gmt":"2021-11-04T07:28:20","guid":{"rendered":"https:\/\/europorssi.com\/?p=11224"},"modified":"2021-11-05T10:12:49","modified_gmt":"2021-11-05T08:12:49","slug":"kaikkihan-sen-tietaa-etta-baana-maistuu-parhaalta-huollettuna-pestyna-ja-kun-alla-on-uudet-kumit","status":"publish","type":"post","link":"https:\/\/europorssi.com\/fi\/kaikkihan-sen-tietaa-etta-baana-maistuu-parhaalta-huollettuna-pestyna-ja-kun-alla-on-uudet-kumit\/","title":{"rendered":"Kaikkihan sen tiet\u00e4\u00e4, ett\u00e4 baana maistuu parhaalta huollettuna, pestyn\u00e4 ja kun alla on uudet kumit!"},"content":{"rendered":"\n<p><strong>Rekka-Rastin avajaiset sai raskaankaluston v\u00e4en liikkeelle H\u00e4meenlinnassa.<\/strong><\/p>\n\n\n\n<p>Edes piiskaava sade ja navakka tuuli eiv\u00e4t saaneet raskaankaluston palveluita tarjoavan H\u00e4meenlinnan Rekka-Rasti-konseptin avajaistunnelmaa vaisuksi, kun perjantaina 15.10.2021 H\u00e4meenlinnan Moreenin teollisuusalueella vietettiin uuden Rekka-Rastin avajaisia.&nbsp;<\/p>\n\n\n\n<p>Avajaistapahtuma sai nimitt\u00e4in runsain m\u00e4\u00e4rin raskaankaluston ammattilaisia liikkeelle ja tutustumaan sek\u00e4 uuteen alueelle saapuneeseen konseptiin ett\u00e4 palveluntarjoajiin. Paikalle saapuneet asiakkaat ja tapahtumassa mukana olleet tavarantoimittajat olivat hyvin tyytyv\u00e4isi\u00e4 p\u00e4iv\u00e4n antiin. Asiakkaat kiitteliv\u00e4t moneen kertaan tapahtuman onnistuneita j\u00e4rjestelyj\u00e4 sek\u00e4 sit\u00e4, ett\u00e4 nyt on kuultu heid\u00e4n kaino toiveensa saada monipuolisia palveluita kattavasti yhdest\u00e4 paikasta.<\/p>\n\n\n\n<p>Rekka-Rasti H\u00e4meenlinna tarjoaa kolmen eri raskaankaluston palvelun tarjoajan ammattilaispalvelut yhdest\u00e4 paikasta, Terminaalitie 11:sta. Uusi vastavalmistunut kiinteist\u00f6 on varta vasten toteutettu niin, ett\u00e4 tilat mahdollistavat sek\u00e4 korkeat ett\u00e4 pitk\u00e4t raskaankaluston ajoneuvojen varaosien myynnin, autojen korjaamisen, huoltamisen, pesett\u00e4misen sek\u00e4 renkaiden vaihdon.<\/p>\n\n\n\n<p>\u2013 Vastaamme t\u00e4ll\u00e4 avauksella raskaan kaluston koon kasvamisen kautta tulleeseen haasteeseen. Meill\u00e4 on riitt\u00e4v\u00e4n suuret nosturit ja hallit aiempaa suuremman kaluston huoltoon ja korjaukseen. Raskassarja-ketjun j\u00e4senen\u00e4 meill\u00e4 on juuri oikeat olosuhteet toimia Kanta-H\u00e4meen, P\u00e4ij\u00e4t-H\u00e4meen ja Uudenmaan l\u00e4\u00e4nin alueella laadukkaana monimerkkikorjaamona ja toimittaa varaosia kaikenlaisiin raskaankaluston ajoneuvoihin sek\u00e4 ty\u00f6koneisiin. Originator Oy:n oma logistiikkakeskus toimii Lahdessa ja sielt\u00e4 tarvittavat osat kulkevat t\u00e4nne H\u00e4meenlinnaan nopeasti ja vaivattomasti. Hyvink\u00e4\u00e4n toimipisteemme on my\u00f6s t\u00e4ss\u00e4 l\u00e4hell\u00e4, jolloin mik\u00e4li tarvittavaa osaa ei l\u00f6ydy H\u00e4meenlinnan toimipisteest\u00e4mme, saamme sen nopeasti muista toimipisteist\u00e4mme tai logistiikkakeskuksestamme t\u00e4nne ja n\u00e4in asiakasty\u00f6n valmistuminen tehd\u00e4\u00e4n alusta l\u00e4htien ammattitaitoisesti, nopeasti ja ty\u00f6n laadusta tinkim\u00e4tt\u00e4. Originator Oy konsernin motto: \u201dEtumatkalla yhdess\u00e4 asiakkaidemme kanssa\u201d pit\u00e4\u00e4 kutinsa edelleen yli 45-vuoden j\u00e4lkeenkin, sanoo Originator Oy:n toimitusjohtaja Oskari Hentil\u00e4.&nbsp;<\/p>\n\n\n\n<p>\u2013 Avajaisissa sijaintiamme E12 ja kt 10:n solmukohdassa hehkutettiin raskaankaluston ammattilaisten taholta useammastakin suunnasta, sill\u00e4 t\u00e4nne on helppo tulla ja isommallakin autolla p\u00e4\u00e4see estoitta k\u00e4\u00e4nt\u00e4m\u00e4\u00e4n suurella asfaltoidulla pihallamme. Asiakkaat olivat my\u00f6s mieliss\u00e4\u00e4n siit\u00e4, ett\u00e4 uskalsimme panostaa uuteen palvelukonseptiin ja l\u00e4hte\u00e4 t\u00e4h\u00e4n projektiin, jolla kasvatamme asiakkaille tulevaa suoraa hy\u00f6ty\u00e4 3:n eri toimijan kokonaisvaltaisella palvelupaketilla yhden pys\u00e4hdyksen toimipaikalla.<\/p>\n\n\n\n<p>\u2013 H\u00e4meenlinnan talousalue on meille hyvin t\u00e4rke\u00e4 paikka tarjota palveluitamme, joita meilt\u00e4 on jo pidemm\u00e4n aikaa kyselty. Hyv\u00e4 n\u00e4kyvyytemme ja helppo saavutettavuutemme Moreenin teollisuusalueella, tuovat meid\u00e4t asiakkaidemme l\u00e4helle. Avajaistapahtumap\u00e4iv\u00e4n aikana asiakkaita k\u00e4vi todella paljon ja kauppaa tehtiin ihan tosissaan sek\u00e4 solmittiin uusia asiakaskontakteja, joiden kanssa aloitamme ty\u00f6t heti avajaishumun j\u00e4lkeen, Oskari Hentil\u00e4 kertoo. Samoilla linjoilla ovat sek\u00e4 Teemu Karhula ett\u00e4 Teija Vekka-Pirhonen, jotka vahvistavat saman asian olleen esill\u00e4 my\u00f6s heid\u00e4n omissa yhti\u00f6iss\u00e4\u00e4n avajaisten aikana. T\u00e4m\u00e4 on ollut eritt\u00e4in hyv\u00e4 p\u00e4iv\u00e4 tehd\u00e4 kauppaa ja solmia uusia kontakteja, Oskari, Teija ja Teemu tiivist\u00e4v\u00e4t.<\/p>\n\n\n\n<p>\u2013 Pesupalveluita tarjoavan TeKar Oy:n korkeapaine- ja harjapesulinjastossa asiakkaat voivat pesett\u00e4\u00e4 kaikki nykyaikaiset tiell\u00e4 liikkuvat ajoneuvonsa drive in -periaatteella. Itsepalveluna toimiva pesulinjastomme palvelee asiakkaitamme 24\/7. Ajoneuvon omistaja tai kuljettaja voi pesett\u00e4\u00e4 raskaan kalustonsa juuri silloin kuin itselle parhaiten sopii ja t\u00e4m\u00e4 tuo kaivattua joustavuutta tarjoamaamme palvelukonseptiin. Raskaan kaluston ohella pesulinjastomme l\u00e4pi kulkee vaivattomasti niin ty\u00f6koneita, matkailuajoneuvoja, ajoneuvoyhdistelmi\u00e4 kuin veneit\u00e4kin, sanoo toimitusjohtaja Teemu Karhula TeKar Oy:st\u00e4.<\/p>\n\n\n\n<p>\u2013 Raskaan kaluston rengasasioille on logistiikkaan keskittyneell\u00e4 Moreenin teollisuusalueella ollut juuri meid\u00e4n kokoisemme tilaus. Siirr\u00e4mme raskaan liikenteen rengaspalvelua Moreeniin, kaikki muu toiminta pysyy Kaurialassa. Tulimme tiemme p\u00e4\u00e4h\u00e4n aiempien tilojen suhteen ja ajoneuvoyhdistelmien kokojen kasvaessa on luonnollista, ett\u00e4 tuotamme palveluita paikassa, johon on hyv\u00e4 tulla n\u00e4ill\u00e4 ajoneuvoilla. Osa raskaan liikenteen asiakkaistamme on odottanut palvelupisteemme avautumista Moreenin alueelle ja osa haluaa asioida edelleen Kaurialassa. Aika n\u00e4ytt\u00e4\u00e4, miten toiminta asettuu, kun palveluamme saa molemmista paikoista. Olen sit\u00e4 mielt\u00e4, ett\u00e4 asiakkaat ovat t\u00e4st\u00e4 uudesta konseptistamme pelk\u00e4st\u00e4\u00e4n tyytyv\u00e4isi\u00e4, Teija Vekka-Pirhonen Rengas-Vekka Oy:st\u00e4 kertoo. <\/p>\n\n\n\r\n\r\n\r\n<div class=\"row padding-vertical-small\">\r\n    <div class=\"col-xs-12 col-md-12 padding-vertical-small news-border-left background-color-grey\">\r\n\r\n                   \r\n\t\t\t\t                    <p><a href=\"http:\/\/www.originator.fi\" rel=\"noopener\" target=\"_blank\">www.originator.fi<\/a><br \/>\n<a href=\"http:\/\/www.rengasvekka.fi\" rel=\"noopener\" target=\"_blank\">www.rengasvekka.fi<\/a><br \/>\n<a href=\"http:\/\/www.tekar.fi\" rel=\"noopener\" target=\"_blank\">www.tekar.fi<\/a><br \/>\n<\/a><br \/>\n<a href=\"https:\/\/view.taiqa.com\/europorssi\/europorssi-11-2021#\/page=102\" rel=\"noopener\" target=\"_blank\">Lue artikkeli Europ\u00f6rssi-lehdest\u00e4<\/a><\/p>\n                  \r\n\t\t\t\t    <\/div><!--col-->              \r\n<\/div><!--row-->\r\n\n\n\n<div class=\"wp-block-image\"><figure class=\"aligncenter size-large is-resized\"><img loading=\"lazy\" decoding=\"async\" src=\"https:\/\/europorssi.com\/wp-content\/uploads\/2021\/11\/3844_-1-1024x662.jpg\" alt=\"\" class=\"wp-image-11228\" width=\"768\" height=\"497\" srcset=\"https:\/\/europorssi.com\/wp-content\/uploads\/2021\/11\/3844_-1-1024x662.jpg 1024w, https:\/\/europorssi.com\/wp-content\/uploads\/2021\/11\/3844_-1-300x194.jpg 300w, https:\/\/europorssi.com\/wp-content\/uploads\/2021\/11\/3844_-1-768x497.jpg 768w, https:\/\/europorssi.com\/wp-content\/uploads\/2021\/11\/3844_-1-560x362.jpg 560w, https:\/\/europorssi.com\/wp-content\/uploads\/2021\/11\/3844_-1-170x110.jpg 170w, https:\/\/europorssi.com\/wp-content\/uploads\/2021\/11\/3844_-1.jpg 1140w\" sizes=\"auto, (max-width: 768px) 100vw, 768px\" \/><figcaption><em>H\u00e4meenlinnan Rekka-Rastin yritt\u00e4j\u00e4t vas. Rengas-Vekka Oy Teija Vekka-Pirhonen,&nbsp;TeKar Oy Teemu Karhula, Originator Oy Kai Saarikoski ja Originator Oy Oskari Hentil\u00e4.<\/em><\/figcaption><\/figure><\/div>\n","protected":false},"excerpt":{"rendered":"<p>Rekka-Rastin avajaiset sai raskaankaluston v\u00e4en liikkeelle H\u00e4meenlinnassa. Edes piiskaava sade ja navakka tuuli eiv\u00e4t saaneet raskaankaluston palveluita tarjoavan H\u00e4meenlinnan Rekka-Rasti-konseptin avajaistunnelmaa vaisuksi, kun perjantaina 15.10.2021 H\u00e4meenlinnan Moreenin teollisuusalueella vietettiin uuden Rekka-Rastin avajaisia.&nbsp; Avajaistapahtuma sai nimitt\u00e4in runsain m\u00e4\u00e4rin raskaankaluston ammattilaisia liikkeelle ja tutustumaan sek\u00e4 uuteen alueelle saapuneeseen konseptiin ett\u00e4 palveluntarjoajiin. Paikalle saapuneet asiakkaat ja tapahtumassa mukana [&hellip;]<\/p>\n","protected":false},"author":4,"featured_media":11225,"comment_status":"closed","ping_status":"open","sticky":false,"template":"","format":"standard","meta":{"_acf_changed":false,"footnotes":""},"categories":[1],"tags":[],"class_list":["post-11224","post","type-post","status-publish","format-standard","has-post-thumbnail","hentry","category-yleinen"],"acf":[],"aioseo_notices":[],"_links":{"self":[{"href":"https:\/\/europorssi.com\/fi\/wp-json\/wp\/v2\/posts\/11224","targetHints":{"allow":["GET"]}}],"collection":[{"href":"https:\/\/europorssi.com\/fi\/wp-json\/wp\/v2\/posts"}],"about":[{"href":"https:\/\/europorssi.com\/fi\/wp-json\/wp\/v2\/types\/post"}],"author":[{"embeddable":true,"href":"https:\/\/europorssi.com\/fi\/wp-json\/wp\/v2\/users\/4"}],"replies":[{"embeddable":true,"href":"https:\/\/europorssi.com\/fi\/wp-json\/wp\/v2\/comments?post=11224"}],"version-history":[{"count":0,"href":"https:\/\/europorssi.com\/fi\/wp-json\/wp\/v2\/posts\/11224\/revisions"}],"wp:featuredmedia":[{"embeddable":true,"href":"https:\/\/europorssi.com\/fi\/wp-json\/wp\/v2\/media\/11225"}],"wp:attachment":[{"href":"https:\/\/europorssi.com\/fi\/wp-json\/wp\/v2\/media?parent=11224"}],"wp:term":[{"taxonomy":"category","embeddable":true,"href":"https:\/\/europorssi.com\/fi\/wp-json\/wp\/v2\/categories?post=11224"},{"taxonomy":"post_tag","embeddable":true,"href":"https:\/\/europorssi.com\/fi\/wp-json\/wp\/v2\/tags?post=11224"}],"curies":[{"name":"wp","href":"https:\/\/api.w.org\/{rel}","templated":true}]}}