{"id":11378,"date":"2021-12-02T08:14:33","date_gmt":"2021-12-02T06:14:33","guid":{"rendered":"https:\/\/europorssi.com\/?p=11378"},"modified":"2021-12-07T14:10:53","modified_gmt":"2021-12-07T12:10:53","slug":"sami-ahonen-on-ce-rental-oyn-uusi-rental-manager","status":"publish","type":"post","link":"https:\/\/europorssi.com\/fi\/sami-ahonen-on-ce-rental-oyn-uusi-rental-manager\/","title":{"rendered":"Sami Ahonen on CE Rental Oy:n uusi Rental Manager"},"content":{"rendered":"\n<p><strong>Konevuokraus on tullut j\u00e4\u00e4d\u00e4kseen osaksi suomalaista maarakennuskonebisnest\u00e4. CE Rental, yksi pitk\u00e4\u00e4n t\u00e4ll\u00e4 sektorilla toimivista yrityksist\u00e4, on palkannut Sami Ahosen Rental Manageriksi.<\/strong><\/p>\n\n\n\n<p>Ahonen liittyi osaksi CE Rentalin tiimi\u00e4 4.10.2021. T\u00e4t\u00e4 ennen mies teki pitk\u00e4n, 16 vuotta kest\u00e4neen, p\u00e4iv\u00e4ty\u00f6n Pekkaniska Oy:ss\u00e4 myyntip\u00e4\u00e4llikk\u00f6n\u00e4. Ennen CE Rentalille siirtymist\u00e4 h\u00e4n ehti toimia my\u00f6s seitsem\u00e4n kuukautta Nostolava-auto Jalo &amp; Jalo Oy:ll\u00e4 L\u00e4nsi-Suomen aluep\u00e4\u00e4llikk\u00f6n\u00e4. \u2013 CE Rentalin ty\u00f6paikkailmoitus her\u00e4tti mielenkiintoni. Tarjotussa toimessa oli paljon niit\u00e4 asioita, joista minulla on pitk\u00e4 kokemus ja voisin n\u00e4ytt\u00e4\u00e4 kynteni. Mutta erityisesti teht\u00e4v\u00e4n monipuolisuus sai minut innostumaan ajatuksesta, ja kun kutsu teht\u00e4v\u00e4\u00e4n haastattelun perusteella tuli, en ep\u00e4r\u00f6inyt hetke\u00e4k\u00e4\u00e4n ottaa Rental Managerin ty\u00f6sarkaa hoidettavakseni, kertoo 46-vuotias Ahonen.<\/p>\n\n\n\n<p>\u2013 Suomi on tullut tutuksi aiemmissa teht\u00e4viss\u00e4ni ja pystyn ammentamaan t\u00e4ss\u00e4 toimessa kokemustani, mit\u00e4 tulee asiakkaisiin ja haasteiden ratkaisemiseen vuokraustoiminnassa. Lis\u00e4ksi myynnin vet\u00e4minen on minulle hyvin tuttua aiemmilta ty\u00f6vuosiltani. L\u00e4hden innolla edelleen kehitt\u00e4m\u00e4\u00e4n CE Rental Oy:n vuokrausliiketoimintaa, jatkaa Ahonen.<\/p>\n\n\n\n<p><strong>Oikeanlaiset koneet&nbsp; oikeaan paikkaan ja aikaan<\/strong><\/p>\n\n\n\n<p>\u2013 CE Rental Oy:n palvelutaso on t\u00e4h\u00e4nkin menness\u00e4 ollut hyv\u00e4, mutta palvelua pit\u00e4\u00e4 aina pyrki\u00e4 parantamaan, jotta asiakkaan kokema palvelukokemus voitaisiin luoda mahdollisimman positiiviseksi. T\u00e4m\u00e4 l\u00e4htee perusajatuksesta: oikeanlaiset koneet oikeisiin paikkoihin ja oikeaan aikaan. Toimimme kaikkialla Suomessa ja haluamme asiakkaan saavan hyv\u00e4tasoisen palvelun maamme jokaisessa kolkassa.<\/p>\n\n\n\n<p><strong>JCB ja valtakunnallisuus valttikortteina<\/strong><\/p>\n\n\n\n<p>\u2013 Yksi t\u00e4rkeimmist\u00e4 asioista on laadukas konekalusto. Me tarjoamme vuokralle laadukkaat JCB-tuotteet, joille on maahantuoja Matekon v\u00e4lit\u00f6n tuki olemassa olevalla koko maan kattavalla myynti- ja huoltoverkostolla. Koneet ovat kuitenkin aina koneita, ja ongelmatilanteissa pit\u00e4\u00e4 kyet\u00e4 reagoimaan nopeasti, jotta asiakkaan ty\u00f6t saadaan mahdollisimman pian jatkumaan. Valtakunnallisuus on valtti, jolla pystymme t\u00e4m\u00e4n takaamaan, vakuuttaa mielell\u00e4\u00e4n Harley-Davidsoninsa sarvissa vapaa-aikansa viett\u00e4v\u00e4 Ahonen.<\/p>\n\n\n\n<p><strong>Konevuokraus kasvava sektori<\/strong><\/p>\n\n\n\n<p>Ahosen mukaan CE Rentalilla on t\u00e4ll\u00e4 hetkell\u00e4 vuokralla monipuolinen valikoima py\u00f6r\u00e4kuormaajia, kaivukoneita ja teletrukkeja. \u2013 M\u00e4\u00e4r\u00e4llisesti isoin sektori t\u00e4ll\u00e4 hetkell\u00e4 on py\u00f6r\u00e4kuormaajat, mutta tulemme kasvattamaan tasaisesti my\u00f6s muiden sektoreiden kalustom\u00e4\u00e4r\u00e4\u00e4. Saman kasvun kutinan n\u00e4in my\u00f6s vuonna 2005 henkil\u00f6nostinbisneksess\u00e4 kuin nyt on maarakennuskoneiden alalla \u2013 siirtyminen omistuksesta vuokraukseen on yh\u00e4 yleisemp\u00e4\u00e4. Etenkin silloin, kun urakat ovat lyhytkestoisia ja kohteiden tarpeet vaihtelevia, konevuokraus on j\u00e4rkev\u00e4\u00e4, arvioi Ahonen.<\/p>\n\n\n\n<p>\u2013 T\u00e4m\u00e4kin ala on hyvin kausiluonteista ja etenkin nyt talvikauden kynnyksell\u00e4 kysynt\u00e4\u00e4 on eli tilanne vaikuttaa hyv\u00e4lt\u00e4. Pikkuhiljaa pyrimme edelleen kasvattamaan toimintaamme ja uusasiakashankinnan kautta tulemme edelleen lis\u00e4\u00e4m\u00e4\u00e4n kalustoamme, raottaa Ahonen tulevaisuuden visioita. <\/p>\n\n\n\r\n\r\n\r\n<div class=\"row padding-vertical-small\">\r\n    <div class=\"col-xs-12 col-md-12 padding-vertical-small news-border-left background-color-grey\">\r\n\r\n                   \r\n\t\t\t\t                    <p>CE Rental Oy<br \/>\nRental Manager Sami Ahonen<br \/>\npuh. 040 9010 718<br \/>\n<a href=\"mailto:sami.ahonen@cerental.fi\" rel=\"noopener\" target=\"_blank\">sami.ahonen@cerental.fi<\/a><br \/>\n<a href=\"http:\/\/www.cerental.fi\" rel=\"noopener\" target=\"_blank\">www.cerental.fi<\/a><br \/>\n<\/a><br \/>\n<a href=\"https:\/\/view.taiqa.com\/europorssi\/europorssi-12-21#\/page=14\" rel=\"noopener\" target=\"_blank\">Lue artikkeli Europ\u00f6rssi-lehdest\u00e4<\/a><\/p>\n                  \r\n\t\t\t\t    <\/div><!--col-->              \r\n<\/div><!--row-->\r\n\n\n\n<figure class=\"wp-block-image size-large is-resized\"><img loading=\"lazy\" decoding=\"async\" src=\"https:\/\/europorssi.com\/wp-content\/uploads\/2021\/12\/20211118_101103130_iOS-1-767x1024.jpg\" alt=\"\" class=\"wp-image-11384\" width=\"575\" height=\"768\" srcset=\"https:\/\/europorssi.com\/wp-content\/uploads\/2021\/12\/20211118_101103130_iOS-1-767x1024.jpg 767w, https:\/\/europorssi.com\/wp-content\/uploads\/2021\/12\/20211118_101103130_iOS-1-225x300.jpg 225w, https:\/\/europorssi.com\/wp-content\/uploads\/2021\/12\/20211118_101103130_iOS-1-768x1025.jpg 768w, https:\/\/europorssi.com\/wp-content\/uploads\/2021\/12\/20211118_101103130_iOS-1-560x748.jpg 560w, https:\/\/europorssi.com\/wp-content\/uploads\/2021\/12\/20211118_101103130_iOS-1-82x110.jpg 82w, https:\/\/europorssi.com\/wp-content\/uploads\/2021\/12\/20211118_101103130_iOS-1.jpg 1140w\" sizes=\"auto, (max-width: 575px) 100vw, 575px\" \/><figcaption>\u2013 Haluamme edelleen parantaa \njo nykyist\u00e4 hyv\u00e4\u00e4 palveluamme. \nTahtotasomme on tuottaa yh\u00e4 \nkasvavalle asiakaskunnallemme \nmahdollisimman hyv\u00e4 palvelukokemus joka puolella Suomea laadukkailla \nJCB-koneilla, kertoo Rental Manager Sami Ahonen, CE Rental Oy.<\/figcaption><\/figure>\n","protected":false},"excerpt":{"rendered":"<p>Konevuokraus on tullut j\u00e4\u00e4d\u00e4kseen osaksi suomalaista maarakennuskonebisnest\u00e4. CE Rental, yksi pitk\u00e4\u00e4n t\u00e4ll\u00e4 sektorilla toimivista yrityksist\u00e4, on palkannut Sami Ahosen Rental Manageriksi. Ahonen liittyi osaksi CE Rentalin tiimi\u00e4 4.10.2021. T\u00e4t\u00e4 ennen mies teki pitk\u00e4n, 16 vuotta kest\u00e4neen, p\u00e4iv\u00e4ty\u00f6n Pekkaniska Oy:ss\u00e4 myyntip\u00e4\u00e4llikk\u00f6n\u00e4. Ennen CE Rentalille siirtymist\u00e4 h\u00e4n ehti toimia my\u00f6s seitsem\u00e4n kuukautta Nostolava-auto Jalo &amp; Jalo Oy:ll\u00e4 [&hellip;]<\/p>\n","protected":false},"author":4,"featured_media":11381,"comment_status":"closed","ping_status":"open","sticky":false,"template":"","format":"standard","meta":{"_acf_changed":false,"footnotes":""},"categories":[1],"tags":[],"class_list":["post-11378","post","type-post","status-publish","format-standard","has-post-thumbnail","hentry","category-yleinen"],"acf":[],"aioseo_notices":[],"_links":{"self":[{"href":"https:\/\/europorssi.com\/fi\/wp-json\/wp\/v2\/posts\/11378","targetHints":{"allow":["GET"]}}],"collection":[{"href":"https:\/\/europorssi.com\/fi\/wp-json\/wp\/v2\/posts"}],"about":[{"href":"https:\/\/europorssi.com\/fi\/wp-json\/wp\/v2\/types\/post"}],"author":[{"embeddable":true,"href":"https:\/\/europorssi.com\/fi\/wp-json\/wp\/v2\/users\/4"}],"replies":[{"embeddable":true,"href":"https:\/\/europorssi.com\/fi\/wp-json\/wp\/v2\/comments?post=11378"}],"version-history":[{"count":0,"href":"https:\/\/europorssi.com\/fi\/wp-json\/wp\/v2\/posts\/11378\/revisions"}],"wp:featuredmedia":[{"embeddable":true,"href":"https:\/\/europorssi.com\/fi\/wp-json\/wp\/v2\/media\/11381"}],"wp:attachment":[{"href":"https:\/\/europorssi.com\/fi\/wp-json\/wp\/v2\/media?parent=11378"}],"wp:term":[{"taxonomy":"category","embeddable":true,"href":"https:\/\/europorssi.com\/fi\/wp-json\/wp\/v2\/categories?post=11378"},{"taxonomy":"post_tag","embeddable":true,"href":"https:\/\/europorssi.com\/fi\/wp-json\/wp\/v2\/tags?post=11378"}],"curies":[{"name":"wp","href":"https:\/\/api.w.org\/{rel}","templated":true}]}}