{"id":11389,"date":"2021-12-02T08:21:32","date_gmt":"2021-12-02T06:21:32","guid":{"rendered":"https:\/\/europorssi.com\/?p=11389"},"modified":"2021-12-07T13:50:35","modified_gmt":"2021-12-07T11:50:35","slug":"smp-parts-paivittaa-tuotevariaan","status":"publish","type":"post","link":"https:\/\/europorssi.com\/fi\/smp-parts-paivittaa-tuotevariaan\/","title":{"rendered":"SMP PARTS p\u00e4ivitt\u00e4\u00e4 tuotev\u00e4ri\u00e4\u00e4n"},"content":{"rendered":"\n<p><strong>SMP Parts p\u00e4ivitt\u00e4\u00e4 tuotteidensa v\u00e4rin 1.12.2021 alkaen.<\/strong><\/p>\n\n\n\n<p>-Siirrymme vaaleamman sinisest\u00e4 RAL 5010 -v\u00e4rist\u00e4 tummemman siniseen RAL 5011 -v\u00e4riin.<\/p>\n\n\n\n<p>P\u00e4ivit\u00e4mme my\u00f6skin nykyisen harmaan v\u00e4rin neutraalimmaksi matalamman kiillon harmaaksi v\u00e4riksi.<\/p>\n\n\n\n<p>My\u00f6s py\u00f6ritt\u00e4jien kourat muuttuvat vahvan punaisista muiden py\u00f6ritt\u00e4jien yksityiskohtien mukaisesti harmaan v\u00e4risiksi, kertoo SMP:n toimitus- ja konserninjohtaja Patrik Lindqvist.<\/p>\n\n\n\n<p>\u2013 Keskitymme p\u00e4\u00e4asiassa tuotteiden kest\u00e4vyyteen, varmuuteen ja laatuun, ja v\u00e4rimuutokset voidaan katsoa pienemmiksi muutoksiksi. V\u00e4rimuutokset matalamman kiillon v\u00e4reiksi edesauttavat tuotteita naarmuuntumasta ja likaantumasta sek\u00e4 v\u00e4hent\u00e4v\u00e4t my\u00f6s h\u00e4iritsev\u00e4n heijastuksen riski\u00e4. T\u00e4m\u00e4 puolestaan lis\u00e4\u00e4 tuotteidemme laatua sek\u00e4 parantaa varmuutta, toteaa Lindqvist.<\/p>\n\n\n\n<p>Uusi sininen v\u00e4ri noudattaa my\u00f6s enemm\u00e4n SMP:n uuden graafisen identiteetin v\u00e4ri\u00e4.<\/p>\n\n\n\n<p>\u2013 Valitsemamme sininen v\u00e4ri on tummempi, pehme\u00e4mpi s\u00e4vy. V\u00e4rivalinta on my\u00f6s vahva merkki sille<\/p>\n\n\n\n<p>laatusuuntaukselle, johon pyrimme \u2013 ett\u00e4 meid\u00e4t n\u00e4hd\u00e4\u00e4n korkealaatuisena ty\u00f6- ja lis\u00e4laitteiden valmistajana ja vastaamme niihin odotuksiin kaikilla tavoilla, sanoo SMP:n markkinointivastaava Malin Hasselmalm.<\/p>\n\n\n\n<p>Samalla kun v\u00e4rityst\u00e4 p\u00e4ivitet\u00e4\u00e4n, vaihtuvat my\u00f6skin SMP Partsin kyltit ja tarrat uuden logotyypin mukaisiksi. <\/p>\n\n\n\r\n\r\n\r\n<div class=\"row padding-vertical-small\">\r\n    <div class=\"col-xs-12 col-md-12 padding-vertical-small news-border-left background-color-grey\">\r\n\r\n                   \r\n\t\t\t\t                    <p><a href=\"http:\/\/www.smpparts.com\/fi\" rel=\"noopener\" target=\"_blank\">www.smpparts.com\/fi<\/a><br \/>\n<\/a><br \/>\n<a href=\"https:\/\/view.taiqa.com\/europorssi\/europorssi-12-21#\/page=66\" rel=\"noopener\" target=\"_blank\">Lue artikkeli Europ\u00f6rssi-lehdest\u00e4<\/a><\/p>\n                  \r\n\t\t\t\t    <\/div><!--col-->              \r\n<\/div><!--row-->\r\n","protected":false},"excerpt":{"rendered":"<p>SMP Parts p\u00e4ivitt\u00e4\u00e4 tuotteidensa v\u00e4rin 1.12.2021 alkaen. -Siirrymme vaaleamman sinisest\u00e4 RAL 5010 -v\u00e4rist\u00e4 tummemman siniseen RAL 5011 -v\u00e4riin. P\u00e4ivit\u00e4mme my\u00f6skin nykyisen harmaan v\u00e4rin neutraalimmaksi matalamman kiillon harmaaksi v\u00e4riksi. My\u00f6s py\u00f6ritt\u00e4jien kourat muuttuvat vahvan punaisista muiden py\u00f6ritt\u00e4jien yksityiskohtien mukaisesti harmaan v\u00e4risiksi, kertoo SMP:n toimitus- ja konserninjohtaja Patrik Lindqvist. \u2013 Keskitymme p\u00e4\u00e4asiassa tuotteiden kest\u00e4vyyteen, varmuuteen ja laatuun, [&hellip;]<\/p>\n","protected":false},"author":4,"featured_media":11393,"comment_status":"closed","ping_status":"open","sticky":false,"template":"","format":"standard","meta":{"_acf_changed":false,"footnotes":""},"categories":[1],"tags":[],"class_list":["post-11389","post","type-post","status-publish","format-standard","has-post-thumbnail","hentry","category-yleinen"],"acf":[],"aioseo_notices":[],"_links":{"self":[{"href":"https:\/\/europorssi.com\/fi\/wp-json\/wp\/v2\/posts\/11389","targetHints":{"allow":["GET"]}}],"collection":[{"href":"https:\/\/europorssi.com\/fi\/wp-json\/wp\/v2\/posts"}],"about":[{"href":"https:\/\/europorssi.com\/fi\/wp-json\/wp\/v2\/types\/post"}],"author":[{"embeddable":true,"href":"https:\/\/europorssi.com\/fi\/wp-json\/wp\/v2\/users\/4"}],"replies":[{"embeddable":true,"href":"https:\/\/europorssi.com\/fi\/wp-json\/wp\/v2\/comments?post=11389"}],"version-history":[{"count":0,"href":"https:\/\/europorssi.com\/fi\/wp-json\/wp\/v2\/posts\/11389\/revisions"}],"wp:featuredmedia":[{"embeddable":true,"href":"https:\/\/europorssi.com\/fi\/wp-json\/wp\/v2\/media\/11393"}],"wp:attachment":[{"href":"https:\/\/europorssi.com\/fi\/wp-json\/wp\/v2\/media?parent=11389"}],"wp:term":[{"taxonomy":"category","embeddable":true,"href":"https:\/\/europorssi.com\/fi\/wp-json\/wp\/v2\/categories?post=11389"},{"taxonomy":"post_tag","embeddable":true,"href":"https:\/\/europorssi.com\/fi\/wp-json\/wp\/v2\/tags?post=11389"}],"curies":[{"name":"wp","href":"https:\/\/api.w.org\/{rel}","templated":true}]}}