{"id":12393,"date":"2022-04-13T08:59:55","date_gmt":"2022-04-13T05:59:55","guid":{"rendered":"https:\/\/europorssi.com\/?p=12393"},"modified":"2022-04-14T10:13:33","modified_gmt":"2022-04-14T07:13:33","slug":"espoon-uusi-iveco-merkkihuolto-avaa-tuttu-paikka-taysin-uudistettuna","status":"publish","type":"post","link":"https:\/\/europorssi.com\/fi\/espoon-uusi-iveco-merkkihuolto-avaa-tuttu-paikka-taysin-uudistettuna\/","title":{"rendered":"Espoon uusi Iveco-merkkihuolto avaa \u2013 tuttu paikka t\u00e4ysin uudistettuna"},"content":{"rendered":"\n<p>Pitk\u00e4n linjan logistiikkayritt\u00e4jyys m\u00e4\u00e4rittelee PLC Truck Servicen Iveco-huoltokorjaamon toimintaa.<\/p>\n\n\n\n<p>Yhti\u00f6n toimitusjohtaja Ilja Patruhin kasvoi rahtifirman puitteissa ja perusti oman yrityksens\u00e4 vuonna 2011.<\/p>\n\n\n\n<p>\u2013 Jo silloin m\u00e4\u00e4rittelin toimintaperiaatteeksi \u201dLaatu ensin, tulos sitten\u201d, eli ajatus oli tarjota asiakkaille ensiluokkaista palvelua. Ja t\u00e4sm\u00e4lleen samalla periaatteella me toteutamme t\u00e4t\u00e4 Iveco-huoltokorjaamoa, avaa Patruhin haastattelun.<\/p>\n\n\n\n<p>Iveco kuului Patruhinin yhti\u00f6n kalustoon alusta asti, ja noilta vuosilta h\u00e4n muistaa kuljetusyritt\u00e4j\u00e4\u00e4 rassanneet hetket, kun kaluston huolto ja korjaukset eiv\u00e4t sujuneet ihan parhaalla mahdollisella tavalla.<\/p>\n\n\n\n<p>\u2013 Me perustimme kalustohallin yhteyteen oman korjaamon vuonna 2017, joten meill\u00e4 on viiden vuoden kokemus siit\u00e4, miten huollot ja korjaukset pit\u00e4\u00e4 tehd\u00e4, painottaa Patruhin.<\/p>\n\n\n\n<div class=\"wp-block-image\"><figure class=\"alignright size-large is-resized\"><img loading=\"lazy\" decoding=\"async\" src=\"https:\/\/europorssi.com\/wp-content\/uploads\/2022\/04\/b4fa252d-b0b7-41fe-ac92-b4c1d871688d-1024x816.jpg\" alt=\"\" class=\"wp-image-12395\" width=\"512\" height=\"408\" srcset=\"https:\/\/europorssi.com\/wp-content\/uploads\/2022\/04\/b4fa252d-b0b7-41fe-ac92-b4c1d871688d-1024x816.jpg 1024w, https:\/\/europorssi.com\/wp-content\/uploads\/2022\/04\/b4fa252d-b0b7-41fe-ac92-b4c1d871688d-300x239.jpg 300w, https:\/\/europorssi.com\/wp-content\/uploads\/2022\/04\/b4fa252d-b0b7-41fe-ac92-b4c1d871688d-768x612.jpg 768w, https:\/\/europorssi.com\/wp-content\/uploads\/2022\/04\/b4fa252d-b0b7-41fe-ac92-b4c1d871688d-560x446.jpg 560w, https:\/\/europorssi.com\/wp-content\/uploads\/2022\/04\/b4fa252d-b0b7-41fe-ac92-b4c1d871688d-138x110.jpg 138w, https:\/\/europorssi.com\/wp-content\/uploads\/2022\/04\/b4fa252d-b0b7-41fe-ac92-b4c1d871688d.jpg 1140w\" sizes=\"auto, (max-width: 512px) 100vw, 512px\" \/><figcaption><em>Me tarjoamme laatua, nopeutta ja varmuutta.<\/em><br><\/figcaption><\/figure><\/div>\n\n\n\n<p><strong>Parempaa Iveco-palvelua<\/strong><\/p>\n\n\n\n<p>Logistiikkayritt\u00e4j\u00e4n\u00e4 Patruhin tiet\u00e4\u00e4 mit\u00e4 kaluston tuottavuus vaatii huolto- ja korjaamotoiminnalta.&nbsp;<\/p>\n\n\n\n<p>Nopeutta ja varmuutta.<\/p>\n\n\n\n<p>\u2013 Aivan ensimm\u00e4iseksi pit\u00e4\u00e4 olla osaavaa henkil\u00f6kuntaa, joka tuntee kaluston sek\u00e4 sen yll\u00e4pidon ja korjausten vaatimat toimenpiteet. Toiseksi huolto- ja varaosia pit\u00e4\u00e4 olla nopeasti saatavilla.<\/p>\n\n\n\n<p>Pitk\u00e4 kokemus antaa hyv\u00e4t valmiudet investoida oman huoltokorjaamon huolto- ja varaosavarastoon sek\u00e4 harvemmin tarvittavien osien toimitusketjun nopeuteen. Huoltokorjaamon ty\u00f6- ja sosiaalitilojen taso varmistaa henkil\u00f6kunnan viihtyvyytt\u00e4, mik\u00e4 nousee aktiivisen koulutuksen ohella my\u00f6s laatua vahvistavaksi tekij\u00e4ksi.<\/p>\n\n\n\n<p>\u2013 PLC Truck Service aloittaa noin 15 huoltomekaanikon ja kolmen ty\u00f6njohtajan voimin. Meill\u00e4 on jo nyt kymmenen Ivecot hyvin tuntevaa huoltomekaanikkoa rekrytoitu sek\u00e4 varaosavarasto, huoltohalli ja henkil\u00f6kunnan sosiaalitilat valmiina, kertoo Patruhin.&nbsp;<\/p>\n\n\n\n<p>\u2013 Ty\u00f6njohdon vastaanottotiskit valmistuvat kes\u00e4\u00e4n menness\u00e4, n\u00e4in on urakoitsija luvannut.<\/p>\n\n\n\n<p>Pieni mutta laatuun panostamisesta kertova yksityiskohta on huoltokorjaamon \u00f6ljyvalinta. Vain Petronasin Iveco-moottoreihin ja -voimansiirtoihin kehitt\u00e4mi\u00e4 \u00f6ljyj\u00e4 k\u00e4ytet\u00e4\u00e4n, ainoana Suomessa.<\/p>\n\n\n\n<p><strong>Tiivis yhteisty\u00f6<\/strong><\/p>\n\n\n\n<p>PLC Truck Servicen huoltokorjaamo tekee eritt\u00e4in tiivist\u00e4 yhteisty\u00f6t\u00e4 merkin maahantuojan kanssa. Asiantunteva, asiakaspalvelun laatuun panostava merkkikorjaamo on toki maahantuojallekin etu.<\/p>\n\n\n\n<p>\u2013 Kyll\u00e4 t\u00e4ll\u00e4 investoinnilla on tarkoitus vahvistaa logistiikkatoimijoiden luottamusta Ivecoa kohtaan. Kun toiminta on saatu k\u00e4yntiin ja sen laatu varmistettu, aiomme laajentaa asiakaspalvelua kahteen vuoroon. Silloin korjaamo toimisi 7-22, visioi Patruhin.<\/p>\n\n\n\n<p>\u2013 Joten l\u00e4mpim\u00e4sti tervetuloa, lopettaa toimitusjohtaja haastattelun. <\/p>\n\n\n\r\n\r\n\r\n<div class=\"row padding-vertical-small\">\r\n    <div class=\"col-xs-12 col-md-12 padding-vertical-small news-border-left background-color-grey\">\r\n\r\n                   \r\n\t\t\t\t                    <p>PLC Truck Service<br \/>\nIlja Patruhin, +358 40 564 0822<br \/>\nIveco Finland Oy<br \/>\nTuomas Vir\u00e9n +358 40 6670 815<br \/>\n<a href=\"http:\/\/www.iveco.com\/finland\/\" rel=\"noopener\" target=\"_blank\">www.iveco.com\/finland\/<\/a><br \/>\n<\/a><br \/>\n<a href=\"https:\/\/view.taiqa.com\/europorssi\/europorssi-4-2022#\/page=120\" rel=\"noopener\" target=\"_blank\">Lue artikkeli Europ\u00f6rssi-lehdest\u00e4<\/a><\/p>\n                  \r\n\t\t\t\t    <\/div><!--col-->              \r\n<\/div><!--row-->\r\n","protected":false},"excerpt":{"rendered":"<p>Pitk\u00e4n linjan logistiikkayritt\u00e4jyys m\u00e4\u00e4rittelee PLC Truck Servicen Iveco-huoltokorjaamon toimintaa. Yhti\u00f6n toimitusjohtaja Ilja Patruhin kasvoi rahtifirman puitteissa ja perusti oman yrityksens\u00e4 vuonna 2011. \u2013 Jo silloin m\u00e4\u00e4rittelin toimintaperiaatteeksi \u201dLaatu ensin, tulos sitten\u201d, eli ajatus oli tarjota asiakkaille ensiluokkaista palvelua. Ja t\u00e4sm\u00e4lleen samalla periaatteella me toteutamme t\u00e4t\u00e4 Iveco-huoltokorjaamoa, avaa Patruhin haastattelun. Iveco kuului Patruhinin yhti\u00f6n kalustoon alusta [&hellip;]<\/p>\n","protected":false},"author":4,"featured_media":12394,"comment_status":"closed","ping_status":"open","sticky":false,"template":"","format":"standard","meta":{"_acf_changed":false,"footnotes":""},"categories":[1],"tags":[],"class_list":["post-12393","post","type-post","status-publish","format-standard","has-post-thumbnail","hentry","category-yleinen"],"acf":[],"aioseo_notices":[],"_links":{"self":[{"href":"https:\/\/europorssi.com\/fi\/wp-json\/wp\/v2\/posts\/12393","targetHints":{"allow":["GET"]}}],"collection":[{"href":"https:\/\/europorssi.com\/fi\/wp-json\/wp\/v2\/posts"}],"about":[{"href":"https:\/\/europorssi.com\/fi\/wp-json\/wp\/v2\/types\/post"}],"author":[{"embeddable":true,"href":"https:\/\/europorssi.com\/fi\/wp-json\/wp\/v2\/users\/4"}],"replies":[{"embeddable":true,"href":"https:\/\/europorssi.com\/fi\/wp-json\/wp\/v2\/comments?post=12393"}],"version-history":[{"count":0,"href":"https:\/\/europorssi.com\/fi\/wp-json\/wp\/v2\/posts\/12393\/revisions"}],"wp:featuredmedia":[{"embeddable":true,"href":"https:\/\/europorssi.com\/fi\/wp-json\/wp\/v2\/media\/12394"}],"wp:attachment":[{"href":"https:\/\/europorssi.com\/fi\/wp-json\/wp\/v2\/media?parent=12393"}],"wp:term":[{"taxonomy":"category","embeddable":true,"href":"https:\/\/europorssi.com\/fi\/wp-json\/wp\/v2\/categories?post=12393"},{"taxonomy":"post_tag","embeddable":true,"href":"https:\/\/europorssi.com\/fi\/wp-json\/wp\/v2\/tags?post=12393"}],"curies":[{"name":"wp","href":"https:\/\/api.w.org\/{rel}","templated":true}]}}