{"id":12509,"date":"2022-04-29T14:30:17","date_gmt":"2022-04-29T11:30:17","guid":{"rendered":"https:\/\/europorssi.com\/?p=12509"},"modified":"2022-04-29T14:30:18","modified_gmt":"2022-04-29T11:30:18","slug":"manitou-group-mn-lifttekin-paaomistajaksi","status":"publish","type":"post","link":"https:\/\/europorssi.com\/fi\/manitou-group-mn-lifttekin-paaomistajaksi\/","title":{"rendered":"Manitou Group MN-Lifttekin p\u00e4\u00e4omistajaksi"},"content":{"rendered":"\n<p><strong>Huhtikuun 27. p\u00e4iv\u00e4 j\u00e4\u00e4 Suomen konekaupan historiaan, sill\u00e4 silloin allekirjoitettiin sopimus, jossa Manitou Groupista tuli Suomen j\u00e4lleenmyyj\u00e4ns\u00e4 MN-Liftttek Oy:n p\u00e4\u00e4omistaja.<\/strong><\/p>\n\n\n\n<p>Kaupan tarkoituksena on taata toiminnan jatkuvuus, sek\u00e4 asiakaspalvelun vahva laatu. Se, ett\u00e4 Manitou Group pit\u00e4\u00e4 MN-Lifttek nimen, sek\u00e4 sitouttaa yrityksen avainhenkil\u00f6t v\u00e4hemmist\u00f6osakkuudella \u201djatkokauteen\u201d, kertoo olennaisen siit\u00e4, mink\u00e4 arvon ostava yritys ostettavalleen antaa.<\/p>\n\n\n\n<p>Vuonna 1995 perustettu MN-Lifttek edustaa koko Suomen alueella Manitoun kurottajia, henkil\u00f6nostimia ja materiaalink\u00e4sittelij\u00f6it\u00e4. Tuotteiden p\u00e4\u00e4k\u00e4ytt\u00f6kohteet ovat vuokraamot, rakentaminen ja maatalous. Manitou Group ja MN-Lifftek aloittivat virallisen yhteisty\u00f6n jo vuonna 2012, mutta henkil\u00f6st\u00f6ll\u00e4 on t\u00e4m\u00e4nkin pidempi\u00e4 yhteisty\u00f6suhteita Manitou Groupiin.<\/p>\n\n\n\n<p>Kaupasta j\u00e4rjestetyss\u00e4 tiedotustilaisuudessa MN-Lifttekin myyntijohtaja Seppo Turunen avasi kaupan taustoja. \u2013 Olemme neuvotelleet kaupasta jo noin kolme vuotta. T\u00e4ss\u00e4 tuli korona v\u00e4liin ja kaikkea muuta, joten prosessi on ollut huolellinen. Meid\u00e4n l\u00e4ht\u00f6kohtamme on koko ajan ollut luoda vakautta Manitou-asiakkaillemme ja siin\u00e4 olemme nyt onnistuneet. Voisi sanoa, ett\u00e4 nappiin meni.<\/p>\n\n\n\n<p>MN-lifttekin toimitusjohtaja Mika N\u00e4rhi lis\u00e4\u00e4: \u2013 Olemme ylpeit\u00e4 yhdistymisest\u00e4 Manitou Groupiin. T\u00e4m\u00e4 kauppa mahdollistaa palvelukonseptimme vahvistamisen entisest\u00e4\u00e4n, kun yhdist\u00e4mme oman osaamisemme entist\u00e4 tiiviimmin Manituo Groupin osaamiseen.<\/p>\n\n\n\n<p>Manitou Groupin Presidentti ja CEO Michel Denis kertoo: \u2013 Olemme hyvin iloisia, kun saamme nyt toivottaa MN-Lifttekin ja sen henkil\u00f6kunnan tervetulleeksi Manitou Groupin perheeseen. MN-Lifttekill\u00e4 on vahva osaaminen, pitk\u00e4n toiminnan aikana saatu tieto-taito sek\u00e4 vahva markkina- ja palveluosaaminen. T\u00e4m\u00e4 kauppa on osa pitk\u00e4n ajan strategiaamme vahvistaa asemaamme Pohjoismaissa ja tuoda itsemme l\u00e4hemm\u00e4ksi asiakkaitamme.<\/p>\n\n\n\r\n\r\n\r\n<div class=\"row padding-vertical-small\">\r\n    <div class=\"col-xs-12 col-md-12 padding-vertical-small news-border-left background-color-grey\">\r\n\r\n                   \r\n\t\t\t\t                    <p>MN-Lifttek Oy<br \/>\nmyyntijohtaja Seppo Turunen, puh. 045 862 2020<br \/>\n<a href=\"http:\/\/www.lifttek.fi\" rel=\"noopener\" target=\"_blank\">www.lifttek.fi<\/a><\/p>\n                  \r\n\t\t\t\t    <\/div><!--col-->              \r\n<\/div><!--row-->\r\n\n\n\n<div class=\"wp-block-image\"><figure class=\"aligncenter size-large is-resized\"><img loading=\"lazy\" decoding=\"async\" src=\"https:\/\/europorssi.com\/wp-content\/uploads\/2022\/04\/kuva-683x1024.jpg\" alt=\"\" class=\"wp-image-12513\" width=\"512\" height=\"768\" srcset=\"https:\/\/europorssi.com\/wp-content\/uploads\/2022\/04\/kuva-683x1024.jpg 683w, https:\/\/europorssi.com\/wp-content\/uploads\/2022\/04\/kuva-200x300.jpg 200w, https:\/\/europorssi.com\/wp-content\/uploads\/2022\/04\/kuva-768x1152.jpg 768w, https:\/\/europorssi.com\/wp-content\/uploads\/2022\/04\/kuva-1024x1536.jpg 1024w, https:\/\/europorssi.com\/wp-content\/uploads\/2022\/04\/kuva-560x840.jpg 560w, https:\/\/europorssi.com\/wp-content\/uploads\/2022\/04\/kuva-73x110.jpg 73w, https:\/\/europorssi.com\/wp-content\/uploads\/2022\/04\/kuva.jpg 1140w\" sizes=\"auto, (max-width: 512px) 100vw, 512px\" \/><figcaption>Kaupan julkistamistilaisuus oli paikalla arvovaltainen edustajisto. Kuvassa vasemmalta oikealle: MN-Lifttekin toimitusjohtaja Mika N\u00e4rhi, Manitou Groupin VP Sales Northern Europe Jean Rouault ja Managing Director \u2013 Nordei area Aigars Judzis, MN-Lifttekin myyntijohtaja Seppo Turunen, Manitou Groupin Services &#038; Solutions Division President Maxime Deroch ja MN-Lifttekin teknisest\u00e4 tuesta vastaava Oskari Kaivonurmi.<\/figcaption><\/figure><\/div>\n","protected":false},"excerpt":{"rendered":"<p>Huhtikuun 27. p\u00e4iv\u00e4 j\u00e4\u00e4 Suomen konekaupan historiaan, sill\u00e4 silloin allekirjoitettiin sopimus, jossa Manitou Groupista tuli Suomen j\u00e4lleenmyyj\u00e4ns\u00e4 MN-Liftttek Oy:n p\u00e4\u00e4omistaja. Kaupan tarkoituksena on taata toiminnan jatkuvuus, sek\u00e4 asiakaspalvelun vahva laatu. Se, ett\u00e4 Manitou Group pit\u00e4\u00e4 MN-Lifttek nimen, sek\u00e4 sitouttaa yrityksen avainhenkil\u00f6t v\u00e4hemmist\u00f6osakkuudella \u201djatkokauteen\u201d, kertoo olennaisen siit\u00e4, mink\u00e4 arvon ostava yritys ostettavalleen antaa. Vuonna 1995 perustettu [&hellip;]<\/p>\n","protected":false},"author":4,"featured_media":12512,"comment_status":"closed","ping_status":"open","sticky":false,"template":"","format":"standard","meta":{"_acf_changed":false,"footnotes":""},"categories":[1],"tags":[],"class_list":["post-12509","post","type-post","status-publish","format-standard","has-post-thumbnail","hentry","category-yleinen"],"acf":[],"aioseo_notices":[],"_links":{"self":[{"href":"https:\/\/europorssi.com\/fi\/wp-json\/wp\/v2\/posts\/12509","targetHints":{"allow":["GET"]}}],"collection":[{"href":"https:\/\/europorssi.com\/fi\/wp-json\/wp\/v2\/posts"}],"about":[{"href":"https:\/\/europorssi.com\/fi\/wp-json\/wp\/v2\/types\/post"}],"author":[{"embeddable":true,"href":"https:\/\/europorssi.com\/fi\/wp-json\/wp\/v2\/users\/4"}],"replies":[{"embeddable":true,"href":"https:\/\/europorssi.com\/fi\/wp-json\/wp\/v2\/comments?post=12509"}],"version-history":[{"count":0,"href":"https:\/\/europorssi.com\/fi\/wp-json\/wp\/v2\/posts\/12509\/revisions"}],"wp:featuredmedia":[{"embeddable":true,"href":"https:\/\/europorssi.com\/fi\/wp-json\/wp\/v2\/media\/12512"}],"wp:attachment":[{"href":"https:\/\/europorssi.com\/fi\/wp-json\/wp\/v2\/media?parent=12509"}],"wp:term":[{"taxonomy":"category","embeddable":true,"href":"https:\/\/europorssi.com\/fi\/wp-json\/wp\/v2\/categories?post=12509"},{"taxonomy":"post_tag","embeddable":true,"href":"https:\/\/europorssi.com\/fi\/wp-json\/wp\/v2\/tags?post=12509"}],"curies":[{"name":"wp","href":"https:\/\/api.w.org\/{rel}","templated":true}]}}