{"id":12967,"date":"2022-08-11T09:10:03","date_gmt":"2022-08-11T06:10:03","guid":{"rendered":"https:\/\/europorssi.com\/?p=12967"},"modified":"2022-08-11T09:11:45","modified_gmt":"2022-08-11T06:11:45","slug":"konesilta-oy","status":"publish","type":"post","link":"https:\/\/europorssi.com\/fi\/konesilta-oy\/","title":{"rendered":"Konesilta Oy"},"content":{"rendered":"\n<p>Jesse Kuhlman 29 vuotta, on aloittanut Konesilta Oy:n Pirkkalan toimipisteen konemyyj\u00e4n\u00e4 ja kalustomanagerina 13.6.2022 alkaen.<\/p>\n\n\n\n<p>Jesse on ty\u00f6skennellyt viimeiset seitsem\u00e4n vuotta maarakennuskoneiden vuokrauksen ja myynnin sek\u00e4 j\u00e4lkimarkkinoinnin vastuuteht\u00e4viss\u00e4, sek\u00e4 aikaisemmin kolme vuotta maarakennuskoneiden korjaus- ja varusteluteht\u00e4viss\u00e4.<\/p>\n\n\n\n<p>Jessen teht\u00e4v\u00e4t Konesilta Oy:ss\u00e4 k\u00e4sitt\u00e4v\u00e4t uusien ja k\u00e4ytettyjen koneiden ja lis\u00e4laitteiden myynnit Konesilta Oy:n Pirkkalan toimipisteest\u00e4 k\u00e4sin, sek\u00e4 hoitaa toimipisteen vaihtokonekaluston jatkok\u00e4sittelyn ja kuntoarvioinnin. Lis\u00e4ksi Jessen vastuualueena on my\u00f6s vaihtokoneiden ostoja myyntivarastoon.\u00a0<\/p>\n\n\n\r\n\r\n\r\n<div class=\"row padding-vertical-small\">\r\n    <div class=\"col-xs-12 col-md-12 padding-vertical-small news-border-left background-color-grey\">\r\n\r\n                   \r\n\t\t\t\t                    <p>Jessen tavoittaa vanhasta numerosta<br \/>\n0400 820 409<br \/>\nja s\u00e4hk\u00f6postilla<br \/>\n<a href=\"mailto:jesse.kuhlman@konesilta.fi\">jesse.kuhlman@konesilta.fi <\/a><br \/>\n<a href=\"http:\/\/www.konesilta.fi\" rel=\"noopener\" target=\"_blank\">www.konesilta.fi<\/a><\/p>\n                  \r\n\t\t\t\t    <\/div><!--col-->              \r\n<\/div><!--row-->\r\n\n\n\n<p><\/p>\n\n\n\n<p><\/p>\n","protected":false},"excerpt":{"rendered":"<p>Jesse Kuhlman 29 vuotta, on aloittanut Konesilta Oy:n Pirkkalan toimipisteen konemyyj\u00e4n\u00e4 ja kalustomanagerina 13.6.2022 alkaen. Jesse on ty\u00f6skennellyt viimeiset seitsem\u00e4n vuotta maarakennuskoneiden vuokrauksen ja myynnin sek\u00e4 j\u00e4lkimarkkinoinnin vastuuteht\u00e4viss\u00e4, sek\u00e4 aikaisemmin kolme vuotta maarakennuskoneiden korjaus- ja varusteluteht\u00e4viss\u00e4. Jessen teht\u00e4v\u00e4t Konesilta Oy:ss\u00e4 k\u00e4sitt\u00e4v\u00e4t uusien ja k\u00e4ytettyjen koneiden ja lis\u00e4laitteiden myynnit Konesilta Oy:n Pirkkalan toimipisteest\u00e4 k\u00e4sin, sek\u00e4 hoitaa [&hellip;]<\/p>\n","protected":false},"author":4,"featured_media":12968,"comment_status":"closed","ping_status":"open","sticky":false,"template":"","format":"standard","meta":{"_acf_changed":false,"footnotes":""},"categories":[1],"tags":[],"class_list":["post-12967","post","type-post","status-publish","format-standard","has-post-thumbnail","hentry","category-yleinen"],"acf":[],"aioseo_notices":[],"_links":{"self":[{"href":"https:\/\/europorssi.com\/fi\/wp-json\/wp\/v2\/posts\/12967","targetHints":{"allow":["GET"]}}],"collection":[{"href":"https:\/\/europorssi.com\/fi\/wp-json\/wp\/v2\/posts"}],"about":[{"href":"https:\/\/europorssi.com\/fi\/wp-json\/wp\/v2\/types\/post"}],"author":[{"embeddable":true,"href":"https:\/\/europorssi.com\/fi\/wp-json\/wp\/v2\/users\/4"}],"replies":[{"embeddable":true,"href":"https:\/\/europorssi.com\/fi\/wp-json\/wp\/v2\/comments?post=12967"}],"version-history":[{"count":0,"href":"https:\/\/europorssi.com\/fi\/wp-json\/wp\/v2\/posts\/12967\/revisions"}],"wp:featuredmedia":[{"embeddable":true,"href":"https:\/\/europorssi.com\/fi\/wp-json\/wp\/v2\/media\/12968"}],"wp:attachment":[{"href":"https:\/\/europorssi.com\/fi\/wp-json\/wp\/v2\/media?parent=12967"}],"wp:term":[{"taxonomy":"category","embeddable":true,"href":"https:\/\/europorssi.com\/fi\/wp-json\/wp\/v2\/categories?post=12967"},{"taxonomy":"post_tag","embeddable":true,"href":"https:\/\/europorssi.com\/fi\/wp-json\/wp\/v2\/tags?post=12967"}],"curies":[{"name":"wp","href":"https:\/\/api.w.org\/{rel}","templated":true}]}}