{"id":13082,"date":"2022-08-25T08:12:13","date_gmt":"2022-08-25T05:12:13","guid":{"rendered":"https:\/\/europorssi.com\/?p=13082"},"modified":"2022-08-25T08:12:14","modified_gmt":"2022-08-25T05:12:14","slug":"vaasan-scania-muutti-uusiin-toimitiloihin-elokuun-alussa","status":"publish","type":"post","link":"https:\/\/europorssi.com\/fi\/vaasan-scania-muutti-uusiin-toimitiloihin-elokuun-alussa\/","title":{"rendered":"Vaasan Scania muutti uusiin toimitiloihin elokuun alussa"},"content":{"rendered":"\n<p>Rakennuksen 2500 m2: tilat automyynnin, korjaamopalveluiden sek\u00e4 varaosamyynnin osalta p\u00e4ivitettiin vastaamaan 2020-luvun tiloja. Uudet tilat ovat parantaneet my\u00f6s merkitt\u00e4v\u00e4sti henkil\u00f6kunnan ty\u00f6olosuhteita. Modernissa huoltohallissa on tilat 12:sta korjaamopaikalle, \u00f6ljyannostelijat sek\u00e4 huoltomontut. Huoltohallin nykyaikaiset ty\u00f6v\u00e4lineet sek\u00e4 viileys varsinkin kes\u00e4helteill\u00e4 saa kiitosta henkil\u00f6kunnalta.<\/p>\n\n\n\n<p>Vaasan asiakaspalvelup\u00e4\u00e4llikk\u00f6 Markus Aspholm toteaakin olevansa my\u00f6s henkil\u00f6kohtaisesti innoissaan, kun 20 Scanialaista p\u00e4\u00e4si uusiin tiloihin ja ennen kaikkea paljon paremmin raskaan kaluston huoltamiseen soveltuvaan sijaintiin. Sijainti on hyvien liikenneyhteyksien varrella 3- ja 8-teiden risteyksess\u00e4, osoitteessa Kyyk\u00e4\u00e4rmeentie 2-6, Vikby. \u201dOn kiva toimia t\u00e4m\u00e4n uuden korjaamon asiakaspalvelup\u00e4\u00e4llikk\u00f6n\u00e4\u201d.<\/p>\n\n\n\n<p>Vaasan Scanian virallisia avajaisia vietet\u00e4\u00e4n nyt tulevan viikonlopun aikana. Super-teemaisissa avajaisissa on esill\u00e4 my\u00f6s Scanian Super-kiertueen koeajokalusto. Tutustu lis\u00e4\u00e4 koeajokiertueeseen: <a href=\"https:\/\/www.scania.com\/fi\/fi\/home\/campaigns\/superkiertue2022.html\" target=\"_blank\" rel=\"noopener\">t\u00e4st\u00e4 >><\/a><\/p>\n\n\n\n<p>Uusien toimitilojen kunniaksi Vaasan toimipisteess\u00e4 on my\u00f6s palanen Scanian historiaa n\u00e4ht\u00e4vill\u00e4. Esill\u00e4 on upea ja uniikki yksil\u00f6 vuodelta 1956, Scania-Vabis L51. Auto on esill\u00e4 26.8. saakka.<\/p>\n\n\n\n<p>Tervetuloa tutustumaan uusiin toimitiloihin nyt avajaisviikonloppuna 26.-27.8!<\/p>\n\n\n\r\n\r\n\r\n<div class=\"row padding-vertical-small\">\r\n    <div class=\"col-xs-12 col-md-12 padding-vertical-small news-border-left background-color-grey\">\r\n\r\n                   \r\n\t\t\t\t                    <p><a href=\"https:\/\/www.scania.com\/fi\/fi\/home\/admin\/misc\/dealer\/dealer-details.html?dealer=479a8c38-2283-4103-b091-96744ca0319f\" rel=\"noopener\" target=\"_blank\">Scania Vaasan yhteystiedot<\/a><\/p>\n                  \r\n\t\t\t\t    <\/div><!--col-->              \r\n<\/div><!--row-->\r\n\n\n<div class=\"wp-block-image\">\n<figure class=\"aligncenter size-large is-resized\"><img loading=\"lazy\" decoding=\"async\" src=\"https:\/\/europorssi.com\/wp-content\/uploads\/2022\/08\/Nimeton-1-1-1024x683.jpg\" alt=\"\" class=\"wp-image-13087\" width=\"768\" height=\"512\" srcset=\"https:\/\/europorssi.com\/wp-content\/uploads\/2022\/08\/Nimeton-1-1-1024x683.jpg 1024w, https:\/\/europorssi.com\/wp-content\/uploads\/2022\/08\/Nimeton-1-1-300x200.jpg 300w, https:\/\/europorssi.com\/wp-content\/uploads\/2022\/08\/Nimeton-1-1-768x512.jpg 768w, https:\/\/europorssi.com\/wp-content\/uploads\/2022\/08\/Nimeton-1-1-560x373.jpg 560w, https:\/\/europorssi.com\/wp-content\/uploads\/2022\/08\/Nimeton-1-1.jpg 1140w, https:\/\/europorssi.com\/wp-content\/uploads\/2022\/08\/Nimeton-1-1-800x533.jpg 800w, https:\/\/europorssi.com\/wp-content\/uploads\/2022\/08\/Nimeton-1-1-165x110.jpg 165w\" sizes=\"auto, (max-width: 768px) 100vw, 768px\" \/><figcaption>Vaasan korjaamon henkil\u00f6kunta ensimm\u00e4isen\u00e4 p\u00e4iv\u00e4n\u00e4 uusissa toimitiloissaan.<\/figcaption><\/figure>\n<\/div>","protected":false},"excerpt":{"rendered":"<p>Rakennuksen 2500 m2: tilat automyynnin, korjaamopalveluiden sek\u00e4 varaosamyynnin osalta p\u00e4ivitettiin vastaamaan 2020-luvun tiloja. Uudet tilat ovat parantaneet my\u00f6s merkitt\u00e4v\u00e4sti henkil\u00f6kunnan ty\u00f6olosuhteita. Modernissa huoltohallissa on tilat 12:sta korjaamopaikalle, \u00f6ljyannostelijat sek\u00e4 huoltomontut. Huoltohallin nykyaikaiset ty\u00f6v\u00e4lineet sek\u00e4 viileys varsinkin kes\u00e4helteill\u00e4 saa kiitosta henkil\u00f6kunnalta. Vaasan asiakaspalvelup\u00e4\u00e4llikk\u00f6 Markus Aspholm toteaakin olevansa my\u00f6s henkil\u00f6kohtaisesti innoissaan, kun 20 Scanialaista p\u00e4\u00e4si uusiin tiloihin [&hellip;]<\/p>\n","protected":false},"author":4,"featured_media":13087,"comment_status":"closed","ping_status":"open","sticky":false,"template":"","format":"standard","meta":{"_acf_changed":false,"footnotes":""},"categories":[1],"tags":[],"class_list":["post-13082","post","type-post","status-publish","format-standard","has-post-thumbnail","hentry","category-yleinen"],"acf":[],"aioseo_notices":[],"_links":{"self":[{"href":"https:\/\/europorssi.com\/fi\/wp-json\/wp\/v2\/posts\/13082","targetHints":{"allow":["GET"]}}],"collection":[{"href":"https:\/\/europorssi.com\/fi\/wp-json\/wp\/v2\/posts"}],"about":[{"href":"https:\/\/europorssi.com\/fi\/wp-json\/wp\/v2\/types\/post"}],"author":[{"embeddable":true,"href":"https:\/\/europorssi.com\/fi\/wp-json\/wp\/v2\/users\/4"}],"replies":[{"embeddable":true,"href":"https:\/\/europorssi.com\/fi\/wp-json\/wp\/v2\/comments?post=13082"}],"version-history":[{"count":0,"href":"https:\/\/europorssi.com\/fi\/wp-json\/wp\/v2\/posts\/13082\/revisions"}],"wp:featuredmedia":[{"embeddable":true,"href":"https:\/\/europorssi.com\/fi\/wp-json\/wp\/v2\/media\/13087"}],"wp:attachment":[{"href":"https:\/\/europorssi.com\/fi\/wp-json\/wp\/v2\/media?parent=13082"}],"wp:term":[{"taxonomy":"category","embeddable":true,"href":"https:\/\/europorssi.com\/fi\/wp-json\/wp\/v2\/categories?post=13082"},{"taxonomy":"post_tag","embeddable":true,"href":"https:\/\/europorssi.com\/fi\/wp-json\/wp\/v2\/tags?post=13082"}],"curies":[{"name":"wp","href":"https:\/\/api.w.org\/{rel}","templated":true}]}}