{"id":13124,"date":"2022-09-08T08:14:48","date_gmt":"2022-09-08T05:14:48","guid":{"rendered":"https:\/\/europorssi.com\/?p=13124"},"modified":"2022-09-08T11:20:00","modified_gmt":"2022-09-08T08:20:00","slug":"finnmetko-nayttely-oli-taas-taynna-kiivasta-kaupantekoa-ja-hyvaa-tunnelmaa","status":"publish","type":"post","link":"https:\/\/europorssi.com\/fi\/finnmetko-nayttely-oli-taas-taynna-kiivasta-kaupantekoa-ja-hyvaa-tunnelmaa\/","title":{"rendered":"FinnMETKO-n\u00e4yttely oli taas t\u00e4ynn\u00e4 kiivasta kaupantekoa ja hyv\u00e4\u00e4 tunnelmaa"},"content":{"rendered":"\n<p><strong>Edes aika ajoin puhaltanut koleahko tuuli ei pystynyt hyydytt\u00e4m\u00e4\u00e4n FinnMETKO 2022 -n\u00e4yttelyn hyv\u00e4\u00e4 tunnelmaa. N\u00e4yttelyss\u00e4 tehtiin kiivaasti kauppaa 330 n\u00e4ytteilleasettajan voimin.<\/strong><\/p>\n\n\n\n<p>-N\u00e4ytteilleasettajien ja k\u00e4vij\u00f6iden kommentit ovat olleet hyvin positiivisia. Selv\u00e4sti ihmisill\u00e4 oli tarve p\u00e4\u00e4st\u00e4 taas suuren messun tunnelmaan ja kaupantekoon sek\u00e4 tutustumaan uutuustuotteisiin ja tapaamaan tuttuja konealoilta, totesi n\u00e4yttelyn johtaja Tapio Hirvikoski tyytyv\u00e4isen\u00e4.<\/p>\n\n\n\n<p>Lauantaina 3.9. p\u00e4\u00e4ttyneill\u00e4 FinnMETKO 2022 n\u00e4yttelyss\u00e4 vieraili kolmen p\u00e4iv\u00e4n aikana yhteens\u00e4 ainakin 27 350 k\u00e4vij\u00e4\u00e4.<\/p>\n\n\n\n<p>Mets\u00e4koneenk\u00e4yt\u00f6n SM-tittelist\u00e4 kisattiin perjantaina. Voittajaksi kruunattiin j\u00e4lleen kerran Teemu Honkalatva Myn\u00e4m\u00e4elt\u00e4. Myn\u00e4m\u00e4ki on voittanut kisan aiemminkin, mm. vuosina 2018 ja 2016. Hopeaa mets\u00e4koneen kuljettajien mestaruuskisassa nappasi Juho Palom\u00e4ki Luvialta ja pronssille ylsi Tuomas Vitikainen Hirvensalmelta.<\/p>\n\n\n\n<p>N\u00e4yttelyn p\u00e4\u00e4t\u00f6sp\u00e4iv\u00e4n\u00e4 lauantaina pidetyss\u00e4 maarakennuskoneenkuljettajien Ykk\u00f6skuski-kilpailussa Suomen mestaruuden voitti Jukka Rautakoski Kalajoelta. Toiseksi tuli Sasu Per\u00e4m\u00e4ki Virroilta ja kolmanneksi Mikael J\u00e4rvinen Tampereelta.<\/p>\n\n\n\n<p>Seuraava FinnMETKO-n\u00e4yttely j\u00e4rjestet\u00e4\u00e4n J\u00e4ms\u00e4ss\u00e4 29.\u201331.8.2024. Tuolloin vuorossa on 20. FinnMETKO-n\u00e4yttely. Ensimm\u00e4inen FinnMETKO j\u00e4rjestettiin vuonna 1987.<\/p>\n\n\n\n<p>Konety\u00f6alojen ammatti- ja myyntin\u00e4yttely FinnMETKO 2022 on raskaskonealojen p\u00e4\u00e4tapahtuma Suomessa. FinnMETKO 2022 -n\u00e4yttelyn vastuullinen j\u00e4rjest\u00e4j\u00e4 on Finnmetko Oy. N\u00e4yttelyn taustaorganisaatiot ovat Koneyritt\u00e4j\u00e4t ry ja Keski-Suomen Koneyritt\u00e4j\u00e4t ry. <\/p>\n\n\n\r\n\r\n\r\n<div class=\"row padding-vertical-small\">\r\n    <div class=\"col-xs-12 col-md-12 padding-vertical-small news-border-left background-color-grey\">\r\n\r\n                   \r\n\t\t\t\t                    <p>Toimitusjohtaja Tapio Hirvikoski Finnmetko Oy<br \/>\npuh. 040 900 9417<br \/>\n<a href=\"http:\/\/www.finnmetko.fi\" rel=\"noopener\" target=\"_blank\">www.finnmetko.fi<\/a> <\/p>\n                  \r\n\t\t\t\t    <\/div><!--col-->              \r\n<\/div><!--row-->\r\n","protected":false},"excerpt":{"rendered":"<p>Edes aika ajoin puhaltanut koleahko tuuli ei pystynyt hyydytt\u00e4m\u00e4\u00e4n FinnMETKO 2022 -n\u00e4yttelyn hyv\u00e4\u00e4 tunnelmaa. N\u00e4yttelyss\u00e4 tehtiin kiivaasti kauppaa 330 n\u00e4ytteilleasettajan voimin. -N\u00e4ytteilleasettajien ja k\u00e4vij\u00f6iden kommentit ovat olleet hyvin positiivisia. Selv\u00e4sti ihmisill\u00e4 oli tarve p\u00e4\u00e4st\u00e4 taas suuren messun tunnelmaan ja kaupantekoon sek\u00e4 tutustumaan uutuustuotteisiin ja tapaamaan tuttuja konealoilta, totesi n\u00e4yttelyn johtaja Tapio Hirvikoski tyytyv\u00e4isen\u00e4. Lauantaina 3.9. [&hellip;]<\/p>\n","protected":false},"author":4,"featured_media":13125,"comment_status":"closed","ping_status":"open","sticky":false,"template":"","format":"standard","meta":{"_acf_changed":false,"footnotes":""},"categories":[1],"tags":[],"class_list":["post-13124","post","type-post","status-publish","format-standard","has-post-thumbnail","hentry","category-yleinen"],"acf":[],"aioseo_notices":[],"_links":{"self":[{"href":"https:\/\/europorssi.com\/fi\/wp-json\/wp\/v2\/posts\/13124","targetHints":{"allow":["GET"]}}],"collection":[{"href":"https:\/\/europorssi.com\/fi\/wp-json\/wp\/v2\/posts"}],"about":[{"href":"https:\/\/europorssi.com\/fi\/wp-json\/wp\/v2\/types\/post"}],"author":[{"embeddable":true,"href":"https:\/\/europorssi.com\/fi\/wp-json\/wp\/v2\/users\/4"}],"replies":[{"embeddable":true,"href":"https:\/\/europorssi.com\/fi\/wp-json\/wp\/v2\/comments?post=13124"}],"version-history":[{"count":0,"href":"https:\/\/europorssi.com\/fi\/wp-json\/wp\/v2\/posts\/13124\/revisions"}],"wp:featuredmedia":[{"embeddable":true,"href":"https:\/\/europorssi.com\/fi\/wp-json\/wp\/v2\/media\/13125"}],"wp:attachment":[{"href":"https:\/\/europorssi.com\/fi\/wp-json\/wp\/v2\/media?parent=13124"}],"wp:term":[{"taxonomy":"category","embeddable":true,"href":"https:\/\/europorssi.com\/fi\/wp-json\/wp\/v2\/categories?post=13124"},{"taxonomy":"post_tag","embeddable":true,"href":"https:\/\/europorssi.com\/fi\/wp-json\/wp\/v2\/tags?post=13124"}],"curies":[{"name":"wp","href":"https:\/\/api.w.org\/{rel}","templated":true}]}}