{"id":13165,"date":"2022-09-08T09:29:07","date_gmt":"2022-09-08T06:29:07","guid":{"rendered":"https:\/\/europorssi.com\/?p=13165"},"modified":"2022-09-08T11:10:10","modified_gmt":"2022-09-08T08:10:10","slug":"matekon-espoon-toimipisteelle-vahvistuksia","status":"publish","type":"post","link":"https:\/\/europorssi.com\/fi\/matekon-espoon-toimipisteelle-vahvistuksia\/","title":{"rendered":"Matekon Espoon toimipisteelle vahvistuksia"},"content":{"rendered":"\n<p>Matekon Espoon toimipisteen tiimi\u00e4 on vahvistettu loppukes\u00e4st\u00e4. Mukaan Matekon menestystarinaan ovat liittyneet korjaamon ty\u00f6njohtajana toimiva Arto Sundvall sek\u00e4 korjaamop\u00e4\u00e4llikk\u00f6 Timo Hyv\u00e4rinen.<\/p>\n\n\n\n<p>Sundvall aloitti teht\u00e4v\u00e4ss\u00e4\u00e4n ty\u00f6njohtajana 9.8.2022. T\u00e4t\u00e4 ennen Arto on toiminut henkil\u00f6autopuolella ty\u00f6njohto- ja p\u00e4\u00e4llikk\u00f6teht\u00e4viss\u00e4. Vapaa-aikanaan Arto harrastaa liikuntaa ja ulkoilua. Uusi teht\u00e4v\u00e4 on imaissut tuoreen ty\u00f6njohtajan mukanaan: \u2013 Olen innoissani uudesta teht\u00e4v\u00e4st\u00e4ni, ja Matekolla ty\u00f6t ovat l\u00e4hteneet mukavasti liikkeelle.<\/p>\n\n\n\n<p>Hyv\u00e4rinen aloitti korjaamop\u00e4\u00e4llik\u00f6n teht\u00e4v\u00e4t 1.9.2022. Timolla on laaja-alainen kokemus henkil\u00f6autojen ja raskaan kaluston j\u00e4lkimarkkinoinnin parista jo usealta vuosikymmenelt\u00e4.<\/p>\n\n\n\n<p>Timo on aiemmin ty\u00f6skennellyt Scanialla ja SOK Autokaupalla huoltop\u00e4\u00e4llikk\u00f6n\u00e4 ja Lohjanportin Autossa j\u00e4lkimarkkinointip\u00e4\u00e4llikk\u00f6n\u00e4. Timon motto on: \u201dAsiat voidaan aina tehd\u00e4 viel\u00e4kin paremmin ja niin, ett\u00e4 asiakkaan kokemus on kaiken toiminnan keski\u00f6ss\u00e4\u201d.<\/p>\n","protected":false},"excerpt":{"rendered":"<p>Matekon Espoon toimipisteen tiimi\u00e4 on vahvistettu loppukes\u00e4st\u00e4. Mukaan Matekon menestystarinaan ovat liittyneet korjaamon ty\u00f6njohtajana toimiva Arto Sundvall sek\u00e4 korjaamop\u00e4\u00e4llikk\u00f6 Timo Hyv\u00e4rinen. Sundvall aloitti teht\u00e4v\u00e4ss\u00e4\u00e4n ty\u00f6njohtajana 9.8.2022. T\u00e4t\u00e4 ennen Arto on toiminut henkil\u00f6autopuolella ty\u00f6njohto- ja p\u00e4\u00e4llikk\u00f6teht\u00e4viss\u00e4. Vapaa-aikanaan Arto harrastaa liikuntaa ja ulkoilua. Uusi teht\u00e4v\u00e4 on imaissut tuoreen ty\u00f6njohtajan mukanaan: \u2013 Olen innoissani uudesta teht\u00e4v\u00e4st\u00e4ni, ja Matekolla [&hellip;]<\/p>\n","protected":false},"author":4,"featured_media":13166,"comment_status":"closed","ping_status":"open","sticky":false,"template":"","format":"standard","meta":{"_acf_changed":false,"footnotes":""},"categories":[1],"tags":[],"class_list":["post-13165","post","type-post","status-publish","format-standard","has-post-thumbnail","hentry","category-yleinen"],"acf":[],"aioseo_notices":[],"_links":{"self":[{"href":"https:\/\/europorssi.com\/fi\/wp-json\/wp\/v2\/posts\/13165","targetHints":{"allow":["GET"]}}],"collection":[{"href":"https:\/\/europorssi.com\/fi\/wp-json\/wp\/v2\/posts"}],"about":[{"href":"https:\/\/europorssi.com\/fi\/wp-json\/wp\/v2\/types\/post"}],"author":[{"embeddable":true,"href":"https:\/\/europorssi.com\/fi\/wp-json\/wp\/v2\/users\/4"}],"replies":[{"embeddable":true,"href":"https:\/\/europorssi.com\/fi\/wp-json\/wp\/v2\/comments?post=13165"}],"version-history":[{"count":0,"href":"https:\/\/europorssi.com\/fi\/wp-json\/wp\/v2\/posts\/13165\/revisions"}],"wp:featuredmedia":[{"embeddable":true,"href":"https:\/\/europorssi.com\/fi\/wp-json\/wp\/v2\/media\/13166"}],"wp:attachment":[{"href":"https:\/\/europorssi.com\/fi\/wp-json\/wp\/v2\/media?parent=13165"}],"wp:term":[{"taxonomy":"category","embeddable":true,"href":"https:\/\/europorssi.com\/fi\/wp-json\/wp\/v2\/categories?post=13165"},{"taxonomy":"post_tag","embeddable":true,"href":"https:\/\/europorssi.com\/fi\/wp-json\/wp\/v2\/tags?post=13165"}],"curies":[{"name":"wp","href":"https:\/\/api.w.org\/{rel}","templated":true}]}}