{"id":13186,"date":"2022-09-08T09:49:46","date_gmt":"2022-09-08T06:49:46","guid":{"rendered":"https:\/\/europorssi.com\/?p=13186"},"modified":"2022-09-08T11:04:05","modified_gmt":"2022-09-08T08:04:05","slug":"puutarha-ja-viherala-iloisissa-jalleennakemisen-tunnelmissa-lepaalla","status":"publish","type":"post","link":"https:\/\/europorssi.com\/fi\/puutarha-ja-viherala-iloisissa-jalleennakemisen-tunnelmissa-lepaalla\/","title":{"rendered":"Puutarha- ja viherala iloisissa j\u00e4lleenn\u00e4kemisen tunnelmissa Lepaalla"},"content":{"rendered":"\n<h2 class=\"wp-block-heading\">Uutta kautta kohti entist\u00e4 varustautuneempana<\/h2>\n\n\n\n<p><strong>Kenties kaikkien aikojen l\u00e4mpimin ja aurinkoisin elokuinen Lepaan n\u00e4yttely Hattulassa p\u00e4\u00e4ttyi hyviss\u00e4 merkeiss\u00e4. Sek\u00e4 n\u00e4ytteilleasettajat ett\u00e4 k\u00e4vij\u00e4t olivat iloisia ja tyytyv\u00e4isi\u00e4, ett\u00e4 vihdoin p\u00e4\u00e4simme tapaamaan kasvokkain t\u00e4ss\u00e4 perinteisess\u00e4 tapahtumassa.<\/strong><\/p>\n\n\n\n<p>-Ihmisist\u00e4 oikein huokui j\u00e4lleenn\u00e4kemisen riemu niin osastoilla kuin k\u00e4yt\u00e4vill\u00e4. Paljon on tavattu tuttuja ja yst\u00e4vi\u00e4 ja vaihdettu kuulumisia. Kyll\u00e4 t\u00e4t\u00e4 on kaivattu, n\u00e4ytteilleasettajat kiitteliv\u00e4t, kertoo n\u00e4yttelyp\u00e4\u00e4llikk\u00f6 Elina Vuori.<\/p>\n\n\n\n<p>Mukana oli j\u00e4lleen t\u00e4ysi kattaus kukista koneisiin ja siemenist\u00e4 robotteihin. S\u00e4hk\u00f6iset ty\u00f6koneet alkavat vihdoin ly\u00f6d\u00e4 l\u00e4pi, ja muutenkin tekninen kehitys on viime vuosina edennyt harppauksittain esimerkiksi LED-valaistuksessa.<\/p>\n\n\n\n<p>N\u00e4yttelyn huippuosastona palkittiin t\u00e4n\u00e4 vuonna \u201dPikku-Italia\u201d, eli kahden suomalaisen \u2013 Cultum Oy ja Biotsek Oy \u2013 ja usean italialaisen yrityksen yhteenliittym\u00e4. \u2013 Olemme suunnitelleet t\u00e4t\u00e4 osastoa vuodesta 2019, ja nyt viimein se p\u00e4\u00e4stiin toteuttamaan. T\u00e4m\u00e4 on vuoden t\u00e4rkein tapahtuma ja italiaiset ovat olleet vaikuttuneita, kertoi Matti Laurila Cultumilta.<\/p>\n\n\n\n<p>Torstaina julkistettiin Vuoden vihannes 2025 \u2013 silloin kurkku nousee valokeilaan. Ensi vuoden Vuoden vihannes on porkkana ja vuoden 2024 on basilika.<\/p>\n\n\n\n<p>Syksyn l\u00e4hestyess\u00e4 taivaalle kertyy tummia pilvi\u00e4 \u2013 kallista energiaa, ty\u00f6voimapulaa, tuotantopanosten toimitusvaikeuksia \u2013 mutta puutarha-ala on tottunut selvi\u00e4m\u00e4\u00e4n isommista ja pienemmist\u00e4 kriiseist\u00e4. Puutarhurit tekev\u00e4t parhaansa tuottaakseen turvallista suomalaista ruokaa. My\u00f6s muut alan sektorit tekev\u00e4t parhaansa pit\u00e4\u00e4kseen py\u00f6r\u00e4t py\u00f6rim\u00e4ss\u00e4.<\/p>\n\n\n\n<p>\u2013 Ruoho kasvaa, teki Putin mit\u00e4 tahansa, niin kuin er\u00e4s n\u00e4ytteilleasettaja muotoili. Tapahtumassa oli mukana vajaa 170 n\u00e4ytteilleasettajaa. Torstai oli vilkkain p\u00e4iv\u00e4, jolloin k\u00e4vij\u00f6it\u00e4 oli noin 2500 henkil\u00f6\u00e4. Varmaankin huippuhieno kes\u00e4s\u00e4\u00e4 houkutti loppuviikosta muihin aktiviteetteihin, sill\u00e4 lopulliseksi k\u00e4vij\u00e4m\u00e4\u00e4r\u00e4ksi tuli noin 7400. My\u00f6s koronan pelko varmasti vaikuttaa yh\u00e4, eiv\u00e4tk\u00e4 kaikki halua viel\u00e4 tulla isoihin tapahtumiin. K\u00e4vij\u00e4m\u00e4\u00e4r\u00e4 j\u00e4i hiukan odotetusta, eli 8000 k\u00e4vij\u00e4st\u00e4.<\/p>\n\n\n\n<p>Ensi vuonna Lepaa 2023 pidet\u00e4\u00e4n viikkoa my\u00f6hemmin, eli 17.\u201319. <\/p>\n\n\n\r\n\r\n\r\n<div class=\"row padding-vertical-small\">\r\n    <div class=\"col-xs-12 col-md-12 padding-vertical-small news-border-left background-color-grey\">\r\n\r\n                   \r\n\t\t\t\t                    <p>N\u00e4yttelyp\u00e4\u00e4llikk\u00f6 Elina Vuori, puh. 045 7733 2657 sek\u00e4<br \/>\nKauppapuutarhaliiton toiminnanjohtaja Niina Kangas, puh. 045 7733 2662 <\/p>\n<p><a href=\"http:\/\/www.lepaa.fi\" rel=\"noopener\" target=\"_blank\">www.lepaa.fi<\/a><br \/>\nsek\u00e4 Facebookissa, Instagramissa ja Youtube-kanavalla lepaanayttely<\/p>\n                  \r\n\t\t\t\t    <\/div><!--col-->              \r\n<\/div><!--row-->\r\n","protected":false},"excerpt":{"rendered":"<p>Uutta kautta kohti entist\u00e4 varustautuneempana Kenties kaikkien aikojen l\u00e4mpimin ja aurinkoisin elokuinen Lepaan n\u00e4yttely Hattulassa p\u00e4\u00e4ttyi hyviss\u00e4 merkeiss\u00e4. Sek\u00e4 n\u00e4ytteilleasettajat ett\u00e4 k\u00e4vij\u00e4t olivat iloisia ja tyytyv\u00e4isi\u00e4, ett\u00e4 vihdoin p\u00e4\u00e4simme tapaamaan kasvokkain t\u00e4ss\u00e4 perinteisess\u00e4 tapahtumassa. -Ihmisist\u00e4 oikein huokui j\u00e4lleenn\u00e4kemisen riemu niin osastoilla kuin k\u00e4yt\u00e4vill\u00e4. Paljon on tavattu tuttuja ja yst\u00e4vi\u00e4 ja vaihdettu kuulumisia. Kyll\u00e4 t\u00e4t\u00e4 on [&hellip;]<\/p>\n","protected":false},"author":4,"featured_media":13187,"comment_status":"closed","ping_status":"open","sticky":false,"template":"","format":"standard","meta":{"_acf_changed":false,"footnotes":""},"categories":[1],"tags":[],"class_list":["post-13186","post","type-post","status-publish","format-standard","has-post-thumbnail","hentry","category-yleinen"],"acf":[],"aioseo_notices":[],"_links":{"self":[{"href":"https:\/\/europorssi.com\/fi\/wp-json\/wp\/v2\/posts\/13186","targetHints":{"allow":["GET"]}}],"collection":[{"href":"https:\/\/europorssi.com\/fi\/wp-json\/wp\/v2\/posts"}],"about":[{"href":"https:\/\/europorssi.com\/fi\/wp-json\/wp\/v2\/types\/post"}],"author":[{"embeddable":true,"href":"https:\/\/europorssi.com\/fi\/wp-json\/wp\/v2\/users\/4"}],"replies":[{"embeddable":true,"href":"https:\/\/europorssi.com\/fi\/wp-json\/wp\/v2\/comments?post=13186"}],"version-history":[{"count":0,"href":"https:\/\/europorssi.com\/fi\/wp-json\/wp\/v2\/posts\/13186\/revisions"}],"wp:featuredmedia":[{"embeddable":true,"href":"https:\/\/europorssi.com\/fi\/wp-json\/wp\/v2\/media\/13187"}],"wp:attachment":[{"href":"https:\/\/europorssi.com\/fi\/wp-json\/wp\/v2\/media?parent=13186"}],"wp:term":[{"taxonomy":"category","embeddable":true,"href":"https:\/\/europorssi.com\/fi\/wp-json\/wp\/v2\/categories?post=13186"},{"taxonomy":"post_tag","embeddable":true,"href":"https:\/\/europorssi.com\/fi\/wp-json\/wp\/v2\/tags?post=13186"}],"curies":[{"name":"wp","href":"https:\/\/api.w.org\/{rel}","templated":true}]}}