{"id":13202,"date":"2022-09-08T10:04:12","date_gmt":"2022-09-08T07:04:12","guid":{"rendered":"https:\/\/europorssi.com\/?p=13202"},"modified":"2022-09-08T10:04:13","modified_gmt":"2022-09-08T07:04:13","slug":"maatori-laajenee-latviaan","status":"publish","type":"post","link":"https:\/\/europorssi.com\/fi\/maatori-laajenee-latviaan\/","title":{"rendered":"Maatori laajenee Latviaan"},"content":{"rendered":"\n<p><strong>Voimakkaalla kasvu-uralla etenev\u00e4 Maatori laajentaa toimintaansa Latviaan.<\/strong><\/p>\n\n\n\n<p>Hyvin kehittynyt yhteisty\u00f6 laajenee nyt koskemaan mets\u00e4koneiden lis\u00e4ksi my\u00f6s kaikkea Maatorin kalustoa. Maatorin yli 550 koneen ja auton myyntivarasto on jatkossa myynniss\u00e4 my\u00f6s Latvian sis\u00e4markkinoilla sek\u00e4 muussa osassa It\u00e4-Eurooppaa sek\u00e4 Keski-Eurooppaa.<br>\u2013 Hyv\u00e4n yhteisty\u00f6kumppaniverkoston avulla pystymme my\u00f6s palvelemaan suomalaisia asiakkaita entist\u00e4 paremmin heid\u00e4n kalustoratkaisuissaan, arvioi toimitusjohtaja Mika K\u00e4h\u00e4ri.<br>Maatorin myyntip\u00e4\u00e4llikk\u00f6n\u00e4 Latviassa toimii Maris Osis, jolla on 15 vuoden kokemus kansainv\u00e4lisest\u00e4 mets\u00e4konekaupasta. <\/p>\n\n\n\r\n\r\n\r\n<div class=\"row padding-vertical-small\">\r\n    <div class=\"col-xs-12 col-md-12 padding-vertical-small news-border-left background-color-grey\">\r\n\r\n                   \r\n\t\t\t\t                    <p>Myyntip\u00e4\u00e4llikk\u00f6 Maris Osis +371 2635 1469, <a href=\"mailto:maris@maatori.fi\">maris@maatori.fi <\/a><br \/>\nCEO Mika K\u00e4h\u00e4ri +358 40 124 6267<br \/>\n<a href=\"mailto:kahari@maatori.fi\">kahari@maatori.fi<\/a><br \/>\n<a href=\"http:\/\/www.maatori.fi\" rel=\"noopener\" target=\"_blank\">www.maatori.fi<\/a><\/p>\n                  \r\n\t\t\t\t    <\/div><!--col-->              \r\n<\/div><!--row-->\r\n\n\n<div class=\"wp-block-image\">\n<figure class=\"alignright size-large is-resized\"><img loading=\"lazy\" decoding=\"async\" src=\"https:\/\/europorssi.com\/wp-content\/uploads\/2022\/09\/4051_x-949x1024.jpg\" alt=\"\" class=\"wp-image-13206\" width=\"475\" height=\"512\" srcset=\"https:\/\/europorssi.com\/wp-content\/uploads\/2022\/09\/4051_x-949x1024.jpg 949w, https:\/\/europorssi.com\/wp-content\/uploads\/2022\/09\/4051_x-278x300.jpg 278w, https:\/\/europorssi.com\/wp-content\/uploads\/2022\/09\/4051_x-768x829.jpg 768w, https:\/\/europorssi.com\/wp-content\/uploads\/2022\/09\/4051_x-560x604.jpg 560w, https:\/\/europorssi.com\/wp-content\/uploads\/2022\/09\/4051_x-102x110.jpg 102w, https:\/\/europorssi.com\/wp-content\/uploads\/2022\/09\/4051_x.jpg 1140w\" sizes=\"auto, (max-width: 475px) 100vw, 475px\" \/><figcaption><em>Maatorin Latvian myyntip\u00e4\u00e4llikk\u00f6 Maris Osis (vas.) ja myyntip\u00e4\u00e4llikk\u00f6 Jari Leinonen poseerasivat hyv\u00e4n kansainv\u00e4lisen yhteisty\u00f6n merkiksi Maatorin omalla hulppean kokoisella osastolla Metko-messuilla.<\/em><\/figcaption><\/figure>\n<\/div>","protected":false},"excerpt":{"rendered":"<p>Voimakkaalla kasvu-uralla etenev\u00e4 Maatori laajentaa toimintaansa Latviaan. Hyvin kehittynyt yhteisty\u00f6 laajenee nyt koskemaan mets\u00e4koneiden lis\u00e4ksi my\u00f6s kaikkea Maatorin kalustoa. Maatorin yli 550 koneen ja auton myyntivarasto on jatkossa myynniss\u00e4 my\u00f6s Latvian sis\u00e4markkinoilla sek\u00e4 muussa osassa It\u00e4-Eurooppaa sek\u00e4 Keski-Eurooppaa.\u2013 Hyv\u00e4n yhteisty\u00f6kumppaniverkoston avulla pystymme my\u00f6s palvelemaan suomalaisia asiakkaita entist\u00e4 paremmin heid\u00e4n kalustoratkaisuissaan, arvioi toimitusjohtaja Mika K\u00e4h\u00e4ri.Maatorin myyntip\u00e4\u00e4llikk\u00f6n\u00e4 [&hellip;]<\/p>\n","protected":false},"author":4,"featured_media":13204,"comment_status":"closed","ping_status":"open","sticky":false,"template":"","format":"standard","meta":{"_acf_changed":false,"footnotes":""},"categories":[1],"tags":[],"class_list":["post-13202","post","type-post","status-publish","format-standard","has-post-thumbnail","hentry","category-yleinen"],"acf":[],"aioseo_notices":[],"_links":{"self":[{"href":"https:\/\/europorssi.com\/fi\/wp-json\/wp\/v2\/posts\/13202","targetHints":{"allow":["GET"]}}],"collection":[{"href":"https:\/\/europorssi.com\/fi\/wp-json\/wp\/v2\/posts"}],"about":[{"href":"https:\/\/europorssi.com\/fi\/wp-json\/wp\/v2\/types\/post"}],"author":[{"embeddable":true,"href":"https:\/\/europorssi.com\/fi\/wp-json\/wp\/v2\/users\/4"}],"replies":[{"embeddable":true,"href":"https:\/\/europorssi.com\/fi\/wp-json\/wp\/v2\/comments?post=13202"}],"version-history":[{"count":0,"href":"https:\/\/europorssi.com\/fi\/wp-json\/wp\/v2\/posts\/13202\/revisions"}],"wp:featuredmedia":[{"embeddable":true,"href":"https:\/\/europorssi.com\/fi\/wp-json\/wp\/v2\/media\/13204"}],"wp:attachment":[{"href":"https:\/\/europorssi.com\/fi\/wp-json\/wp\/v2\/media?parent=13202"}],"wp:term":[{"taxonomy":"category","embeddable":true,"href":"https:\/\/europorssi.com\/fi\/wp-json\/wp\/v2\/categories?post=13202"},{"taxonomy":"post_tag","embeddable":true,"href":"https:\/\/europorssi.com\/fi\/wp-json\/wp\/v2\/tags?post=13202"}],"curies":[{"name":"wp","href":"https:\/\/api.w.org\/{rel}","templated":true}]}}