{"id":13595,"date":"2022-11-03T08:16:59","date_gmt":"2022-11-03T06:16:59","guid":{"rendered":"https:\/\/europorssi.com\/?p=13595"},"modified":"2022-11-03T12:04:58","modified_gmt":"2022-11-03T10:04:58","slug":"avant-power-astuu-innovatiivisen-akkuteknologian-eturintamaan","status":"publish","type":"post","link":"https:\/\/europorssi.com\/fi\/avant-power-astuu-innovatiivisen-akkuteknologian-eturintamaan\/","title":{"rendered":"Avant Power astuu innovatiivisen akkuteknologian eturintamaan"},"content":{"rendered":"\n<p><strong>Avant Tecno lanseerasi t\u00e4yss\u00e4hk\u00f6iset Avant e5-27 ja e5-13 -kuormaajat Bauma 2022 -messuilla. S\u00e4hk\u00f6kuormaajien kapasiteetti nousee t\u00e4ysin uudelle tasolle, kun suomalaisen pienkuormaajavalmistajan Avant Tecnon uusi tyt\u00e4ryhti\u00f6, Avant Power, alkaa valmistaa akkuja t\u00e4yss\u00e4hk\u00f6isiin Avanteihin 2023.&nbsp;Kaksi uutta kuormaajamallia, Avant e5-27 ja Avant e5-13, on varustettu Avantin omilla OptiTemp-akuilla (27kWh ja 13kWh), joissa on maailmanlaajuisesti ainutlaatuinen l\u00e4mm\u00f6nhallintaj\u00e4rjestelm\u00e4.<\/strong><\/p>\n\n\n\n<p>Avant e5-27-kuormaaja vaatii vain yhden latauksen ty\u00f6p\u00e4iv\u00e4n aikana, ja akun kapasiteetti on kaksinkertainen verrattuna muiden valmistajien tuotteisiin.&nbsp;<\/p>\n\n\n\n<p>\u201cAvant Tecno on tehnyt s\u00e4hk\u00f6kuormaajiin liittyv\u00e4\u00e4 tutkimus- ja kehitysty\u00f6t\u00e4 1990-luvulta l\u00e4htien, ja ensimm\u00e4inen t\u00e4yss\u00e4hk\u00f6inen kuormaajamme esiteltiin vuonna 1997. Tutkittuamme akkuja vuosikymmenten ajan olemme todenneet, ettei maailmasta l\u00f6ydy akkua, joka olisi t\u00e4ydellisesti sopiva pienkuormaajiin. Siksi p\u00e4\u00e4timme alkaa tehd\u00e4 akkuja itse\u201d, kertoo Mikko Piepponen, Avant Power Oy:n operatiivinen johtaja.<\/p>\n\n\n<div class=\"wp-block-image\">\n<figure class=\"alignleft size-large is-resized\"><img loading=\"lazy\" decoding=\"async\" src=\"https:\/\/europorssi.com\/wp-content\/uploads\/2022\/11\/Jani2-683x1024.jpg\" alt=\"\" class=\"wp-image-13597\" width=\"342\" height=\"512\" srcset=\"https:\/\/europorssi.com\/wp-content\/uploads\/2022\/11\/Jani2-683x1024.jpg 683w, https:\/\/europorssi.com\/wp-content\/uploads\/2022\/11\/Jani2-200x300.jpg 200w, https:\/\/europorssi.com\/wp-content\/uploads\/2022\/11\/Jani2-768x1152.jpg 768w, https:\/\/europorssi.com\/wp-content\/uploads\/2022\/11\/Jani2-1024x1536.jpg 1024w, https:\/\/europorssi.com\/wp-content\/uploads\/2022\/11\/Jani2-560x840.jpg 560w, https:\/\/europorssi.com\/wp-content\/uploads\/2022\/11\/Jani2-73x110.jpg 73w, https:\/\/europorssi.com\/wp-content\/uploads\/2022\/11\/Jani2.jpg 1140w\" sizes=\"auto, (max-width: 342px) 100vw, 342px\" \/><figcaption><em>\u2019\u2019Kun e5-27-s\u00e4hk\u00f6-kuormaajassa on isompi OptiTemp-akku (27 kWh), sill\u00e4 pystyy ty\u00f6skentelem\u00e4\u00e4n 6 tuntia (keskiraskas ty\u00f6; ei hydraulisia laitteita k\u00e4yt\u00f6ss\u00e4). Se riitt\u00e4\u00e4 yhdeksi ty\u00f6p\u00e4iv\u00e4ksi. Pikalaturilla akun lataus t\u00e4yteen hoituu 1,5 tunnissa\u2019\u2019, Avant Tecnon toimitusjohtaja Jari K\u00e4kel\u00e4 kertoo.<\/em><br><\/figcaption><\/figure>\n<\/div>\n\n\n<p>&nbsp;Nyt Avant Power lanseeraa kaksi uuden sukupolven Avant OptiTemp -akkupakettia, joita k\u00e4ytet\u00e4\u00e4n uusissa Avant e5-27- ja Avant e5-13 -kuormaajamalleissa. Maailmanlaajuisesti ainutlaatuiset akut tuovat s\u00e4hk\u00f6kuormaajien kapasiteetin ja turvallisuuden aivan uudelle tasolle.&nbsp;<\/p>\n\n\n\n<p><strong>Avant OptiTemp -akkujen keskeiset hy\u00f6dyt:&nbsp;<\/strong><\/p>\n\n\n\n<p>\u2022 Suuri kapasiteetti, jopa 27 kWh. Avant e5-27:n kapasiteetti on kaksinkertainen muihin saman kokoluokan kuormaajiin n\u00e4hden. Voit ty\u00f6skennell\u00e4 koko p\u00e4iv\u00e4n yhdell\u00e4 ainoalla latauksella.&nbsp;<\/p>\n\n\n\n<p>\u2022 Sis\u00e4inen OptiTemp-j\u00e4rjestelm\u00e4. Innovatiivinen l\u00e4mm\u00f6nhallintaj\u00e4rjestelm\u00e4 pit\u00e4\u00e4 akun l\u00e4mp\u00f6tilan optimina, ja kapasiteetti on sama niin kuumissa kuin kylmiss\u00e4 s\u00e4\u00e4olosuhteissa. Esil\u00e4mmitetty OptiTemp-akku toimii eritt\u00e4in hyvin todella kylm\u00e4ss\u00e4 ilmastossa (-30\u00b0C). Kun akku on kiinni laturissa, l\u00e4mm\u00f6nhallintaj\u00e4rjestelm\u00e4 kytkeytyy p\u00e4\u00e4lle automaattisesti, ja kun kuormaaja irrotetaan laturista ty\u00f6p\u00e4iv\u00e4n alussa, akun l\u00e4mp\u00f6tila on mukautunut vallitseviin s\u00e4\u00e4olosuhteisiin ja kone on heti valmis raskaaseenkin ty\u00f6h\u00f6n.&nbsp;<\/p>\n\n\n\n<p>Nopea lataaminen pikalaturilla. Akun rakenteen ansiosta voit ladata akun t\u00e4yteen vain 1,5 tunnissa pikalaturilla, mik\u00e4 mahdollistaa pitk\u00e4t ty\u00f6p\u00e4iv\u00e4t.&nbsp;<\/p>\n\n\n<div class=\"wp-block-image\">\n<figure class=\"alignright size-large is-resized\"><img loading=\"lazy\" decoding=\"async\" src=\"https:\/\/europorssi.com\/wp-content\/uploads\/2022\/11\/taulukko-1024x932.jpg\" alt=\"\" class=\"wp-image-13599\" width=\"256\" height=\"233\" srcset=\"https:\/\/europorssi.com\/wp-content\/uploads\/2022\/11\/taulukko-1024x932.jpg 1024w, https:\/\/europorssi.com\/wp-content\/uploads\/2022\/11\/taulukko-300x273.jpg 300w, https:\/\/europorssi.com\/wp-content\/uploads\/2022\/11\/taulukko-768x699.jpg 768w, https:\/\/europorssi.com\/wp-content\/uploads\/2022\/11\/taulukko-560x510.jpg 560w, https:\/\/europorssi.com\/wp-content\/uploads\/2022\/11\/taulukko-121x110.jpg 121w, https:\/\/europorssi.com\/wp-content\/uploads\/2022\/11\/taulukko.jpg 1140w\" sizes=\"auto, (max-width: 256px) 100vw, 256px\" \/><\/figure>\n<\/div>\n\n\n<p>\u2022 Ehdottoman turvallinen. Mill\u00e4\u00e4n muulla akkuvalmistajalla maailmassa ei ole vastaavia turvallisuusratkaisuja. Avant OptiTemp -akuissa on minimoitu riski hallitsemattomaan akkupaloon, kiitos akun rakenteen ja uppoj\u00e4\u00e4hdytysj\u00e4rjestelm\u00e4n.&nbsp;<\/p>\n\n\n\n<p>\u201cYhteisty\u00f6mme ja Avant Powerin kehitt\u00e4mien akkujen ansiosta p\u00e4\u00e4semme valmistamaan sen tyyppisi\u00e4 s\u00e4hk\u00f6kuormaajia, joita markkinassa on kaivattu pitk\u00e4\u00e4n. Pitempi ty\u00f6skentelyaika ja edullinen hinnoittelu ovat olleet keskeisi\u00e4 s\u00e4hk\u00f6kuormaajiin liittyvi\u00e4 kysymyksi\u00e4 t\u00e4h\u00e4n asti. Uusien e5-mallien my\u00f6t\u00e4 ratkaisemme molemmat\u201d, sanoo Jani K\u00e4kel\u00e4, Avant Tecnon toimitusjohtaja.&nbsp; <\/p>\n\n\n\r\n\r\n\r\n<div class=\"row padding-vertical-small\">\r\n    <div class=\"col-xs-12 col-md-12 padding-vertical-small news-border-left background-color-grey\">\r\n\r\n                   \r\n\t\t\t\t                    <p>Jani K\u00e4kel\u00e4, toimitusjohtaja,<br \/>\nAvant Tecno Oy<br \/>\n<a href=\"mailto:jani.kakela@avanttecno.com\">jani.kakela@avanttecno.com <\/a><br \/>\n+358 44 520 7807<br \/>\n<a \n<a href=\"http:\/\/www.avanttecno.com\/fi\" rel=\"noopener\" target=\"_blank\">www.avanttecno.com\/fi<\/a><\/p>\n                  \r\n\t\t\t\t    <\/div><!--col-->              \r\n<\/div><!--row-->\r\n\n\n<div class=\"wp-block-image\">\n<figure class=\"alignleft size-large is-resized\"><img loading=\"lazy\" decoding=\"async\" src=\"https:\/\/europorssi.com\/wp-content\/uploads\/2022\/11\/Mikko-Piepponen-3-1-1024x683.jpg\" alt=\"\" class=\"wp-image-13598\" width=\"512\" height=\"342\" srcset=\"https:\/\/europorssi.com\/wp-content\/uploads\/2022\/11\/Mikko-Piepponen-3-1-1024x683.jpg 1024w, https:\/\/europorssi.com\/wp-content\/uploads\/2022\/11\/Mikko-Piepponen-3-1-300x200.jpg 300w, https:\/\/europorssi.com\/wp-content\/uploads\/2022\/11\/Mikko-Piepponen-3-1-768x512.jpg 768w, https:\/\/europorssi.com\/wp-content\/uploads\/2022\/11\/Mikko-Piepponen-3-1-560x373.jpg 560w, https:\/\/europorssi.com\/wp-content\/uploads\/2022\/11\/Mikko-Piepponen-3-1.jpg 1140w, https:\/\/europorssi.com\/wp-content\/uploads\/2022\/11\/Mikko-Piepponen-3-1-800x533.jpg 800w, https:\/\/europorssi.com\/wp-content\/uploads\/2022\/11\/Mikko-Piepponen-3-1-165x110.jpg 165w\" sizes=\"auto, (max-width: 512px) 100vw, 512px\" \/><figcaption><em>\u201dInnovatiivinen l\u00e4mm\u00f6nhallinta-j\u00e4rjestelm\u00e4 tekee uusista Avant OptiTemp -akuista t\u00e4ysin ainutlaatuisia globaalissa mittakaavassa\u201d, kertoo Avant&nbsp;Powerin operatiivinen johtaja&nbsp;<br>Mikko Piepponen.<\/em><\/figcaption><\/figure>\n<\/div>","protected":false},"excerpt":{"rendered":"<p>Avant Tecno lanseerasi t\u00e4yss\u00e4hk\u00f6iset Avant e5-27 ja e5-13 -kuormaajat Bauma 2022 -messuilla. S\u00e4hk\u00f6kuormaajien kapasiteetti nousee t\u00e4ysin uudelle tasolle, kun suomalaisen pienkuormaajavalmistajan Avant Tecnon uusi tyt\u00e4ryhti\u00f6, Avant Power, alkaa valmistaa akkuja t\u00e4yss\u00e4hk\u00f6isiin Avanteihin 2023.&nbsp;Kaksi uutta kuormaajamallia, Avant e5-27 ja Avant e5-13, on varustettu Avantin omilla OptiTemp-akuilla (27kWh ja 13kWh), joissa on maailmanlaajuisesti ainutlaatuinen l\u00e4mm\u00f6nhallintaj\u00e4rjestelm\u00e4. Avant e5-27-kuormaaja [&hellip;]<\/p>\n","protected":false},"author":4,"featured_media":13596,"comment_status":"closed","ping_status":"open","sticky":false,"template":"","format":"standard","meta":{"_acf_changed":false,"footnotes":""},"categories":[1],"tags":[],"class_list":["post-13595","post","type-post","status-publish","format-standard","has-post-thumbnail","hentry","category-yleinen"],"acf":[],"aioseo_notices":[],"_links":{"self":[{"href":"https:\/\/europorssi.com\/fi\/wp-json\/wp\/v2\/posts\/13595","targetHints":{"allow":["GET"]}}],"collection":[{"href":"https:\/\/europorssi.com\/fi\/wp-json\/wp\/v2\/posts"}],"about":[{"href":"https:\/\/europorssi.com\/fi\/wp-json\/wp\/v2\/types\/post"}],"author":[{"embeddable":true,"href":"https:\/\/europorssi.com\/fi\/wp-json\/wp\/v2\/users\/4"}],"replies":[{"embeddable":true,"href":"https:\/\/europorssi.com\/fi\/wp-json\/wp\/v2\/comments?post=13595"}],"version-history":[{"count":0,"href":"https:\/\/europorssi.com\/fi\/wp-json\/wp\/v2\/posts\/13595\/revisions"}],"wp:featuredmedia":[{"embeddable":true,"href":"https:\/\/europorssi.com\/fi\/wp-json\/wp\/v2\/media\/13596"}],"wp:attachment":[{"href":"https:\/\/europorssi.com\/fi\/wp-json\/wp\/v2\/media?parent=13595"}],"wp:term":[{"taxonomy":"category","embeddable":true,"href":"https:\/\/europorssi.com\/fi\/wp-json\/wp\/v2\/categories?post=13595"},{"taxonomy":"post_tag","embeddable":true,"href":"https:\/\/europorssi.com\/fi\/wp-json\/wp\/v2\/tags?post=13595"}],"curies":[{"name":"wp","href":"https:\/\/api.w.org\/{rel}","templated":true}]}}