{"id":13653,"date":"2022-11-03T08:12:40","date_gmt":"2022-11-03T06:12:40","guid":{"rendered":"https:\/\/europorssi.com\/?p=13653"},"modified":"2022-11-03T08:12:42","modified_gmt":"2022-11-03T06:12:42","slug":"bauma-2022-lahes-puoli-miljoonaa-kavijaa","status":"publish","type":"post","link":"https:\/\/europorssi.com\/fi\/bauma-2022-lahes-puoli-miljoonaa-kavijaa\/","title":{"rendered":"Bauma 2022 \u2013 l\u00e4hes puoli miljoonaa k\u00e4vij\u00e4\u00e4"},"content":{"rendered":"\n<p><strong>Messe M\u00fcnchenin tontista muodostui rakennuskoneteollisuuden keskus seitsem\u00e4ksi kokonaiseksi p\u00e4iv\u00e4ksi, kun massiiviset Bauma-messut kokosi alan toimijat koolle 24.\u201330.10.2022. Yhteens\u00e4 noin 3 200 n\u00e4ytteilleasettajaa 60 eri maasta (2019: 3 684-n\u00e4ytteilleasettajaa 63 maasta) ja yli 495 000 k\u00e4vij\u00e4\u00e4 yli 200 eri maasta (2019: 627 603 k\u00e4vij\u00e4\u00e4 yli 200 maasta) saapuivat M\u00fcncheniin maailman johtaville rakennuskoneiden, rakennusmateriaalikoneiden, kaivoskoneiden, rakennusajoneuvojen ja rakennuslaitteiden Bauma-messuille. Kansainv\u00e4listen matkailijoiden osuus oli noin 50 prosenttia.<\/strong><\/p>\n\n\n\n<p>T\u00e4m\u00e4n vuoden tapahtumassa 10 suurinta n\u00e4ytteilleasettajamaata olivat t\u00e4ss\u00e4 j\u00e4rjestyksess\u00e4: Saksa, Italia, Turkki, Iso-Britannia ja Pohjois-Irlanti, Alankomaat, Ranska, Yhdysvallat, It\u00e4valta, Espanja ja Kiina. Kansainv\u00e4listen n\u00e4ytteilleasettajien osuus oli l\u00e4hes 65 prosenttia.<\/p>\n\n\n\n<p>Tapahtumasta vastaava Messe M\u00fcnchenin toimitusjohtaja Stefan Rummel on tyytyv\u00e4inen: \u201dT\u00e4m\u00e4 Bauma on j\u00e4lleen her\u00e4tt\u00e4nyt innostusta ja kiehtovuutta! Kun maailma muuttui perusteellisesti edellisen Bauman j\u00e4lkeen, olemme todella innoissamme Bauma 2022 osoittaessa, ett\u00e4 messut ovat edelleen rakennuskoneteollisuuden voimanpes\u00e4 asiakkaidemme suuren innovaatiovalikoiman, hyvien liiketoimintatarjousten ja monien k\u00e4vij\u00f6iden ansiosta ymp\u00e4ri maailmaa.\u201d<\/p>\n\n\n\n<p><strong>Alan odotukset ylittiv\u00e4t huomattavasti<\/strong><\/p>\n\n\n\n<p>Bauma osoitti tavanomaista vahvuuttaan my\u00f6s n\u00e4in\u00e4 levottomina aikoina, kuten Domenic Ruccolo, Wirtgen Groupin CSO ja John Deeren globaalien rakennuslaitteiden myynti-, markkinointi- ja tuotetukijohtaja, vahvistaa: \u201dWIRTGEN GROUP:n yhteinen messuesiintyminen John Deeren kanssa oli valtava menestys. Kiinnostus yrityst\u00e4mme ja innovatiivisia ja kest\u00e4vi\u00e4 tuotteitamme kohtaan oli yksinkertaisesti ylivoimaista. Osallistumisemme alan johtaville messuille Baumaan oli Wirtgen Groupin historian menestyksekk\u00e4in.\u201d My\u00f6s Liebherrin hallituksen j\u00e4sen Steffen G\u00fcnther ilmaisee tyytyv\u00e4isyytens\u00e4: \u201dBauma osoittautui meille eritt\u00e4in onnistuneeksi messuksi. Her\u00e4timme paljon innostusta suuren yleis\u00f6n keskuudessa. Keskustelut olivat erinomaisia. Odotamme nyt innolla seuraavia Bauma-messuja.\u201d Fred Cordes, Zeppelinin (CAT) hallintoneuvoston puheenjohtaja, lis\u00e4\u00e4: \u201dBauma olikauan odotettu \u2013 kuten osoitti vilkkaus osastollamme ja poikkeuksellinen kiinnostus Cat-rakennuskoneisiin ja Zeppelin-palveluihin.\u201d<\/p>\n\n\n\n<p>Ja my\u00f6s liikesopimusten osalta Bauma osoitti j\u00e4lleen kerran, ett\u00e4 se on alan alusta. Alexander Greschner, Wacker Neuson Groupin myyntijohtaja, sanoo: \u201dVierailijat ker\u00e4\u00e4ntyiv\u00e4t osastollemme, ja meill\u00e4 oli paljon eritt\u00e4in hyvi\u00e4 keskusteluja. Ensimm\u00e4isest\u00e4 p\u00e4iv\u00e4st\u00e4 l\u00e4htien pystyimme saavuttamaan myyntimenestyst\u00e4 samalla tasolla kuin vuonna 2019.\u201d PERI:n omistajalla Alexander Schw\u00f6rerill\u00e4 oli samanlainen kokemus ja h\u00e4n sanoi: \u201dKoko tiimi oli eritt\u00e4in innokas n\u00e4kem\u00e4\u00e4n, miten messut kehittyisiv\u00e4t n\u00e4in\u00e4 vaikeina aikoina. Mutta jo ensimm\u00e4isen p\u00e4iv\u00e4n j\u00e4lkeen oli selv\u00e4\u00e4, ett\u00e4 t\u00e4m\u00e4 Bauma olisi t\u00e4ydellinen menestys. Erityisen huomionarvoista on messuviikolla k\u00e4ymiemme keskustelujen laatu: ne olivat poikkeuksellisia kaikilta osin. Ja asia, jonka haluan ehdottomasti mainita: allekirjoitimme useita eritt\u00e4in houkuttelevia sopimuksia messuilla. Lyhyesti sanottuna Bauma 2022 ylitti odotuksemme.\u201d<\/p>\n\n\n\n<p><strong>Fokus tulevaisuuden aiheissa<\/strong><\/p>\n\n\n\n<p>Franz-Josef Paus, Paus Maschinenfabrik GmbH:n toimitusjohtaja ja Bauma Advisory Boardin puheenjohtaja, sanoo yhteenvetona: \u201dOlemme eritt\u00e4in tyytyv\u00e4isi\u00e4 siihen, miten Bauma meni. Messut olivat valtavan suosittu asiakkaidemme ja vieraidemme keskuudessa. Digitalisaatio ja automaatio olivat messuja hallitsevia aiheita, ja t\u00e4m\u00e4 trendi on peruuttamaton.\u201d Joachim Schmid, Saksan insin\u00f6\u00f6riliiton (VDMA) rakennuskoneiden ja rakennusmateriaalien yhdistyksen toimitusjohtaja, toistaa t\u00e4m\u00e4n sanoen: \u201dN\u00e4ytteilleasettajat tarjoavat ratkaisuja CO<sub>2<\/sub>-neutraaliuteen liittyvien nykyisten haasteiden ratkaisemiseksi sek\u00e4 ammattitaitoisten ty\u00f6ntekij\u00f6iden puutteen ratkaisemiseksi automaation ja digitalisaation avulla. T\u00e4m\u00e4 on tulevaisuutta. T\u00e4m\u00e4 n\u00e4kyy perinteisiss\u00e4 yrityksiss\u00e4 ja messuilla ensimm\u00e4ist\u00e4 kertaa l\u00e4hes 50 startupin kanssa.\u201d PALFINGERin toimitusjohtaja Andreas Klauser p\u00e4\u00e4tt\u00e4\u00e4 asiat osuvasti toteamalla: \u201dMaailman johtavina messuina Bauma antaa n\u00e4ytteilleasettajille ja vierailijoille mahdollisuuden kokea tulevaisuus jo t\u00e4n\u00e4\u00e4n.\u201d <\/p>\n\n\n\r\n\r\n\r\n<div class=\"row padding-vertical-small\">\r\n    <div class=\"col-xs-12 col-md-12 padding-vertical-small news-border-left background-color-grey\">\r\n\r\n                   \r\n\t\t\t\t                    <p><a href=\"http:\/\/www.bauma.de\" rel=\"noopener\" target=\"_blank\">www.bauma.de<\/a><br \/>\nSeuraava Bauma pidet\u00e4\u00e4n M\u00fcncheniss\u00e4 7.\u201313.4.2025.<\/p>\n                  \r\n\t\t\t\t    <\/div><!--col-->              \r\n<\/div><!--row-->\r\n\n\n<div class=\"wp-block-image\">\n<figure class=\"alignleft size-large is-resized\"><img loading=\"lazy\" decoding=\"async\" src=\"https:\/\/europorssi.com\/wp-content\/uploads\/2022\/11\/4081_-1-1024x768.jpg\" alt=\"\" class=\"wp-image-13657\" width=\"512\" height=\"384\" srcset=\"https:\/\/europorssi.com\/wp-content\/uploads\/2022\/11\/4081_-1-1024x768.jpg 1024w, https:\/\/europorssi.com\/wp-content\/uploads\/2022\/11\/4081_-1-300x225.jpg 300w, https:\/\/europorssi.com\/wp-content\/uploads\/2022\/11\/4081_-1-768x576.jpg 768w, https:\/\/europorssi.com\/wp-content\/uploads\/2022\/11\/4081_-1-560x420.jpg 560w, https:\/\/europorssi.com\/wp-content\/uploads\/2022\/11\/4081_-1-147x110.jpg 147w, https:\/\/europorssi.com\/wp-content\/uploads\/2022\/11\/4081_-1.jpg 1140w\" sizes=\"auto, (max-width: 512px) 100vw, 512px\" \/><figcaption><em>Yhteens\u00e4 noin 3 200 n\u00e4ytteilleasettajaa 60 eri maasta osallistui maailman johtaville rakennuskoneiden, rakennusmateriaalikoneiden, kaivoskoneiden, rakennusajoneuvojen ja rakennuskoneiden messuille M\u00fcncheniss\u00e4 24.\u201330.10.2022.<\/em><br><\/figcaption><\/figure>\n<\/div>","protected":false},"excerpt":{"rendered":"<p>Messe M\u00fcnchenin tontista muodostui rakennuskoneteollisuuden keskus seitsem\u00e4ksi kokonaiseksi p\u00e4iv\u00e4ksi, kun massiiviset Bauma-messut kokosi alan toimijat koolle 24.\u201330.10.2022. Yhteens\u00e4 noin 3 200 n\u00e4ytteilleasettajaa 60 eri maasta (2019: 3 684-n\u00e4ytteilleasettajaa 63 maasta) ja yli 495 000 k\u00e4vij\u00e4\u00e4 yli 200 eri maasta (2019: 627 603 k\u00e4vij\u00e4\u00e4 yli 200 maasta) saapuivat M\u00fcncheniin maailman johtaville rakennuskoneiden, rakennusmateriaalikoneiden, kaivoskoneiden, rakennusajoneuvojen ja [&hellip;]<\/p>\n","protected":false},"author":4,"featured_media":13654,"comment_status":"closed","ping_status":"open","sticky":false,"template":"","format":"standard","meta":{"_acf_changed":false,"footnotes":""},"categories":[1],"tags":[],"class_list":["post-13653","post","type-post","status-publish","format-standard","has-post-thumbnail","hentry","category-yleinen"],"acf":[],"aioseo_notices":[],"_links":{"self":[{"href":"https:\/\/europorssi.com\/fi\/wp-json\/wp\/v2\/posts\/13653","targetHints":{"allow":["GET"]}}],"collection":[{"href":"https:\/\/europorssi.com\/fi\/wp-json\/wp\/v2\/posts"}],"about":[{"href":"https:\/\/europorssi.com\/fi\/wp-json\/wp\/v2\/types\/post"}],"author":[{"embeddable":true,"href":"https:\/\/europorssi.com\/fi\/wp-json\/wp\/v2\/users\/4"}],"replies":[{"embeddable":true,"href":"https:\/\/europorssi.com\/fi\/wp-json\/wp\/v2\/comments?post=13653"}],"version-history":[{"count":0,"href":"https:\/\/europorssi.com\/fi\/wp-json\/wp\/v2\/posts\/13653\/revisions"}],"wp:featuredmedia":[{"embeddable":true,"href":"https:\/\/europorssi.com\/fi\/wp-json\/wp\/v2\/media\/13654"}],"wp:attachment":[{"href":"https:\/\/europorssi.com\/fi\/wp-json\/wp\/v2\/media?parent=13653"}],"wp:term":[{"taxonomy":"category","embeddable":true,"href":"https:\/\/europorssi.com\/fi\/wp-json\/wp\/v2\/categories?post=13653"},{"taxonomy":"post_tag","embeddable":true,"href":"https:\/\/europorssi.com\/fi\/wp-json\/wp\/v2\/tags?post=13653"}],"curies":[{"name":"wp","href":"https:\/\/api.w.org\/{rel}","templated":true}]}}