{"id":13981,"date":"2023-01-19T08:12:28","date_gmt":"2023-01-19T06:12:28","guid":{"rendered":"https:\/\/europorssi.com\/?p=13981"},"modified":"2023-01-19T13:18:32","modified_gmt":"2023-01-19T11:18:32","slug":"iveco-edaily-sai-what-van-lehden-one-to-watch-palkinnon","status":"publish","type":"post","link":"https:\/\/europorssi.com\/fi\/iveco-edaily-sai-what-van-lehden-one-to-watch-palkinnon\/","title":{"rendered":"Uusi IVECO eDAILY sai What Van? -lehden One to Watch -palkinnon"},"content":{"rendered":"\n<p><strong>IVECO eDAILY on saanut What Van? -lehden vuoden 2023 One to Watch -tunnustuksen. Palkinnon my\u00f6nt\u00e4\u00e4 vuosittain riippumaton raati, jonka j\u00e4senet edustavat kevyiden hy\u00f6tyajoneuvojen alaa eri merkkien, yritysten ja organisaatioiden huipulta.&nbsp;<\/strong><\/p>\n\n\n\n<p>Palkinto on ansaittu, sill\u00e4 modulaarisen akkuj\u00e4rjestelm\u00e4ns\u00e4, verrattoman vetokykyns\u00e4 ja luokkansa johtavan 15 kW:n s\u00e4hk\u00f6isen voimanulosoton ansiosta uusi eDAILY on valmis hoitamaan haastavatkin teht\u00e4v\u00e4t.<\/p>\n\n\n\n<p>\u2013 eDAILYss\u00e4 on monia hy\u00f6dyllisi\u00e4 ominaisuuksia, kuten virransy\u00f6tt\u00f6 lis\u00e4laitteille. S\u00e4hk\u00f6k\u00e4ytt\u00f6isest\u00e4 Dailyst\u00e4 on saatavana 3,5\u20137,2 tonnin versiot, joiden kuormitettavuus vastaa polttomoottoriajoneuvoja. Akkuja voi olla yhdest\u00e4 kolmeen, ja toimintamatka ylt\u00e4\u00e4 jopa 400 kilometriin. IVECOn uusi s\u00e4hk\u00f6inen DAILY-pakettiauto edustaa muutosta br\u00e4ndin aiemmasta kokeilusta ladattavien s\u00e4hk\u00f6ajoneuvojen markkinoilla, kertoo What Van? -lehden toimittaja James Dallas.<\/p>\n\n\n\n<p>Ikonisen Dailyn s\u00e4hk\u00f6iseksi kaksoseksi suunniteltu eDAILY kattaa kaikki kevyen hy\u00f6tyajoneuvon k\u00e4ytt\u00f6kohteet \u2013 niin raskaat teht\u00e4v\u00e4t kuin muunnoksetkin. eDAILY on saatavana Van-, Cab-, Crew cab-, Chassis cowl- ja Minibus-koriversioina 7,2 tonnin kokonaispainoon asti, sek\u00e4 yksi- ett\u00e4 paripy\u00f6r\u00e4isin\u00e4 versioina. Lis\u00e4ksi on laaja valikoima korkeus- ja akseliv\u00e4livaihtoehtoja.&nbsp;<\/p>\n\n\n\n<p>eDAILY on suunniteltu tarjoamaan yht\u00e4 kattavat ominaisuudet, joista polttomoottorimalli on tullut tunnetuksi. Se on ainoa s\u00e4hk\u00f6inen kevyt hy\u00f6tyajoneuvo, joka pystyy vahvan kuorma-autopohjaisen alustansa ansiosta vet\u00e4m\u00e4\u00e4n 3,5 tonnin kuormaa. Laaja akseliv\u00e4livalikoima mahdollistaa jopa 20 kuutiometrin rahtikapasiteetin.&nbsp;<\/p>\n\n\n\n<p>Valitsemalla sopivan akkukokoonpanon k\u00e4ytt\u00e4j\u00e4t voivat r\u00e4\u00e4t\u00e4l\u00f6id\u00e4 eDAILYn juuri omaan teht\u00e4v\u00e4\u00e4ns\u00e4 sopivaksi tasapainottaen hy\u00f6tykuormaa ja toimintamatkaa. 80 kW:n pikalatauskapasiteetilla eDAILY voi saavuttaa 100 km:n toimintamatkan vain 30 minuutissa, kun kokonaistoimintamatka on t\u00e4ydell\u00e4 latauksella jopa 400 km*.&nbsp;<\/p>\n\n\n\n<p>Akuilla on huippuluokan takuu, yhdell\u00e4 akulla varustetuilla ajoneuvoilla kahdeksan vuotta ja 160 000 km, kahdella tai kolmella akulla varustetuilla 250 000 km. Luokkansa paras k\u00e4\u00e4nt\u00f6ympyr\u00e4 kruunaa ketteryyden ja regeneratiivinen One Pedal Drive -tila helpottaa kaupunkiajoa, kun sek\u00e4 kiihdytys ett\u00e4 jarrutus onnistuvat pelk\u00e4ll\u00e4 kaasupolkimella.<\/p>\n\n\n\n<p>\u2013Olemme iloisia saadessamme vastaanottaa t\u00e4m\u00e4n arvostetun palkinnon What Van? -lehdelt\u00e4. Se on t\u00e4rke\u00e4 tunnustus eDAILY:n erinomaisista ominaisuuksista, jotka tekev\u00e4t siit\u00e4 ainutlaatuisen tuotteen markkinoilla, sanoo Tuomas Vir\u00e9n, myyntijohtaja, IVECO Finland Oy.<\/p>\n\n\n\n<p>IVECO on jo ottanut vastaan ensimm\u00e4iset kaupalliset tilauksensa uusimmasta s\u00e4hk\u00f6autostaan, joka esiteltiin virallisesti IAA 2022 -messuilla syyskuussa. eDAILYn valitsivat Petit Forestier Group, Euroopan johtava kylm\u00e4ajoneuvojen vuokraus- ja liisausyritys, joka allekirjoitti Hannoverissa aiesopimuksen 2 000 eDAILY-alustan toimittamisesta sek\u00e4 italialainen SV Noleggio, jolla on yli 20 vuoden kokemus kylm\u00e4ajoneuvojen vuokrauksesta, ja joka ilmoitti viime marraskuussa allekirjoittaneensa sopimuksen 200:n kylm\u00e4laatikoilla varustetun eDAILYn toimittamisesta. <\/p>\n\n\n\n<p><em>*Ilmoitettu toimintamatka viittaa IVECO Daily 42S:n kolmiakkuiseen malliin kaupunkiajossa.<\/em><\/p>\n","protected":false},"excerpt":{"rendered":"<p>IVECO eDAILY on saanut What Van? -lehden vuoden 2023 One to Watch -tunnustuksen. Palkinnon my\u00f6nt\u00e4\u00e4 vuosittain riippumaton raati, jonka j\u00e4senet edustavat kevyiden hy\u00f6tyajoneuvojen alaa eri merkkien, yritysten ja organisaatioiden huipulta.&nbsp; Palkinto on ansaittu, sill\u00e4 modulaarisen akkuj\u00e4rjestelm\u00e4ns\u00e4, verrattoman vetokykyns\u00e4 ja luokkansa johtavan 15 kW:n s\u00e4hk\u00f6isen voimanulosoton ansiosta uusi eDAILY on valmis hoitamaan haastavatkin teht\u00e4v\u00e4t. \u2013 eDAILYss\u00e4 [&hellip;]<\/p>\n","protected":false},"author":4,"featured_media":13982,"comment_status":"closed","ping_status":"open","sticky":false,"template":"","format":"standard","meta":{"_acf_changed":false,"footnotes":""},"categories":[1],"tags":[],"class_list":["post-13981","post","type-post","status-publish","format-standard","has-post-thumbnail","hentry","category-yleinen"],"acf":[],"aioseo_notices":[],"_links":{"self":[{"href":"https:\/\/europorssi.com\/fi\/wp-json\/wp\/v2\/posts\/13981","targetHints":{"allow":["GET"]}}],"collection":[{"href":"https:\/\/europorssi.com\/fi\/wp-json\/wp\/v2\/posts"}],"about":[{"href":"https:\/\/europorssi.com\/fi\/wp-json\/wp\/v2\/types\/post"}],"author":[{"embeddable":true,"href":"https:\/\/europorssi.com\/fi\/wp-json\/wp\/v2\/users\/4"}],"replies":[{"embeddable":true,"href":"https:\/\/europorssi.com\/fi\/wp-json\/wp\/v2\/comments?post=13981"}],"version-history":[{"count":0,"href":"https:\/\/europorssi.com\/fi\/wp-json\/wp\/v2\/posts\/13981\/revisions"}],"wp:featuredmedia":[{"embeddable":true,"href":"https:\/\/europorssi.com\/fi\/wp-json\/wp\/v2\/media\/13982"}],"wp:attachment":[{"href":"https:\/\/europorssi.com\/fi\/wp-json\/wp\/v2\/media?parent=13981"}],"wp:term":[{"taxonomy":"category","embeddable":true,"href":"https:\/\/europorssi.com\/fi\/wp-json\/wp\/v2\/categories?post=13981"},{"taxonomy":"post_tag","embeddable":true,"href":"https:\/\/europorssi.com\/fi\/wp-json\/wp\/v2\/tags?post=13981"}],"curies":[{"name":"wp","href":"https:\/\/api.w.org\/{rel}","templated":true}]}}