{"id":14059,"date":"2023-01-30T14:10:20","date_gmt":"2023-01-30T12:10:20","guid":{"rendered":"https:\/\/europorssi.com\/?p=14059"},"modified":"2023-01-30T14:10:20","modified_gmt":"2023-01-30T12:10:20","slug":"retro-trucks-tapahtuma-tekee-paluun","status":"publish","type":"post","link":"https:\/\/europorssi.com\/fi\/retro-trucks-tapahtuma-tekee-paluun\/","title":{"rendered":"<strong>Retro Trucks -tapahtuma tekee paluun<\/strong>"},"content":{"rendered":"\n<p class=\"wp-block-paragraph\">Veteraanikuorma-autojen ja retrorekkojen sek\u00e4 n\u00e4iden yst\u00e4vien parissa vankan maineen saavuttanut Retro Trucks -tapahtuma tekee paluun. Mutkaton Retro Trucks Lahes kokoaa yhteen eilisp\u00e4iv\u00e4n kuljetuskaluston sek\u00e4 n\u00e4ist\u00e4 kiinnostuneet tuttuun tapaan wapun j\u00e4lkeisen\u00e4 lauantaina 6.5.2023, mutta nyt uudessa paikassa Lahden Kujalassa, Originator Oy:n Lahden toimipisteess\u00e4. Tapahtumaan on t\u00e4n\u00e4kin vuonna vapaa p\u00e4\u00e4sy!<\/p>\n\n\n\n<p class=\"wp-block-paragraph\">Tutuksi tulleen konseptin mukaisessa, kokoontumisajotyyppisess\u00e4 ja tapahtumassa p\u00e4\u00e4osassa ovat sek\u00e4 museokuorma-autot ett\u00e4 vasta rippikouluik\u00e4\u00e4n ylt\u00e4neet hy\u00f6tyajoneuvot. Retro Trucks Lahes -tapahtumaan ovat tervetulleita niin hohtavaan kuosiin entistetyt museoautot kuin vuosirenkaita ylleen kerrytt\u00e4neet, mutta edelleen ty\u00f6k\u00e4yt\u00f6ss\u00e4 olevat ajokit. Ajan patina saa jatkossakin n\u00e4ky\u00e4 t\u00e4ss\u00e4 tapahtumassa.<\/p>\n\n\n\n<p class=\"wp-block-paragraph\">Tapahtuman tarkoituksena on luoda mukavat ja mutkattomat puitteet ajoneuvoihin tutustumiselle sek\u00e4 hyv\u00e4ntuuliselle tarinoinnille. Paikan p\u00e4\u00e4ll\u00e4 on monipuolinen kanttiini, joka tarjoilee vieraille laajan valikoiman suolaista ja makeaa ev\u00e4st\u00e4 ajoneuvojen parissa nautittavaksi.<\/p>\n\n\n\n<p class=\"wp-block-paragraph\">Eilisp\u00e4iv\u00e4n autojen ohella paikalla on my\u00f6s rompetori, jonka tarjonta rajoittuu vain ja ainoastaan raskaaseen kalustoon ja alaan l\u00e4heisesti liittyv\u00e4\u00e4n esineist\u00f6\u00f6n.<\/p>\n\n\n\n<p class=\"wp-block-paragraph\">Tapahtumapaikkana toimii Originator Oy:n Lahden toimipiste Lahden Kujalassa.<br>Ajoneuvojen maksuton pys\u00e4k\u00f6inti tapahtuu osoitteessa Makasiinikatu 5, 15150 Lahti.<br>Pys\u00e4k\u00f6intialueen ja n\u00e4yttelyn v\u00e4lill\u00e4 on maksuton ja jatkuva linja-autokuljetus koko p\u00e4iv\u00e4n ajan.<\/p>\n\n\n\n<p class=\"wp-block-paragraph\">Retro Trucks Lahes 6.5.2023 kello 09.00-16.00<\/p>\n\n\n\n<p class=\"wp-block-paragraph\">Navigaattorille tiedoksi:<br>n\u00e4yttelypaikan osoite: Paanakatu , 15150 Lahti<br>pys\u00e4k\u00f6intialueen osoite: Makasiinikatu 5, 15150 Lahti<\/p>\n\n\n\r\n\r\n\r\n<div class=\"row padding-vertical-small\">\r\n    <div class=\"col-xs-12 col-md-12 padding-vertical-small news-border-left background-color-grey\">\r\n\r\n                   \r\n\t\t\t\t                    <p>Lis\u00e4tietoa tapahtumasta l\u00f6yd\u00e4t oheisten kanavien kautta:<br \/>\n<a href=\"http:\/\/vetku.fi\/retro-trucks-lahes-2023\/\" rel=\"noopener\" target=\"_blank\">vetku.fi\/retro-trucks-lahes-2023\/<\/a><br \/>\n<a href=\"http:\/\/www.facebook.com\/retrotruckslahes\" rel=\"noopener\" target=\"_blank\">www.facebook.com\/retrotruckslahes<\/a> <\/p>\n                  \r\n\t\t\t\t    <\/div><!--col-->              \r\n<\/div><!--row-->\r\n","protected":false},"excerpt":{"rendered":"<p>Veteraanikuorma-autojen ja retrorekkojen sek\u00e4 n\u00e4iden yst\u00e4vien parissa vankan maineen saavuttanut Retro Trucks -tapahtuma tekee paluun. Mutkaton Retro Trucks Lahes kokoaa yhteen eilisp\u00e4iv\u00e4n kuljetuskaluston sek\u00e4 n\u00e4ist\u00e4 kiinnostuneet tuttuun tapaan wapun j\u00e4lkeisen\u00e4 lauantaina 6.5.2023, mutta nyt uudessa paikassa Lahden Kujalassa, Originator Oy:n Lahden toimipisteess\u00e4. Tapahtumaan on t\u00e4n\u00e4kin vuonna vapaa p\u00e4\u00e4sy! Tutuksi tulleen konseptin mukaisessa, kokoontumisajotyyppisess\u00e4 ja tapahtumassa [&hellip;]<\/p>\n","protected":false},"author":12,"featured_media":14060,"comment_status":"closed","ping_status":"open","sticky":false,"template":"","format":"standard","meta":{"_acf_changed":false,"footnotes":""},"categories":[1],"tags":[],"class_list":["post-14059","post","type-post","status-publish","format-standard","has-post-thumbnail","hentry","category-yleinen"],"acf":[],"aioseo_notices":[],"aioseo_head":"\n\t\t<!-- All in One SEO Pro 5.0.1.1 - aioseo.com -->\n\t<meta name=\"robots\" content=\"max-image-preview:large\" \/>\n\t<meta name=\"author\" content=\"Petri Engelberg\"\/>\n\t<meta name=\"google-site-verification\" content=\"VK-uRk6nqtn8wc1b-ALExIFuRwXK2izWwDcQ_HDX2ao\" \/>\n\t<link rel=\"canonical\" href=\"https:\/\/europorssi.com\/fi\/retro-trucks-tapahtuma-tekee-paluun\/\" \/>\n\t<meta name=\"generator\" content=\"All in One SEO Pro (AIOSEO) 5.0.1.1\" \/>\n\n\t\t<meta name=\"facebook-domain-verification\" content=\"og5lks49cnyyp1q10tv7okx3e0s3ve\" \/>\n<meta name=\"google-site-verification\" content=\"gH9_hC_pSuWUtmlMQG6MXG2HJdapENUktzp6qE6MTJ4\" \/>\n\t\t<meta property=\"og:locale\" content=\"fi_FI\" \/>\n\t\t<meta property=\"og:site_name\" content=\"Europ\u00f6rssi\" \/>\n\t\t<meta property=\"og:type\" content=\"article\" \/>\n\t\t<meta property=\"og:title\" content=\"Retro Trucks -tapahtuma tekee paluun | Europ\u00f6rssi\" \/>\n\t\t<meta property=\"og:url\" content=\"https:\/\/europorssi.com\/fi\/retro-trucks-tapahtuma-tekee-paluun\/\" \/>\n\t\t<meta property=\"og:image\" content=\"https:\/\/europorssi.com\/wp-content\/uploads\/2023\/01\/retro.jpg\" \/>\n\t\t<meta property=\"og:image:secure_url\" content=\"https:\/\/europorssi.com\/wp-content\/uploads\/2023\/01\/retro.jpg\" \/>\n\t\t<meta property=\"og:image:width\" content=\"1140\" \/>\n\t\t<meta property=\"og:image:height\" content=\"760\" \/>\n\t\t<meta property=\"article:published_time\" content=\"2023-01-30T12:10:20+00:00\" \/>\n\t\t<meta property=\"article:modified_time\" content=\"2023-01-30T12:10:20+00:00\" \/>\n\t\t<meta name=\"twitter:card\" content=\"summary\" \/>\n\t\t<meta name=\"twitter:title\" content=\"Retro Trucks -tapahtuma tekee paluun | Europ\u00f6rssi\" \/>\n\t\t<meta name=\"twitter:image\" content=\"https:\/\/europorssi.com\/wp-content\/uploads\/2023\/01\/retro.jpg\" \/>\n\t\t<script type=\"application\/ld+json\" class=\"aioseo-schema\">\n\t\t\t{\"@context\":\"https:\\\/\\\/schema.org\",\"@graph\":[{\"@type\":\"Article\",\"@id\":\"https:\\\/\\\/europorssi.com\\\/fi\\\/retro-trucks-tapahtuma-tekee-paluun\\\/#article\",\"name\":\"Retro Trucks -tapahtuma tekee paluun | Europ\\u00f6rssi\",\"headline\":\"Retro Trucks -tapahtuma tekee paluun\",\"author\":{\"@id\":\"https:\\\/\\\/europorssi.com\\\/fi\\\/author\\\/petrie\\\/#author\"},\"publisher\":{\"@id\":\"https:\\\/\\\/europorssi.com\\\/fi\\\/#organization\"},\"image\":{\"@type\":\"ImageObject\",\"url\":\"https:\\\/\\\/europorssi.com\\\/wp-content\\\/uploads\\\/2023\\\/01\\\/retro.jpg\",\"width\":1140,\"height\":760},\"datePublished\":\"2023-01-30T14:10:20+02:00\",\"dateModified\":\"2023-01-30T14:10:20+02:00\",\"inLanguage\":\"fi\",\"mainEntityOfPage\":{\"@id\":\"https:\\\/\\\/europorssi.com\\\/fi\\\/retro-trucks-tapahtuma-tekee-paluun\\\/#webpage\"},\"isPartOf\":{\"@id\":\"https:\\\/\\\/europorssi.com\\\/fi\\\/retro-trucks-tapahtuma-tekee-paluun\\\/#webpage\"},\"articleSection\":\"Yleinen, Optional\"},{\"@type\":\"BreadcrumbList\",\"@id\":\"https:\\\/\\\/europorssi.com\\\/fi\\\/retro-trucks-tapahtuma-tekee-paluun\\\/#breadcrumblist\",\"itemListElement\":[{\"@type\":\"ListItem\",\"@id\":\"https:\\\/\\\/europorssi.com\\\/fi\\\/#listItem\",\"position\":1,\"name\":\"Home\",\"item\":\"https:\\\/\\\/europorssi.com\\\/fi\\\/\",\"nextItem\":{\"@type\":\"ListItem\",\"@id\":\"https:\\\/\\\/europorssi.com\\\/fi\\\/category\\\/yleinen\\\/#listItem\",\"name\":\"Yleinen\"}},{\"@type\":\"ListItem\",\"@id\":\"https:\\\/\\\/europorssi.com\\\/fi\\\/category\\\/yleinen\\\/#listItem\",\"position\":2,\"name\":\"Yleinen\",\"item\":\"https:\\\/\\\/europorssi.com\\\/fi\\\/category\\\/yleinen\\\/\",\"nextItem\":{\"@type\":\"ListItem\",\"@id\":\"https:\\\/\\\/europorssi.com\\\/fi\\\/retro-trucks-tapahtuma-tekee-paluun\\\/#listItem\",\"name\":\"Retro Trucks -tapahtuma tekee paluun\"},\"previousItem\":{\"@type\":\"ListItem\",\"@id\":\"https:\\\/\\\/europorssi.com\\\/fi\\\/#listItem\",\"name\":\"Home\"}},{\"@type\":\"ListItem\",\"@id\":\"https:\\\/\\\/europorssi.com\\\/fi\\\/retro-trucks-tapahtuma-tekee-paluun\\\/#listItem\",\"position\":3,\"name\":\"Retro Trucks -tapahtuma tekee paluun\",\"previousItem\":{\"@type\":\"ListItem\",\"@id\":\"https:\\\/\\\/europorssi.com\\\/fi\\\/category\\\/yleinen\\\/#listItem\",\"name\":\"Yleinen\"}}]},{\"@type\":\"Organization\",\"@id\":\"https:\\\/\\\/europorssi.com\\\/fi\\\/#organization\",\"name\":\"Europ\\u00f6rssi\",\"description\":\"Suomen johtava raskaan kaluston erikoislehti\",\"url\":\"https:\\\/\\\/europorssi.com\\\/fi\\\/\"},{\"@type\":\"Person\",\"@id\":\"https:\\\/\\\/europorssi.com\\\/fi\\\/author\\\/petrie\\\/#author\",\"url\":\"https:\\\/\\\/europorssi.com\\\/fi\\\/author\\\/petrie\\\/\",\"name\":\"Petri Engelberg\",\"image\":{\"@type\":\"ImageObject\",\"@id\":\"https:\\\/\\\/europorssi.com\\\/fi\\\/retro-trucks-tapahtuma-tekee-paluun\\\/#authorImage\",\"url\":\"https:\\\/\\\/secure.gravatar.com\\\/avatar\\\/0e8f72c64edc5c0daa49ec975be67c91116a84303ca59fa0c7be92bc2ec27bdf?s=96&d=mm&r=g\",\"width\":96,\"height\":96,\"caption\":\"Petri Engelberg\"}},{\"@type\":\"WebPage\",\"@id\":\"https:\\\/\\\/europorssi.com\\\/fi\\\/retro-trucks-tapahtuma-tekee-paluun\\\/#webpage\",\"url\":\"https:\\\/\\\/europorssi.com\\\/fi\\\/retro-trucks-tapahtuma-tekee-paluun\\\/\",\"name\":\"Retro Trucks -tapahtuma tekee paluun | Europ\\u00f6rssi\",\"inLanguage\":\"fi\",\"isPartOf\":{\"@id\":\"https:\\\/\\\/europorssi.com\\\/fi\\\/#website\"},\"breadcrumb\":{\"@id\":\"https:\\\/\\\/europorssi.com\\\/fi\\\/retro-trucks-tapahtuma-tekee-paluun\\\/#breadcrumblist\"},\"author\":{\"@id\":\"https:\\\/\\\/europorssi.com\\\/fi\\\/author\\\/petrie\\\/#author\"},\"creator\":{\"@id\":\"https:\\\/\\\/europorssi.com\\\/fi\\\/author\\\/petrie\\\/#author\"},\"image\":{\"@type\":\"ImageObject\",\"url\":\"https:\\\/\\\/europorssi.com\\\/wp-content\\\/uploads\\\/2023\\\/01\\\/retro.jpg\",\"@id\":\"https:\\\/\\\/europorssi.com\\\/fi\\\/retro-trucks-tapahtuma-tekee-paluun\\\/#mainImage\",\"width\":1140,\"height\":760},\"primaryImageOfPage\":{\"@id\":\"https:\\\/\\\/europorssi.com\\\/fi\\\/retro-trucks-tapahtuma-tekee-paluun\\\/#mainImage\"},\"datePublished\":\"2023-01-30T14:10:20+02:00\",\"dateModified\":\"2023-01-30T14:10:20+02:00\"},{\"@type\":\"WebSite\",\"@id\":\"https:\\\/\\\/europorssi.com\\\/fi\\\/#website\",\"url\":\"https:\\\/\\\/europorssi.com\\\/fi\\\/\",\"name\":\"Europ\\u00f6rssi\",\"description\":\"Suomen johtava raskaan kaluston erikoislehti\",\"inLanguage\":\"fi\",\"publisher\":{\"@id\":\"https:\\\/\\\/europorssi.com\\\/fi\\\/#organization\"}}]}\n\t\t<\/script>\n\t\t<!-- All in One SEO Pro -->\r\n\t\t<title>Retro Trucks -tapahtuma tekee paluun | Europ\u00f6rssi<\/title>\n\n","aioseo_head_json":{"title":"Retro Trucks -tapahtuma tekee paluun | Europ\u00f6rssi","description":"","canonical_url":"https:\/\/europorssi.com\/fi\/retro-trucks-tapahtuma-tekee-paluun\/","robots":"max-image-preview:large","keywords":"","webmasterTools":{"google-site-verification":"VK-uRk6nqtn8wc1b-ALExIFuRwXK2izWwDcQ_HDX2ao","miscellaneous":"&lt;meta name=\"facebook-domain-verification\" content=\"og5lks49cnyyp1q10tv7okx3e0s3ve\" \/&gt;\n&lt;meta name=\"google-site-verification\" content=\"gH9_hC_pSuWUtmlMQG6MXG2HJdapENUktzp6qE6MTJ4\" \/&gt;"},"schema":{"@context":"https:\/\/schema.org","@graph":[{"@type":"Article","@id":"https:\/\/europorssi.com\/fi\/retro-trucks-tapahtuma-tekee-paluun\/#article","name":"Retro Trucks -tapahtuma tekee paluun | Europ\u00f6rssi","headline":"Retro Trucks -tapahtuma tekee paluun","author":{"@id":"https:\/\/europorssi.com\/fi\/author\/petrie\/#author"},"publisher":{"@id":"https:\/\/europorssi.com\/fi\/#organization"},"image":{"@type":"ImageObject","url":"https:\/\/europorssi.com\/wp-content\/uploads\/2023\/01\/retro.jpg","width":1140,"height":760},"datePublished":"2023-01-30T14:10:20+02:00","dateModified":"2023-01-30T14:10:20+02:00","inLanguage":"fi","mainEntityOfPage":{"@id":"https:\/\/europorssi.com\/fi\/retro-trucks-tapahtuma-tekee-paluun\/#webpage"},"isPartOf":{"@id":"https:\/\/europorssi.com\/fi\/retro-trucks-tapahtuma-tekee-paluun\/#webpage"},"articleSection":"Yleinen, Optional"},{"@type":"BreadcrumbList","@id":"https:\/\/europorssi.com\/fi\/retro-trucks-tapahtuma-tekee-paluun\/#breadcrumblist","itemListElement":[{"@type":"ListItem","@id":"https:\/\/europorssi.com\/fi\/#listItem","position":1,"name":"Home","item":"https:\/\/europorssi.com\/fi\/","nextItem":{"@type":"ListItem","@id":"https:\/\/europorssi.com\/fi\/category\/yleinen\/#listItem","name":"Yleinen"}},{"@type":"ListItem","@id":"https:\/\/europorssi.com\/fi\/category\/yleinen\/#listItem","position":2,"name":"Yleinen","item":"https:\/\/europorssi.com\/fi\/category\/yleinen\/","nextItem":{"@type":"ListItem","@id":"https:\/\/europorssi.com\/fi\/retro-trucks-tapahtuma-tekee-paluun\/#listItem","name":"Retro Trucks -tapahtuma tekee paluun"},"previousItem":{"@type":"ListItem","@id":"https:\/\/europorssi.com\/fi\/#listItem","name":"Home"}},{"@type":"ListItem","@id":"https:\/\/europorssi.com\/fi\/retro-trucks-tapahtuma-tekee-paluun\/#listItem","position":3,"name":"Retro Trucks -tapahtuma tekee paluun","previousItem":{"@type":"ListItem","@id":"https:\/\/europorssi.com\/fi\/category\/yleinen\/#listItem","name":"Yleinen"}}]},{"@type":"Organization","@id":"https:\/\/europorssi.com\/fi\/#organization","name":"Europ\u00f6rssi","description":"Suomen johtava raskaan kaluston erikoislehti","url":"https:\/\/europorssi.com\/fi\/"},{"@type":"Person","@id":"https:\/\/europorssi.com\/fi\/author\/petrie\/#author","url":"https:\/\/europorssi.com\/fi\/author\/petrie\/","name":"Petri Engelberg","image":{"@type":"ImageObject","@id":"https:\/\/europorssi.com\/fi\/retro-trucks-tapahtuma-tekee-paluun\/#authorImage","url":"https:\/\/secure.gravatar.com\/avatar\/0e8f72c64edc5c0daa49ec975be67c91116a84303ca59fa0c7be92bc2ec27bdf?s=96&d=mm&r=g","width":96,"height":96,"caption":"Petri Engelberg"}},{"@type":"WebPage","@id":"https:\/\/europorssi.com\/fi\/retro-trucks-tapahtuma-tekee-paluun\/#webpage","url":"https:\/\/europorssi.com\/fi\/retro-trucks-tapahtuma-tekee-paluun\/","name":"Retro Trucks -tapahtuma tekee paluun | Europ\u00f6rssi","inLanguage":"fi","isPartOf":{"@id":"https:\/\/europorssi.com\/fi\/#website"},"breadcrumb":{"@id":"https:\/\/europorssi.com\/fi\/retro-trucks-tapahtuma-tekee-paluun\/#breadcrumblist"},"author":{"@id":"https:\/\/europorssi.com\/fi\/author\/petrie\/#author"},"creator":{"@id":"https:\/\/europorssi.com\/fi\/author\/petrie\/#author"},"image":{"@type":"ImageObject","url":"https:\/\/europorssi.com\/wp-content\/uploads\/2023\/01\/retro.jpg","@id":"https:\/\/europorssi.com\/fi\/retro-trucks-tapahtuma-tekee-paluun\/#mainImage","width":1140,"height":760},"primaryImageOfPage":{"@id":"https:\/\/europorssi.com\/fi\/retro-trucks-tapahtuma-tekee-paluun\/#mainImage"},"datePublished":"2023-01-30T14:10:20+02:00","dateModified":"2023-01-30T14:10:20+02:00"},{"@type":"WebSite","@id":"https:\/\/europorssi.com\/fi\/#website","url":"https:\/\/europorssi.com\/fi\/","name":"Europ\u00f6rssi","description":"Suomen johtava raskaan kaluston erikoislehti","inLanguage":"fi","publisher":{"@id":"https:\/\/europorssi.com\/fi\/#organization"}}]},"og:locale":"fi_FI","og:site_name":"Europ\u00f6rssi","og:type":"article","og:title":"Retro Trucks -tapahtuma tekee paluun | Europ\u00f6rssi","og:url":"https:\/\/europorssi.com\/fi\/retro-trucks-tapahtuma-tekee-paluun\/","og:image":"https:\/\/europorssi.com\/wp-content\/uploads\/2023\/01\/retro.jpg","og:image:secure_url":"https:\/\/europorssi.com\/wp-content\/uploads\/2023\/01\/retro.jpg","og:image:width":1140,"og:image:height":760,"article:published_time":"2023-01-30T12:10:20+00:00","article:modified_time":"2023-01-30T12:10:20+00:00","twitter:card":"summary","twitter:title":"Retro Trucks -tapahtuma tekee paluun | Europ\u00f6rssi","twitter:image":"https:\/\/europorssi.com\/wp-content\/uploads\/2023\/01\/retro.jpg"},"aioseo_meta_data":{"post_id":"14059","title":null,"description":null,"keywords":[],"keyphrases":{"focus":{"keyphrase":"","score":0,"analysis":{"keyphraseInTitle":{"score":0,"maxScore":9,"error":1}}},"additional":[]},"primary_term":null,"canonical_url":null,"og_title":null,"og_description":null,"og_object_type":"default","og_image_type":"default","og_image_url":null,"og_image_width":null,"og_image_height":null,"og_image_custom_url":null,"og_image_custom_fields":null,"og_video":"","og_custom_url":null,"og_article_section":null,"og_article_tags":[],"twitter_use_og":false,"twitter_card":"default","twitter_image_type":"default","twitter_image_url":null,"twitter_image_custom_url":null,"twitter_image_custom_fields":null,"twitter_title":null,"twitter_description":null,"schema":{"blockGraphs":[],"customGraphs":[],"default":{"data":{"Article":[],"Course":[],"Dataset":[],"FAQPage":[],"Movie":[],"Person":[],"Product":[],"ProductReview":[],"Car":[],"Recipe":[],"Service":[],"SoftwareApplication":[],"WebPage":[]},"graphName":"Article","isEnabled":true},"graphs":[]},"schema_type":"default","schema_type_options":null,"pillar_content":false,"robots_default":true,"robots_noindex":false,"robots_noarchive":false,"robots_nosnippet":false,"robots_nofollow":false,"robots_noimageindex":false,"robots_noodp":false,"robots_notranslate":false,"robots_max_snippet":"-1","robots_max_videopreview":"-1","robots_max_imagepreview":"large","priority":null,"frequency":"default","local_seo":null,"seo_analyzer_scan_date":"2026-05-13 06:15:14","breadcrumb_settings":null,"limit_modified_date":false,"open_ai":null,"ai":null,"created":"2023-01-30 11:39:44","updated":"2026-05-13 06:15:14","focus_keyword":null,"additional_keywords":null,"truseo_locale":null},"aioseo_breadcrumb":"<div class=\"aioseo-breadcrumbs\"><span class=\"aioseo-breadcrumb\">\n\t<a href=\"https:\/\/europorssi.com\/fi\/\" title=\"Home\">Home<\/a>\n<\/span><span class=\"aioseo-breadcrumb-separator\">&raquo;<\/span><span class=\"aioseo-breadcrumb\">\n\t<a href=\"https:\/\/europorssi.com\/fi\/category\/yleinen\/\" title=\"Yleinen\">Yleinen<\/a>\n<\/span><span class=\"aioseo-breadcrumb-separator\">&raquo;<\/span><span class=\"aioseo-breadcrumb\">\n\t<strong>Retro Trucks -tapahtuma tekee paluun<\/strong>\n<\/span><\/div>","aioseo_breadcrumb_json":[{"label":"Home","link":"https:\/\/europorssi.com\/fi\/"},{"label":"Yleinen","link":"https:\/\/europorssi.com\/fi\/category\/yleinen\/"},{"label":"<strong>Retro Trucks -tapahtuma tekee paluun<\/strong>","link":"https:\/\/europorssi.com\/fi\/retro-trucks-tapahtuma-tekee-paluun\/"}],"_links":{"self":[{"href":"https:\/\/europorssi.com\/fi\/wp-json\/wp\/v2\/posts\/14059","targetHints":{"allow":["GET"]}}],"collection":[{"href":"https:\/\/europorssi.com\/fi\/wp-json\/wp\/v2\/posts"}],"about":[{"href":"https:\/\/europorssi.com\/fi\/wp-json\/wp\/v2\/types\/post"}],"author":[{"embeddable":true,"href":"https:\/\/europorssi.com\/fi\/wp-json\/wp\/v2\/users\/12"}],"replies":[{"embeddable":true,"href":"https:\/\/europorssi.com\/fi\/wp-json\/wp\/v2\/comments?post=14059"}],"version-history":[{"count":0,"href":"https:\/\/europorssi.com\/fi\/wp-json\/wp\/v2\/posts\/14059\/revisions"}],"wp:featuredmedia":[{"embeddable":true,"href":"https:\/\/europorssi.com\/fi\/wp-json\/wp\/v2\/media\/14060"}],"wp:attachment":[{"href":"https:\/\/europorssi.com\/fi\/wp-json\/wp\/v2\/media?parent=14059"}],"wp:term":[{"taxonomy":"category","embeddable":true,"href":"https:\/\/europorssi.com\/fi\/wp-json\/wp\/v2\/categories?post=14059"},{"taxonomy":"post_tag","embeddable":true,"href":"https:\/\/europorssi.com\/fi\/wp-json\/wp\/v2\/tags?post=14059"}],"curies":[{"name":"wp","href":"https:\/\/api.w.org\/{rel}","templated":true}]}}