{"id":14065,"date":"2023-01-31T10:22:00","date_gmt":"2023-01-31T08:22:00","guid":{"rendered":"https:\/\/europorssi.com\/?p=14065"},"modified":"2023-01-31T10:22:00","modified_gmt":"2023-01-31T08:22:00","slug":"daf-aloittaa-sahkokuorma-autojen-kokoonpanotehtaan","status":"publish","type":"post","link":"https:\/\/europorssi.com\/fi\/daf-aloittaa-sahkokuorma-autojen-kokoonpanotehtaan\/","title":{"rendered":"DAF aloittaa s\u00e4hk\u00f6kuorma-autojen kokoonpanotehtaan"},"content":{"rendered":"\n<p><strong>DAF lis\u00e4\u00e4 tuotantolaitoksiinsa uuden s\u00e4hk\u00f6kuorma-autojen kokoonpanotehtaan Eindhovenissa, jossa se k\u00e4ynnist\u00e4\u00e4 t\u00e4n\u00e4 kev\u00e4\u00e4n\u00e4 uuden sukupolven DAF XD- ja XF Electric -s\u00e4hk\u00f6kuorma-autojen tuotannon. N\u00e4m\u00e4 t\u00e4ysin s\u00e4hk\u00f6k\u00e4ytt\u00f6iset ajoneuvot tarjoavat jopa yli 500 p\u00e4\u00e4st\u00f6t\u00f6nt\u00e4 kilometri\u00e4, mik\u00e4 on merkitt\u00e4v\u00e4 edistysaskel DAFin matkalla kohti entist\u00e4 puhtaampaa maantiekuljetusta.<\/strong><\/p>\n\n\n\n<p>T\u00e4ysin uusi s\u00e4hk\u00f6kuorma-autojen kokoonpanotehdas sijaitsee DAF Trucksin tiloissa Eindhovenissa. S\u00e4hk\u00f6kuorma-autotehdas valmistui 18 kuukaudessa.<br>Ensimm\u00e4iset DAF XD- ja XF Electric -kuorma-autot valmistuvat t\u00e4n\u00e4 kev\u00e4\u00e4n\u00e4. DAF odottaa tuotannon kasvavan seuraavien vuosien aikana tuhansiin ajoneuvoihin vuodessa, mik\u00e4 vastaa t\u00e4ysin s\u00e4hk\u00f6k\u00e4ytt\u00f6isten kuorma-autojen lis\u00e4\u00e4ntyv\u00e4\u00e4 kysynt\u00e4\u00e4.<\/p>\n\n\n\n<p><strong>4&#215;2- ja 6&#215;2-vetoautot ja alustat<\/strong><br>Jokaisen uuden DAF-s\u00e4hk\u00f6kuorma-autosukupolven perustana toimii niin kutsuttu glider eli alusta, jossa on ohjaamo mutta ei voimansiirtoa. Glider-alustat valmistetaan DAFin kuorma-autojen p\u00e4\u00e4tuotantolinjalla. T\u00e4m\u00e4n j\u00e4lkeen 4&#215;2- ja 6&#215;2-vetoautot ja alustat lis\u00e4t\u00e4\u00e4n XD- ja XF Electric -malleihin kahdeksanvaiheisessa prosessissa s\u00e4hk\u00f6kuorma-autojen kokoonpanolinjalla.<\/p>\n\n\n\n<p><strong>Kaksi kokoonpanolinjaa<\/strong><br>Uudessa tehtaassa on kaksi kokoonpanolinjaa. Akustot kootaan alakokoonpanolinjalla ja kaikki korkeaj\u00e4nnitteiset osat, kuten akut ja voimansiirto, asennetaan alustaan p\u00e4\u00e4kokoonpanolinjalla. T\u00e4m\u00e4n j\u00e4lkeen kuorma-autot tarkistetaan l\u00e4pikotaisin viimeistelypisteiss\u00e4, jotta ne ovat varmasti t\u00e4ydellisess\u00e4 kunnossa.<\/p>\n\n\n\n<p><strong>R\u00e4\u00e4t\u00e4l\u00f6inti<\/strong><br>Kuten kaikki DAF-ajoneuvot, XD- ja XF Electric -mallit r\u00e4\u00e4t\u00e4l\u00f6id\u00e4\u00e4n vastaamaan jokaisen asiakkaan toiveita t\u00e4ydellisesti. T\u00e4m\u00e4n vuoksi PACCAR-s\u00e4hk\u00f6voimansiirrot ovat modulaarisia. Kahden PACCAR EX -moottorin (joissa on kuusi eri suorituskykyluokkaa) saatavuuden lis\u00e4ksi akustot voidaan asentaa alustaan eri paikkoihin asiakkaan tarpeiden mukaan. T\u00e4m\u00e4 takaa eritt\u00e4in joustavat mahdollisuudet p\u00e4\u00e4llirakentajille.<\/p>\n\n\n\n<p><strong>DAF XD ja XF Electric<\/strong><br>DAF XD- ja XF Electric -mallit julkistettiin IAA-messuilla Hannoverissa syyskuussa 2022. T\u00e4ysin s\u00e4hk\u00f6k\u00e4ytt\u00f6iset PACCAR-voimansiirrot tuottavat 170\u2013350 kW:n (210\u2013480 hv:n) tehon. DAF tarjoaa my\u00f6s modulaarisia akustovaihtoehtoja. Pienimm\u00e4ss\u00e4 akustossa on kaksi rivi\u00e4, joiden yhdistetty kapasiteetti on 210 kWh ja toimintas\u00e4de jopa 200 kilometri\u00e4. Suurimmassa akustossa on viisi rivi\u00e4, joiden yhdistetty kapasiteetti on 525 kWh ja toimintas\u00e4de jopa yli 500 kilometri\u00e4. S\u00e4hk\u00f6kuorma-autot on varustettu t\u00e4ydellisesti pikalatausta varten ja jopa suurin akusto voidaan ladata tyhj\u00e4st\u00e4 80 %:iin vain hieman yli 45 minuutissa.<\/p>\n\n\n\n<p><strong>International Truck of the Year<\/strong><br>T\u00e4ysin uusi DAF XD on jakelualan uusi merkkipaalu erinomaisten turvaominaisuuksiensa, tehokkuutensa ja ylivoimaisen ajomukavuutensa ansiosta. Ei olekaan yll\u00e4tt\u00e4v\u00e4\u00e4, ett\u00e4 DAF XD -mallisto voitti hiljattain International Truck of the Year 2023 -palkinnon International Truck of the Year 2022 -palkinnon voittaneiden DAF XF-, XG- ja XG+-mallien jalanj\u00e4ljiss\u00e4. XD-, XF-, XG- ja XG\u207a-mallien ainutlaatuiset ominaisuudet kuuluvat vakiona my\u00f6s XD Electric- ja XF Electric -malleihin.<\/p>\n","protected":false},"excerpt":{"rendered":"<p>DAF lis\u00e4\u00e4 tuotantolaitoksiinsa uuden s\u00e4hk\u00f6kuorma-autojen kokoonpanotehtaan Eindhovenissa, jossa se k\u00e4ynnist\u00e4\u00e4 t\u00e4n\u00e4 kev\u00e4\u00e4n\u00e4 uuden sukupolven DAF XD- ja XF Electric -s\u00e4hk\u00f6kuorma-autojen tuotannon. N\u00e4m\u00e4 t\u00e4ysin s\u00e4hk\u00f6k\u00e4ytt\u00f6iset ajoneuvot tarjoavat jopa yli 500 p\u00e4\u00e4st\u00f6t\u00f6nt\u00e4 kilometri\u00e4, mik\u00e4 on merkitt\u00e4v\u00e4 edistysaskel DAFin matkalla kohti entist\u00e4 puhtaampaa maantiekuljetusta. T\u00e4ysin uusi s\u00e4hk\u00f6kuorma-autojen kokoonpanotehdas sijaitsee DAF Trucksin tiloissa Eindhovenissa. S\u00e4hk\u00f6kuorma-autotehdas valmistui 18 kuukaudessa.Ensimm\u00e4iset DAF [&hellip;]<\/p>\n","protected":false},"author":4,"featured_media":14066,"comment_status":"closed","ping_status":"open","sticky":false,"template":"","format":"standard","meta":{"_acf_changed":false,"footnotes":""},"categories":[1],"tags":[],"class_list":["post-14065","post","type-post","status-publish","format-standard","has-post-thumbnail","hentry","category-yleinen"],"acf":[],"aioseo_notices":[],"_links":{"self":[{"href":"https:\/\/europorssi.com\/fi\/wp-json\/wp\/v2\/posts\/14065","targetHints":{"allow":["GET"]}}],"collection":[{"href":"https:\/\/europorssi.com\/fi\/wp-json\/wp\/v2\/posts"}],"about":[{"href":"https:\/\/europorssi.com\/fi\/wp-json\/wp\/v2\/types\/post"}],"author":[{"embeddable":true,"href":"https:\/\/europorssi.com\/fi\/wp-json\/wp\/v2\/users\/4"}],"replies":[{"embeddable":true,"href":"https:\/\/europorssi.com\/fi\/wp-json\/wp\/v2\/comments?post=14065"}],"version-history":[{"count":0,"href":"https:\/\/europorssi.com\/fi\/wp-json\/wp\/v2\/posts\/14065\/revisions"}],"wp:featuredmedia":[{"embeddable":true,"href":"https:\/\/europorssi.com\/fi\/wp-json\/wp\/v2\/media\/14066"}],"wp:attachment":[{"href":"https:\/\/europorssi.com\/fi\/wp-json\/wp\/v2\/media?parent=14065"}],"wp:term":[{"taxonomy":"category","embeddable":true,"href":"https:\/\/europorssi.com\/fi\/wp-json\/wp\/v2\/categories?post=14065"},{"taxonomy":"post_tag","embeddable":true,"href":"https:\/\/europorssi.com\/fi\/wp-json\/wp\/v2\/tags?post=14065"}],"curies":[{"name":"wp","href":"https:\/\/api.w.org\/{rel}","templated":true}]}}