{"id":14273,"date":"2023-03-08T14:14:36","date_gmt":"2023-03-08T12:14:36","guid":{"rendered":"https:\/\/europorssi.com\/?p=14273"},"modified":"2023-03-08T14:14:36","modified_gmt":"2023-03-08T12:14:36","slug":"jussi-malmi-teknisen-kaupan-toimialajohtajaksi","status":"publish","type":"post","link":"https:\/\/europorssi.com\/fi\/jussi-malmi-teknisen-kaupan-toimialajohtajaksi\/","title":{"rendered":"JUSSI MALMI TEKNISEN KAUPAN TOIMIALAJOHTAJAKSI"},"content":{"rendered":"\n<p>Jussi Malmi aloittaa Wihuri Oy Teknisen Kaupan toimialajohtajana 10.4.2023. H\u00e4n siirtyy teht\u00e4v\u00e4\u00e4n Sampo-Rosenlew Oy:n toimitusjohtajan teht\u00e4v\u00e4st\u00e4.<\/p>\n\n\n\n<ul class=\"wp-block-list\">\n<li>Witraktor, maatalous- ja ymp\u00e4rist\u00f6nhoitotuotteet<\/li>\n\n\n\n<li>Wihuri Agri (Viro), maatalous- ja ymp\u00e4rist\u00f6nhoitotuotteet<\/li>\n\n\n\n<li>RealMachinery, maanrakennus sek\u00e4 nostimet ja nosturit<\/li>\n\n\n\n<li>Wille Machines Oy, Wille-ymp\u00e4rist\u00f6nhoitokoneet<\/li>\n\n\n\n<li>Linde-trukit ja sis\u00e4logistiikka<\/li>\n\n\n\n<li>W Rent -vuokrakoneet<\/li>\n\n\n\n<li>Marine Diesel Finland Oy, laivojen dieselmoottoreiden huolto ja korjaus<\/li>\n\n\n\n<li>Mazak-ty\u00f6st\u00f6koneet<\/li>\n\n\n\n<li>Finnklima-ilmastoinitilaitteet ja Ebersp\u00e4cher-ajoneuvol\u00e4mmittimet<\/li>\n\n\n\n<li>Usean edustuksen ty\u00f6kalut, venevarusteet ja korjaamolaitteet.<\/li>\n<\/ul>\n\n\n\n<p>Jussi on tehnyt mittavan ty\u00f6uran kansainv\u00e4lisen koneenrakennuksen parissa useissa eri johtoteht\u00e4viss\u00e4 niin Suomessa kun ulkomailla. H\u00e4n on toiminut mm. Timberjackin, John Deeren sek\u00e4 Logsetin palveluksessa ennen Sampo-Rosenlewille siirtymist\u00e4\u00e4n.<\/p>\n\n\n\n<p>\u201dWihurin Tekninen Kauppa on mittava kokonaisuus tarjoten tuotteita ja palveluja laajalle asiakaskunnalle yksityishenkil\u00f6st\u00e4 globaaliin koneenrakentajaan. Tekninen Kauppa on my\u00f6s k\u00e4ynyt l\u00e4pi monia muutoksia viime vuosina ja odotan innolla, ett\u00e4 p\u00e4\u00e4sen jatkokehitt\u00e4m\u00e4\u00e4n sit\u00e4, osaavan henkil\u00f6st\u00f6n kanssa, vastaamaan entist\u00e4 paremmin asiakkaidemme tarpeisiin\u201d, Jussi kertoo.<\/p>\n\n\n\r\n\r\n\r\n<div class=\"row padding-vertical-small\">\r\n    <div class=\"col-xs-12 col-md-12 padding-vertical-small news-border-left background-color-grey\">\r\n\r\n                   \r\n\t\t\t\t                    <p><a href=\"http:\/\/www.tekninenkauppa.fi\" rel=\"noopener\" target=\"_blank\">www.tekninenkauppa.fi<\/a><br \/>\n<\/a><br \/>\n<em>Wihuri Oy Tekninen Kauppa on ammattiasiakkaiden konekauppa, joka tarjoaa kokonaisvaltaista palvelua, korkealuokkaisista tuotteista ammattitaitoiseen j\u00e4lkimarkkinointiin. Edustamme korkealaatuisia kansainv\u00e4lisi\u00e4 merkkej\u00e4, kuten John Deere -maatalouskoneita, Doosanmaanrakennuskoneita, Linde-trukkeja ja Mazak-ty\u00f6st\u00f6koneita sek\u00e4 tyt\u00e4ryhti\u00f6mme valmistamia laadukkaita Wille-ymp\u00e4rist\u00f6nhoitokoneita. Tekniseen Kauppaan kuuluvat my\u00f6s konekauppa RealMachinery, moottoriratkaisuja tarjoavat Marine Diesel Finland sek\u00e4 Willeymp\u00e4rist\u00f6nhoitokoneita valmistava Wille Machines Oy. Wihuri Oy Tekninen Kauppa on osa kansainv\u00e4list\u00e4 Wihuri konsernia.<\/em><\/p>\n                  \r\n\t\t\t\t    <\/div><!--col-->              \r\n<\/div><!--row-->\r\n","protected":false},"excerpt":{"rendered":"<p>Jussi Malmi aloittaa Wihuri Oy Teknisen Kaupan toimialajohtajana 10.4.2023. H\u00e4n siirtyy teht\u00e4v\u00e4\u00e4n Sampo-Rosenlew Oy:n toimitusjohtajan teht\u00e4v\u00e4st\u00e4. Jussi on tehnyt mittavan ty\u00f6uran kansainv\u00e4lisen koneenrakennuksen parissa useissa eri johtoteht\u00e4viss\u00e4 niin Suomessa kun ulkomailla. H\u00e4n on toiminut mm. Timberjackin, John Deeren sek\u00e4 Logsetin palveluksessa ennen Sampo-Rosenlewille siirtymist\u00e4\u00e4n. \u201dWihurin Tekninen Kauppa on mittava kokonaisuus tarjoten tuotteita ja palveluja laajalle [&hellip;]<\/p>\n","protected":false},"author":4,"featured_media":14274,"comment_status":"closed","ping_status":"open","sticky":false,"template":"","format":"standard","meta":{"_acf_changed":false,"footnotes":""},"categories":[1],"tags":[],"class_list":["post-14273","post","type-post","status-publish","format-standard","has-post-thumbnail","hentry","category-yleinen"],"acf":[],"aioseo_notices":[],"_links":{"self":[{"href":"https:\/\/europorssi.com\/fi\/wp-json\/wp\/v2\/posts\/14273","targetHints":{"allow":["GET"]}}],"collection":[{"href":"https:\/\/europorssi.com\/fi\/wp-json\/wp\/v2\/posts"}],"about":[{"href":"https:\/\/europorssi.com\/fi\/wp-json\/wp\/v2\/types\/post"}],"author":[{"embeddable":true,"href":"https:\/\/europorssi.com\/fi\/wp-json\/wp\/v2\/users\/4"}],"replies":[{"embeddable":true,"href":"https:\/\/europorssi.com\/fi\/wp-json\/wp\/v2\/comments?post=14273"}],"version-history":[{"count":0,"href":"https:\/\/europorssi.com\/fi\/wp-json\/wp\/v2\/posts\/14273\/revisions"}],"wp:featuredmedia":[{"embeddable":true,"href":"https:\/\/europorssi.com\/fi\/wp-json\/wp\/v2\/media\/14274"}],"wp:attachment":[{"href":"https:\/\/europorssi.com\/fi\/wp-json\/wp\/v2\/media?parent=14273"}],"wp:term":[{"taxonomy":"category","embeddable":true,"href":"https:\/\/europorssi.com\/fi\/wp-json\/wp\/v2\/categories?post=14273"},{"taxonomy":"post_tag","embeddable":true,"href":"https:\/\/europorssi.com\/fi\/wp-json\/wp\/v2\/tags?post=14273"}],"curies":[{"name":"wp","href":"https:\/\/api.w.org\/{rel}","templated":true}]}}