{"id":14412,"date":"2023-03-30T13:30:41","date_gmt":"2023-03-30T10:30:41","guid":{"rendered":"https:\/\/europorssi.com\/?p=14412"},"modified":"2023-03-30T13:30:42","modified_gmt":"2023-03-30T10:30:42","slug":"retro-trucks-lahes-tapahtuma-retrorekkaharrastajille","status":"publish","type":"post","link":"https:\/\/europorssi.com\/fi\/retro-trucks-lahes-tapahtuma-retrorekkaharrastajille\/","title":{"rendered":"<strong>Retro Trucks Lahes \u2013 tapahtuma retrorekkaharrastajille<\/strong>"},"content":{"rendered":"\n<p><strong>Veteraanikuorma-auto- ja retrorekkaharrastajien oma tapahtuma &#8211; Retro Trucks Lahes -kokoaa yhteen eilisp\u00e4iv\u00e4n kuljetuskalustoa sek\u00e4 n\u00e4ist\u00e4 kiinnostuneet tuttuun tapaan wapun j\u00e4lkeisen\u00e4 lauantaina 6.5.2023. Tapahtumapaikka on t\u00e4ysin uusi, sill\u00e4 vuonna 2023 retroillaan Originator Oy:n toimipisteess\u00e4 Lahden Kujalassa. Tapahtumaan on t\u00e4n\u00e4kin vuonna vapaa p\u00e4\u00e4sy!<\/strong><\/p>\n\n\n<div class=\"wp-block-image\">\n<figure class=\"alignleft size-large is-resized\"><img loading=\"lazy\" decoding=\"async\" src=\"https:\/\/europorssi.com\/wp-content\/uploads\/2023\/03\/Nimeton-1-1-1024x683.jpg\" alt=\"\" class=\"wp-image-14417\" width=\"512\" height=\"342\" srcset=\"https:\/\/europorssi.com\/wp-content\/uploads\/2023\/03\/Nimeton-1-1-1024x683.jpg 1024w, https:\/\/europorssi.com\/wp-content\/uploads\/2023\/03\/Nimeton-1-1-300x200.jpg 300w, https:\/\/europorssi.com\/wp-content\/uploads\/2023\/03\/Nimeton-1-1-768x512.jpg 768w, https:\/\/europorssi.com\/wp-content\/uploads\/2023\/03\/Nimeton-1-1-560x373.jpg 560w, https:\/\/europorssi.com\/wp-content\/uploads\/2023\/03\/Nimeton-1-1.jpg 1140w, https:\/\/europorssi.com\/wp-content\/uploads\/2023\/03\/Nimeton-1-1-800x533.jpg 800w, https:\/\/europorssi.com\/wp-content\/uploads\/2023\/03\/Nimeton-1-1-165x110.jpg 165w\" sizes=\"auto, (max-width: 512px) 100vw, 512px\" \/><\/figure>\n<\/div>\n\n\n<p>Aiemmilta vuosilta tutussa kokoontumisajotyyppisess\u00e4 tapahtumassa p\u00e4\u00e4osassa ovat museokuorma-autot unohtamatta rippikouluik\u00e4\u00e4n ylt\u00e4neit\u00e4 hy\u00f6tyajoneuvoja. Retro Trucks Lahes-tapahtumaan ovat tervetulleita niin hohtavaan kuosiin entistetyt museoautot kuin vuosirenkaita ylleen kerrytt\u00e4neet, mutta edelleen ty\u00f6k\u00e4yt\u00f6ss\u00e4 olevat ajokit. Ajan patina saa n\u00e4ky\u00e4 t\u00e4ss\u00e4 tapahtumassa t\u00e4ll\u00e4kin kerralla.<\/p>\n\n\n\n<p>Tapahtuman tarkoituksena on luoda mukavat ja mutkattomat puitteet ajoneuvoihin tutustumiselle sek\u00e4 hyv\u00e4ntuuliselle tarinoinnille. Paikan p\u00e4\u00e4ll\u00e4 on monipuolinen Helenan Kotileipomon yll\u00e4pit\u00e4m\u00e4 kanttiini, joka tarjoilee vieraille laajan valikoiman suolaista ja makeaa ev\u00e4st\u00e4 ajoneuvojen parissa nautittavaksi. Pikkupurtavan ohella tarjolla on my\u00f6s tukevampaa ruokaa pitkin p\u00e4iv\u00e4\u00e4.<\/p>\n\n\n\n<p>Eilisp\u00e4iv\u00e4n autojen ohella paikalla on my\u00f6s rompetori, jonka tarjonta rajoittuu vain ja ainoastaan raskaaseen kalustoon ja alaan l\u00e4heisesti liittyv\u00e4\u00e4n esineist\u00f6\u00f6n. Lapsille ja lapsenmielisille on tarjolla mukavaa ajanvietett\u00e4. Tapahtuman juontajaksi saapuu Helena Riihitupa, joka omalta osaltaan pit\u00e4\u00e4 huolta p\u00e4iv\u00e4n sujuvasta kulusta.<\/p>\n\n\n\n<p>Pys\u00e4k\u00f6intialueen ja n\u00e4yttelyn v\u00e4lill\u00e4 on maksuton ja jatkuva linja-autokuljetus koko p\u00e4iv\u00e4n ajan.<\/p>\n\n\n\n<p><strong>Muista ennakkoilmoittautuminen!<\/strong><\/p>\n\n\n\n<p>Tapahtuma on osallistujille maksuton, mutta sujuvien j\u00e4rjestelyjen takaamiseksi toivomme n\u00e4yttelyajoneuvoilta sek\u00e4 rompetorimyyjilt\u00e4 ennakkoilmoittautumista s\u00e4hk\u00f6postilla, puhelimella tai tapahtuman facebook-sivujen kautta.<\/p>\n\n\n\n<p><strong>Retro Trucks Lahes 6.5.2023 kello 09.00-16.00<\/strong><\/p>\n\n\n\n<p>Navigaattorille tiedoksi:<\/p>\n\n\n\n<p>n\u00e4yttelypaikan osoite: Paanakatu , 15150 Lahti<\/p>\n\n\n\n<p>pys\u00e4k\u00f6intialueen osoite: Makasiinikatu 5, 15150 Lahti<\/p>\n\n\n\r\n\r\n\r\n<div class=\"row padding-vertical-small\">\r\n    <div class=\"col-xs-12 col-md-12 padding-vertical-small news-border-left background-color-grey\">\r\n\r\n                   \r\n\t\t\t\t                    <p>Lis\u00e4tietoa tapahtumasta l\u00f6yd\u00e4t oheisten kanavien kautta:<br \/>\n<a href=\"http:\/\/vetku.fi\/retro-trucks-lahes-2023\/\" rel=\"noopener\" target=\"_blank\">vetku.fi\/retro-trucks-lahes-2023\/<\/a><br \/>\n<a href=\"http:\/\/www.facebook.com\/retrotruckslahes\" rel=\"noopener\" target=\"_blank\">www.facebook.com\/retrotruckslahes<\/a> <\/p>\n<p>Lis\u00e4tiedot ja ennakkoilmoittaumiset<br \/>\nAri Perttil\u00e4 0400-967561 <a href=\"mailto:ari.perttila@gmail.com\" rel=\"noopener\" target=\"_blank\">ari.perttila@gmail.com <\/a><br \/>\nMika Hovinen 040-5511667 <a href=\"mailto:hovinen@dnainternet.net\" rel=\"noopener\" target=\"_blank\">hovinen@dnainternet.net<\/a><\/p>\n                  \r\n\t\t\t\t    <\/div><!--col-->              \r\n<\/div><!--row-->\r\n","protected":false},"excerpt":{"rendered":"<p>Veteraanikuorma-auto- ja retrorekkaharrastajien oma tapahtuma &#8211; Retro Trucks Lahes -kokoaa yhteen eilisp\u00e4iv\u00e4n kuljetuskalustoa sek\u00e4 n\u00e4ist\u00e4 kiinnostuneet tuttuun tapaan wapun j\u00e4lkeisen\u00e4 lauantaina 6.5.2023. Tapahtumapaikka on t\u00e4ysin uusi, sill\u00e4 vuonna 2023 retroillaan Originator Oy:n toimipisteess\u00e4 Lahden Kujalassa. Tapahtumaan on t\u00e4n\u00e4kin vuonna vapaa p\u00e4\u00e4sy! Aiemmilta vuosilta tutussa kokoontumisajotyyppisess\u00e4 tapahtumassa p\u00e4\u00e4osassa ovat museokuorma-autot unohtamatta rippikouluik\u00e4\u00e4n ylt\u00e4neit\u00e4 hy\u00f6tyajoneuvoja. Retro Trucks [&hellip;]<\/p>\n","protected":false},"author":4,"featured_media":14419,"comment_status":"closed","ping_status":"open","sticky":false,"template":"","format":"standard","meta":{"_acf_changed":false,"footnotes":""},"categories":[1],"tags":[],"class_list":["post-14412","post","type-post","status-publish","format-standard","has-post-thumbnail","hentry","category-yleinen"],"acf":[],"aioseo_notices":[],"_links":{"self":[{"href":"https:\/\/europorssi.com\/fi\/wp-json\/wp\/v2\/posts\/14412","targetHints":{"allow":["GET"]}}],"collection":[{"href":"https:\/\/europorssi.com\/fi\/wp-json\/wp\/v2\/posts"}],"about":[{"href":"https:\/\/europorssi.com\/fi\/wp-json\/wp\/v2\/types\/post"}],"author":[{"embeddable":true,"href":"https:\/\/europorssi.com\/fi\/wp-json\/wp\/v2\/users\/4"}],"replies":[{"embeddable":true,"href":"https:\/\/europorssi.com\/fi\/wp-json\/wp\/v2\/comments?post=14412"}],"version-history":[{"count":0,"href":"https:\/\/europorssi.com\/fi\/wp-json\/wp\/v2\/posts\/14412\/revisions"}],"wp:featuredmedia":[{"embeddable":true,"href":"https:\/\/europorssi.com\/fi\/wp-json\/wp\/v2\/media\/14419"}],"wp:attachment":[{"href":"https:\/\/europorssi.com\/fi\/wp-json\/wp\/v2\/media?parent=14412"}],"wp:term":[{"taxonomy":"category","embeddable":true,"href":"https:\/\/europorssi.com\/fi\/wp-json\/wp\/v2\/categories?post=14412"},{"taxonomy":"post_tag","embeddable":true,"href":"https:\/\/europorssi.com\/fi\/wp-json\/wp\/v2\/tags?post=14412"}],"curies":[{"name":"wp","href":"https:\/\/api.w.org\/{rel}","templated":true}]}}