{"id":14497,"date":"2023-04-13T09:36:11","date_gmt":"2023-04-13T06:36:11","guid":{"rendered":"https:\/\/europorssi.com\/?p=14497"},"modified":"2023-04-13T09:36:12","modified_gmt":"2023-04-13T06:36:12","slug":"jo-kymmenennet-karsamaen-konepaivat-22-4-2023","status":"publish","type":"post","link":"https:\/\/europorssi.com\/fi\/jo-kymmenennet-karsamaen-konepaivat-22-4-2023\/","title":{"rendered":"Jo kymmenennet K\u00e4rs\u00e4m\u00e4en Konep\u00e4iv\u00e4t 22.4.2023"},"content":{"rendered":"\n<p><strong>Konesilta j\u00e4rjest\u00e4\u00e4 Konep\u00e4iv\u00e4t K\u00e4rs\u00e4m\u00e4en toimipisteess\u00e4\u00e4n 22.4.\u00a0klo 9 \u2013 15. Nyt j\u00e4rjestett\u00e4v\u00e4 Konep\u00e4iv\u00e4 on j\u00e4rjestyksess\u00e4\u00e4n kymmenes,\u00a0joten t\u00e4ss\u00e4 perinteisesti paljon k\u00e4vij\u00f6it\u00e4 houkuttelevassa hienossa tapahtumassa on poikkeuksellista juhlan tuntua ilmassa.<\/strong><\/p>\n\n\n\n<p>Ensimm\u00e4iset K\u00e4rs\u00e4m\u00e4en Konep\u00e4iv\u00e4t j\u00e4rjestettiin vuonna 2001. Edellisen kerran tapahtuma pidettiin vuonna 2019, jonka j\u00e4lkeen Korona pakotti t\u00e4m\u00e4n perinteisen kev\u00e4\u00e4n merkin hetkeksi j\u00e4\u00e4hylle. Nyt vuonna 2023 tapahtuma on j\u00e4lleen \u201dback to business\u201d p\u00e4\u00e4teemanaan vaihtokoneet ja lis\u00e4laitteet sek\u00e4 Konesilta Oy:n laajat r\u00e4\u00e4t\u00e4l\u00f6inti- ja varustelupalvelut.<\/p>\n\n\n<div class=\"wp-block-image\">\n<figure class=\"alignleft size-large is-resized\"><img loading=\"lazy\" decoding=\"async\" src=\"https:\/\/europorssi.com\/wp-content\/uploads\/2023\/04\/20200908_082004719_iOS-608x1024.jpg\" alt=\"\" class=\"wp-image-14499\" width=\"304\" height=\"512\" srcset=\"https:\/\/europorssi.com\/wp-content\/uploads\/2023\/04\/20200908_082004719_iOS-608x1024.jpg 608w, https:\/\/europorssi.com\/wp-content\/uploads\/2023\/04\/20200908_082004719_iOS-178x300.jpg 178w, https:\/\/europorssi.com\/wp-content\/uploads\/2023\/04\/20200908_082004719_iOS-768x1293.jpg 768w, https:\/\/europorssi.com\/wp-content\/uploads\/2023\/04\/20200908_082004719_iOS-912x1536.jpg 912w, https:\/\/europorssi.com\/wp-content\/uploads\/2023\/04\/20200908_082004719_iOS-560x943.jpg 560w, https:\/\/europorssi.com\/wp-content\/uploads\/2023\/04\/20200908_082004719_iOS-65x110.jpg 65w, https:\/\/europorssi.com\/wp-content\/uploads\/2023\/04\/20200908_082004719_iOS.jpg 1140w\" sizes=\"auto, (max-width: 304px) 100vw, 304px\" \/><figcaption class=\"wp-element-caption\">\u00a0<em>\u2013 Teemme kovia suorankaupan- ja vaihtotarjouksia paikan p\u00e4\u00e4ll\u00e4 kattavasta valikoimastamme perinteiseen nokkelaan tapaamme, joten tervetuloa Konep\u00e4iville K\u00e4rs\u00e4m\u00e4elle, toivottaa toimitusjohtaja Ville Kyll\u00f6nen.<\/em><br><\/figcaption><\/figure>\n<\/div>\n\n\n<p>Tapahtumassa on esill\u00e4 Konesillan edustaman Kubotan kaivukonemallisto koko rintamalla 1 000 \u2013 8 000 kg sek\u00e4 kuormaajat 1 000 \u2013 6 000 kg. Uusien koneiden rinnalla esill\u00e4 on mm. Konesillan r\u00e4\u00e4t\u00e4l\u00f6im\u00e4t eri merkkisiin k\u00e4ytettyihin kaivinkoneisiin tarjoamat suoalustamodifoinnit, jotka ovat toimitusjohtaja Ville Kyll\u00f6sen mukaan saaneet markkinoilla suotuisan vastaanoton.<\/p>\n\n\n\n<p>Konep\u00e4iv\u00e4n aikana koeajossa on useita varusteltuja uusia ja k\u00e4ytettyj\u00e4 koneita eri kokoluokissa. Kaiken kaikkiaan Konesillan K\u00e4rs\u00e4m\u00e4en varastossa on noin 150 kpl koneita painoluokissa 1 000 kg \u2013 35 000 kg.<\/p>\n\n\n\n<p>Yksi tapahtuman kohokohdista on perinteinen huutokauppa ilman pohjahintoja, jossa myyd\u00e4\u00e4n puolenkymment\u00e4 vaihtokonetta ja lis\u00e4laitteita.<\/p>\n\n\n\n<p>Konesillan oman kattauksen lis\u00e4ksi t\u00e4n\u00e4 vuonna on Konep\u00e4iville tulossa noin kolmekymment\u00e4 n\u00e4ytteilleasettajaa. Mukana on laaja kirjo lis\u00e4laite-esittelij\u00f6it\u00e4 maanrakennukseen ja mets\u00e4urakointiin liittyen sek\u00e4 maatalouden kone- ja laitevalmistajia. \u2013 Konep\u00e4ivill\u00e4mme on samoja toimijoita edellisilt\u00e4 vuosilta ja lis\u00e4ksi mukana on uusia mielenkiintoisia yrityksi\u00e4 ja innovaatioita kone- ja lis\u00e4laitepuolelta. Esittelyalueet sis\u00e4ll\u00e4 ja ulkona alkavat olemaan t\u00e4ynn\u00e4, mutta nopein ilmoittautuja voisi viel\u00e4 mahtua tontille, vinkkaa Ville Kyll\u00f6nen.<\/p>\n\n\n\n<p>Oman v\u00e4rins\u00e4 Konep\u00e4iville tuo Tuusniemen tubettaja Metsa Man, imitaattori Ari Kettukangas sek\u00e4 useat yritys- ja tuote-esittelyt. Eik\u00e4 Konep\u00e4iv\u00e4t olisi Konep\u00e4iv\u00e4t ilman perinteist\u00e4 makkara- ja kahvitarjoilua.<\/p>\n\n\n<div class=\"wp-block-image\">\n<figure class=\"alignright size-large is-resized\"><img loading=\"lazy\" decoding=\"async\" src=\"https:\/\/europorssi.com\/wp-content\/uploads\/2023\/04\/ff989020-8287-436c-b3c8-150c10bd97c1-1024x547.jpg\" alt=\"\" class=\"wp-image-14500\" width=\"512\" height=\"274\" srcset=\"https:\/\/europorssi.com\/wp-content\/uploads\/2023\/04\/ff989020-8287-436c-b3c8-150c10bd97c1-1024x547.jpg 1024w, https:\/\/europorssi.com\/wp-content\/uploads\/2023\/04\/ff989020-8287-436c-b3c8-150c10bd97c1-300x160.jpg 300w, https:\/\/europorssi.com\/wp-content\/uploads\/2023\/04\/ff989020-8287-436c-b3c8-150c10bd97c1-768x410.jpg 768w, https:\/\/europorssi.com\/wp-content\/uploads\/2023\/04\/ff989020-8287-436c-b3c8-150c10bd97c1-560x299.jpg 560w, https:\/\/europorssi.com\/wp-content\/uploads\/2023\/04\/ff989020-8287-436c-b3c8-150c10bd97c1-206x110.jpg 206w, https:\/\/europorssi.com\/wp-content\/uploads\/2023\/04\/ff989020-8287-436c-b3c8-150c10bd97c1.jpg 1140w\" sizes=\"auto, (max-width: 512px) 100vw, 512px\" \/><figcaption class=\"wp-element-caption\"><em>Tapahtumassa on esill\u00e4 Konesillan edustaman\u00a0Kubotan kaivukonemallisto koko rintamalla\u00a01 000 \u2013 8 000 kg sek\u00e4 kuormaajat 1 000 \u2013 6 000 kg.<\/em><\/figcaption><\/figure>\n<\/div>\n\n\n<p>\u2013 Tapahtuma on Konesilta Oy:lle eritt\u00e4in t\u00e4rke\u00e4 koskien eri sidosryhmi\u00e4 eli asiakkaita ja tavarantoimittajia. Koemme, ett\u00e4 tapahtuma toimii my\u00f6s yrityskuvamme vahvistajana alueellisesti ja muun muassa rekrytointimieless\u00e4 paikalla k\u00e4y paljon alan ammattilaisia. Tavoitteenamme on tavata vanhoja ja uusia asiakkaita ja saada asiakasliidej\u00e4, jotka johtavat konekauppoihin, kiteytt\u00e4\u00e4 Kyll\u00f6nen tapahtuman merkityksi\u00e4.<\/p>\n\n\n\n<p>\u2013 Perinteisesti k\u00e4vij\u00f6it\u00e4 Konep\u00e4ivill\u00e4mme on laajalta alueelta yli 300 km s\u00e4teelt\u00e4 eri puolelta maakuntaa. Nelj\u00e4n vuoden tauon j\u00e4lkeen on mahtava kokoontua nauttimaan kev\u00e4isest\u00e4 tapahtumasta keskelle Suomea K\u00e4rs\u00e4m\u00e4elle, joten kannattaa ehdottomasti kurvata paikan p\u00e4\u00e4lle, rohkaisee Kyll\u00f6nen ja jatkaa: \u2013 Paljon tapahtuma on aina v\u00e4ke\u00e4 houkutellut ja paria tuhatta k\u00e4vij\u00e4\u00e4 odotamme t\u00e4ll\u00e4kin kerralla.<\/p>\n\n\n<div class=\"wp-block-image\">\n<figure class=\"alignleft size-large is-resized\"><img loading=\"lazy\" decoding=\"async\" src=\"https:\/\/europorssi.com\/wp-content\/uploads\/2023\/04\/3-1024x705.jpg\" alt=\"\" class=\"wp-image-14501\" width=\"512\" height=\"353\" srcset=\"https:\/\/europorssi.com\/wp-content\/uploads\/2023\/04\/3-1024x705.jpg 1024w, https:\/\/europorssi.com\/wp-content\/uploads\/2023\/04\/3-300x207.jpg 300w, https:\/\/europorssi.com\/wp-content\/uploads\/2023\/04\/3-768x529.jpg 768w, https:\/\/europorssi.com\/wp-content\/uploads\/2023\/04\/3-560x386.jpg 560w, https:\/\/europorssi.com\/wp-content\/uploads\/2023\/04\/3-160x110.jpg 160w, https:\/\/europorssi.com\/wp-content\/uploads\/2023\/04\/3.jpg 1140w\" sizes=\"auto, (max-width: 512px) 100vw, 512px\" \/><figcaption class=\"wp-element-caption\"><em>Konep\u00e4iv\u00e4n aikana koeajossa on useita varusteltuja uusia ja k\u00e4ytettyj\u00e4 koneita eri kokoluokissa. Kaiken kaikkiaan Konesillan K\u00e4rs\u00e4m\u00e4en varastossa on noin\u00a0150 kpl koneita painoluokissa 1 000 kg \u2013 35 000 kg.<\/em><\/figcaption><\/figure>\n<\/div>\n\n\n<p><strong>Konekaupan painopiste muuttuu kev\u00e4tt\u00e4 kohden<\/strong><\/p>\n\n\n\n<p>\u2013 Konekauppa on siirtym\u00e4ss\u00e4 talvikauden py\u00f6r\u00e4kuormaajapainotteisesta kysynn\u00e4st\u00e4 kev\u00e4tt\u00e4 kohti kaivinkoneisiin vahvemmin, ja kaupank\u00e4ynti vilkastuu perinteisesti kev\u00e4tauringon l\u00e4mmitt\u00e4ess\u00e4. Vaihtokonekauppa py\u00f6rii tasaisesti ja asiakkaat haluavat vaihtaa kalustoa sopivampaan joustavilla ehdoilla, sanoo Kyll\u00f6nen.<\/p>\n\n\n\n<p>\u2013 Meill\u00e4 on asiakkaita monesta eri asiakasryhm\u00e4st\u00e4, joilla ty\u00f6tilanteet vaihtelevat merkitt\u00e4v\u00e4sti. Osalla on tilauskantaa syksyyn asti ja osalla viel\u00e4 ty\u00f6maat katselussa. Alkanut vuosi haastaa toimialaa ja yrityksi\u00e4, ja kustannusnousuja joudutaan hillitsem\u00e4\u00e4n kaikin keinoin. Kuitenkin maanrakentaminen eri muodoissa n\u00e4ytt\u00e4\u00e4 jatkuvan ja sesonkia kohti etenemme luottavaisena, p\u00e4\u00e4tt\u00e4\u00e4 Kyll\u00f6nen. <\/p>\n\n\n\r\n\r\n\r\n<div class=\"row padding-vertical-small\">\r\n    <div class=\"col-xs-12 col-md-12 padding-vertical-small news-border-left background-color-grey\">\r\n\r\n                   \r\n\t\t\t\t                    <p>K\u00e4rs\u00e4m\u00e4en Konep\u00e4iv\u00e4t<br \/>\n22.4. klo 9 \u2013 15<br \/>\nKonesilta Oy,<br \/>\nHuoltotie 5, K\u00e4rs\u00e4m\u00e4ki<br \/>\n toimitusjohtaja Ville Kyll\u00f6nen<br \/>\npuh. 0400 417 423<br \/>\n<a href=\"http:\/\/www.konesilta.fi\" rel=\"noopener\" target=\"_blank\">www.konesilta.fi<\/a><\/p>\n                  \r\n\t\t\t\t    <\/div><!--col-->              \r\n<\/div><!--row-->\r\n","protected":false},"excerpt":{"rendered":"<p>Konesilta j\u00e4rjest\u00e4\u00e4 Konep\u00e4iv\u00e4t K\u00e4rs\u00e4m\u00e4en toimipisteess\u00e4\u00e4n 22.4.\u00a0klo 9 \u2013 15. Nyt j\u00e4rjestett\u00e4v\u00e4 Konep\u00e4iv\u00e4 on j\u00e4rjestyksess\u00e4\u00e4n kymmenes,\u00a0joten t\u00e4ss\u00e4 perinteisesti paljon k\u00e4vij\u00f6it\u00e4 houkuttelevassa hienossa tapahtumassa on poikkeuksellista juhlan tuntua ilmassa. Ensimm\u00e4iset K\u00e4rs\u00e4m\u00e4en Konep\u00e4iv\u00e4t j\u00e4rjestettiin vuonna 2001. Edellisen kerran tapahtuma pidettiin vuonna 2019, jonka j\u00e4lkeen Korona pakotti t\u00e4m\u00e4n perinteisen kev\u00e4\u00e4n merkin hetkeksi j\u00e4\u00e4hylle. Nyt vuonna 2023 tapahtuma on j\u00e4lleen [&hellip;]<\/p>\n","protected":false},"author":4,"featured_media":14498,"comment_status":"closed","ping_status":"open","sticky":false,"template":"","format":"standard","meta":{"_acf_changed":false,"footnotes":""},"categories":[1],"tags":[],"class_list":["post-14497","post","type-post","status-publish","format-standard","has-post-thumbnail","hentry","category-yleinen"],"acf":[],"aioseo_notices":[],"_links":{"self":[{"href":"https:\/\/europorssi.com\/fi\/wp-json\/wp\/v2\/posts\/14497","targetHints":{"allow":["GET"]}}],"collection":[{"href":"https:\/\/europorssi.com\/fi\/wp-json\/wp\/v2\/posts"}],"about":[{"href":"https:\/\/europorssi.com\/fi\/wp-json\/wp\/v2\/types\/post"}],"author":[{"embeddable":true,"href":"https:\/\/europorssi.com\/fi\/wp-json\/wp\/v2\/users\/4"}],"replies":[{"embeddable":true,"href":"https:\/\/europorssi.com\/fi\/wp-json\/wp\/v2\/comments?post=14497"}],"version-history":[{"count":0,"href":"https:\/\/europorssi.com\/fi\/wp-json\/wp\/v2\/posts\/14497\/revisions"}],"wp:featuredmedia":[{"embeddable":true,"href":"https:\/\/europorssi.com\/fi\/wp-json\/wp\/v2\/media\/14498"}],"wp:attachment":[{"href":"https:\/\/europorssi.com\/fi\/wp-json\/wp\/v2\/media?parent=14497"}],"wp:term":[{"taxonomy":"category","embeddable":true,"href":"https:\/\/europorssi.com\/fi\/wp-json\/wp\/v2\/categories?post=14497"},{"taxonomy":"post_tag","embeddable":true,"href":"https:\/\/europorssi.com\/fi\/wp-json\/wp\/v2\/tags?post=14497"}],"curies":[{"name":"wp","href":"https:\/\/api.w.org\/{rel}","templated":true}]}}