{"id":14852,"date":"2023-06-08T08:37:29","date_gmt":"2023-06-08T05:37:29","guid":{"rendered":"https:\/\/europorssi.com\/?p=14852"},"modified":"2023-06-08T08:37:29","modified_gmt":"2023-06-08T05:37:29","slug":"rst-steel-oy-laajentaa-palvelualuettaan-ouluun-2","status":"publish","type":"post","link":"https:\/\/europorssi.com\/fi\/rst-steel-oy-laajentaa-palvelualuettaan-ouluun-2\/","title":{"rendered":"RST-Steel Oy laajentaa palvelualuettaan Ouluun"},"content":{"rendered":"\n<p>Kysynn\u00e4n kasvaessaRST-Steel on p\u00e4\u00e4tt\u00e4nyt avata uuden toimipisteen Oulun alueelle aivan 4-tien varteen, Kempeleen Zateliittiin. Oulun toimipisteelt\u00e4 l\u00f6yd\u00e4t myym\u00e4l\u00e4st\u00e4 tutut tuotteet, jonka lis\u00e4ksi avataan upea showroom alan johtaville tuotteille.<\/p>\n\n\n\n<p>Saman katon alle RST-Steel on yhdist\u00e4nyt my\u00f6s asennuspalvelun sek\u00e4 kuorma-, ett\u00e4 pakettiautoille. Ovet avautuvat loppukes\u00e4n\/syksyn 2023 aikana ja t\u00e4st\u00e4 tiedotetaan tarkemmin tulevaisuudessa.\u00a0<\/p>\n\n\n\r\n\r\n\r\n<div class=\"row padding-vertical-small\">\r\n    <div class=\"col-xs-12 col-md-12 padding-vertical-small news-border-left background-color-grey\">\r\n\r\n                   \r\n\t\t\t\t                    <p>Oulussa elokuusta eteenp\u00e4in teit\u00e4 palvelee<br \/>\nTommi Luukinen<br \/>\n+358 50 344 1933<br \/>\nsek\u00e4 Arttu Eskola<br \/>\n+358 40 015 9812<\/p>\n                  \r\n\t\t\t\t    <\/div><!--col-->              \r\n<\/div><!--row-->\r\n","protected":false},"excerpt":{"rendered":"<p>Kysynn\u00e4n kasvaessaRST-Steel on p\u00e4\u00e4tt\u00e4nyt avata uuden toimipisteen Oulun alueelle aivan 4-tien varteen, Kempeleen Zateliittiin. Oulun toimipisteelt\u00e4 l\u00f6yd\u00e4t myym\u00e4l\u00e4st\u00e4 tutut tuotteet, jonka lis\u00e4ksi avataan upea showroom alan johtaville tuotteille. Saman katon alle RST-Steel on yhdist\u00e4nyt my\u00f6s asennuspalvelun sek\u00e4 kuorma-, ett\u00e4 pakettiautoille. Ovet avautuvat loppukes\u00e4n\/syksyn 2023 aikana ja t\u00e4st\u00e4 tiedotetaan tarkemmin tulevaisuudessa.\u00a0<\/p>\n","protected":false},"author":4,"featured_media":14853,"comment_status":"closed","ping_status":"open","sticky":false,"template":"","format":"standard","meta":{"_acf_changed":false,"footnotes":""},"categories":[1],"tags":[],"class_list":["post-14852","post","type-post","status-publish","format-standard","has-post-thumbnail","hentry","category-yleinen"],"acf":[],"aioseo_notices":[],"_links":{"self":[{"href":"https:\/\/europorssi.com\/fi\/wp-json\/wp\/v2\/posts\/14852","targetHints":{"allow":["GET"]}}],"collection":[{"href":"https:\/\/europorssi.com\/fi\/wp-json\/wp\/v2\/posts"}],"about":[{"href":"https:\/\/europorssi.com\/fi\/wp-json\/wp\/v2\/types\/post"}],"author":[{"embeddable":true,"href":"https:\/\/europorssi.com\/fi\/wp-json\/wp\/v2\/users\/4"}],"replies":[{"embeddable":true,"href":"https:\/\/europorssi.com\/fi\/wp-json\/wp\/v2\/comments?post=14852"}],"version-history":[{"count":0,"href":"https:\/\/europorssi.com\/fi\/wp-json\/wp\/v2\/posts\/14852\/revisions"}],"wp:featuredmedia":[{"embeddable":true,"href":"https:\/\/europorssi.com\/fi\/wp-json\/wp\/v2\/media\/14853"}],"wp:attachment":[{"href":"https:\/\/europorssi.com\/fi\/wp-json\/wp\/v2\/media?parent=14852"}],"wp:term":[{"taxonomy":"category","embeddable":true,"href":"https:\/\/europorssi.com\/fi\/wp-json\/wp\/v2\/categories?post=14852"},{"taxonomy":"post_tag","embeddable":true,"href":"https:\/\/europorssi.com\/fi\/wp-json\/wp\/v2\/tags?post=14852"}],"curies":[{"name":"wp","href":"https:\/\/api.w.org\/{rel}","templated":true}]}}