{"id":14877,"date":"2023-06-08T11:14:01","date_gmt":"2023-06-08T08:14:01","guid":{"rendered":"https:\/\/europorssi.com\/?p=14877"},"modified":"2023-06-08T11:14:02","modified_gmt":"2023-06-08T08:14:02","slug":"kalle-saarimaa-nimitetty-tana-oyn-toimitusjohtajaksi","status":"publish","type":"post","link":"https:\/\/europorssi.com\/fi\/kalle-saarimaa-nimitetty-tana-oyn-toimitusjohtajaksi\/","title":{"rendered":"Kalle Saarimaa nimitetty Tana Oy:n toimitusjohtajaksi"},"content":{"rendered":"\n<p>Kalle Saarimaa on nimitetty Tana Oy:n toimitusjohtajaksi 1.6.2023 alkaen. H\u00e4n siirtyy Tanalle Fortum Oyj:n Circular Solutions -divisioonan johtajan teht\u00e4vist\u00e4. Saarimaalla on ollut merkitt\u00e4v\u00e4 rooli Fortumin kierr\u00e4tys- ja j\u00e4teliiketoiminnan kehitt\u00e4misess\u00e4 paikallisesta ongelmaj\u00e4tteiden k\u00e4sittelyyn erikoistuneesta yrityksest\u00e4 Pohjoismaiden johtavaksi kiertotalous-ratkaisujen toimittajaksi<\/p>\n\n\n\n<p>Saarimaa on toiminut useamman vuoden Tana Oy:n hallituksen j\u00e4senen\u00e4 \u2013 lis\u00e4ksi h\u00e4n vaikuttaa aktiivisesti suomalaisissa ja eurooppalaisissa j\u00e4tehuoltoj\u00e4rjest\u00f6iss\u00e4 ja kiertotalousyrityksien hallituksen j\u00e4senen\u00e4. H\u00e4nell\u00e4 on pitk\u00e4 kokemus liiketoimintojen johtamisesta, toimitusketjuista ja konsultoinnista sek\u00e4 laaja-alainen osaaminen ja n\u00e4kemys kiertotaloudesta.<\/p>\n\n\n\n<p>\u201dKallen kokemus kansainv\u00e4lisen ymp\u00e4rist\u00f6huollon alalla, todella vahvat n\u00e4yt\u00f6t liiketoiminnan kannattavasta kasvusta ja n\u00e4kemyksellisyys kiertotalouden mahdollisuuksista ovat todella arvokkaita Tanan jatkaessa vahvaa kasvuaan. Tanan strategiana on olla aktiivinen toimija melko pirstaleisen alan konsolidoimisessa ja t\u00e4h\u00e4n vaiheeseen Kalle on erinomainen kasvun johtaja\u201d, sanoo Kari Kangas, Tanan hallituksen puheenjohtaja. \u201dOlen tyytyv\u00e4inen, ett\u00e4 yhti\u00f6t\u00e4 menestyksekk\u00e4\u00e4sti viimeiset kolme vuotta johtanut Kari Liuska siirtyy yhti\u00f6n hallitukseen ja siten pystyy jatkossakin tukemaan kokemuksellaan yhti\u00f6t\u00e4 todella mielenkiintoisessa kasvun vaiheessa\u201d jatkaa Kangas.<\/p>\n\n\n\n<p>\u201dTana on hyvin hoidettu yritys, jolla on vahva br\u00e4ndi. Tanan tuotteet vastaavat hyvin kiertotalouden haasteisiin globaalisti ja ovat toimialansa parhaita. Olen etuoikeutettu, kun p\u00e4\u00e4sen johtamaan Tanaa seuraavaan kasvun vaiheeseen. Haluan aluksi perehty\u00e4 syv\u00e4llisesti asiakkaisiin, tuotekehitykseen ja Tanan tiimiin. Tyytyv\u00e4iset asiakkaat, hyvinvoivat ty\u00f6ntekij\u00e4t ja innovatiivisuus ovat yrityksen kuin yrityksen menestymisen kulmakivi\u00e4\u201d\u201d, Kalle Saarimaa kertoo.<\/p>\n\n\n\r\n\r\n\r\n<div class=\"row padding-vertical-small\">\r\n    <div class=\"col-xs-12 col-md-12 padding-vertical-small news-border-left background-color-grey\">\r\n\r\n                   \r\n\t\t\t\t                    <p>Kari Kangas<br \/>\nhallituksen puheenjohtaja<br \/>\n0500 638 824<br \/>\n<a href=\"http:\/\/www.tana.fi\" rel=\"noopener\" target=\"_blank\">www.tana.fi<\/a><\/p>\n                  \r\n\t\t\t\t    <\/div><!--col-->              \r\n<\/div><!--row-->\r\n","protected":false},"excerpt":{"rendered":"<p>Kalle Saarimaa on nimitetty Tana Oy:n toimitusjohtajaksi 1.6.2023 alkaen. H\u00e4n siirtyy Tanalle Fortum Oyj:n Circular Solutions -divisioonan johtajan teht\u00e4vist\u00e4. Saarimaalla on ollut merkitt\u00e4v\u00e4 rooli Fortumin kierr\u00e4tys- ja j\u00e4teliiketoiminnan kehitt\u00e4misess\u00e4 paikallisesta ongelmaj\u00e4tteiden k\u00e4sittelyyn erikoistuneesta yrityksest\u00e4 Pohjoismaiden johtavaksi kiertotalous-ratkaisujen toimittajaksi Saarimaa on toiminut useamman vuoden Tana Oy:n hallituksen j\u00e4senen\u00e4 \u2013 lis\u00e4ksi h\u00e4n vaikuttaa aktiivisesti suomalaisissa ja eurooppalaisissa [&hellip;]<\/p>\n","protected":false},"author":4,"featured_media":14878,"comment_status":"closed","ping_status":"open","sticky":false,"template":"","format":"standard","meta":{"_acf_changed":false,"footnotes":""},"categories":[1],"tags":[],"class_list":["post-14877","post","type-post","status-publish","format-standard","has-post-thumbnail","hentry","category-yleinen"],"acf":[],"aioseo_notices":[],"_links":{"self":[{"href":"https:\/\/europorssi.com\/fi\/wp-json\/wp\/v2\/posts\/14877","targetHints":{"allow":["GET"]}}],"collection":[{"href":"https:\/\/europorssi.com\/fi\/wp-json\/wp\/v2\/posts"}],"about":[{"href":"https:\/\/europorssi.com\/fi\/wp-json\/wp\/v2\/types\/post"}],"author":[{"embeddable":true,"href":"https:\/\/europorssi.com\/fi\/wp-json\/wp\/v2\/users\/4"}],"replies":[{"embeddable":true,"href":"https:\/\/europorssi.com\/fi\/wp-json\/wp\/v2\/comments?post=14877"}],"version-history":[{"count":0,"href":"https:\/\/europorssi.com\/fi\/wp-json\/wp\/v2\/posts\/14877\/revisions"}],"wp:featuredmedia":[{"embeddable":true,"href":"https:\/\/europorssi.com\/fi\/wp-json\/wp\/v2\/media\/14878"}],"wp:attachment":[{"href":"https:\/\/europorssi.com\/fi\/wp-json\/wp\/v2\/media?parent=14877"}],"wp:term":[{"taxonomy":"category","embeddable":true,"href":"https:\/\/europorssi.com\/fi\/wp-json\/wp\/v2\/categories?post=14877"},{"taxonomy":"post_tag","embeddable":true,"href":"https:\/\/europorssi.com\/fi\/wp-json\/wp\/v2\/tags?post=14877"}],"curies":[{"name":"wp","href":"https:\/\/api.w.org\/{rel}","templated":true}]}}