{"id":15131,"date":"2023-08-17T10:58:26","date_gmt":"2023-08-17T07:58:26","guid":{"rendered":"https:\/\/europorssi.com\/?p=15131"},"modified":"2023-08-17T10:58:27","modified_gmt":"2023-08-17T07:58:27","slug":"realmachineryn-maxpo-2023-osastolla-a30-esilla-sahkoisia-uutuuksia-seka-paljon-muuta","status":"publish","type":"post","link":"https:\/\/europorssi.com\/fi\/realmachineryn-maxpo-2023-osastolla-a30-esilla-sahkoisia-uutuuksia-seka-paljon-muuta\/","title":{"rendered":"RealMachineryn Maxpo 2023 -osastolla A30 esill\u00e4 s\u00e4hk\u00f6isi\u00e4 uutuuksia sek\u00e4 paljon muuta"},"content":{"rendered":"\n<p><strong>Maxpo 2023 -messuilla Hyvink\u00e4\u00e4n lentokent\u00e4ll\u00e4 31.8.-2.9.2023 RealMachinery esittelee tuttuun tapaan t\u00e4yden palvelun valikoimaansa. T\u00e4n\u00e4 vuonna osastolla A30 esill\u00e4 ovat muun muassa j\u00e4lkimarkkinoinnin palveluista Develon Fleet Management sek\u00e4 kattavat huoltosopimukset. Koneista on esill\u00e4 laaja kattaus uusia Develon-kaivinkoneita sek\u00e4 t\u00e4yss\u00e4hk\u00f6iset uutuudet Ammannilta, W Rentin palveluiden uutuutena ovat vuokralle saatavat generaattorit ja\u00a0lis\u00e4laitteista esill\u00e4 Allu-lis\u00e4laitteet, jotka saat RealMachineryn valikoimasta.<\/strong><\/p>\n\n\n<div class=\"wp-block-image\">\n<figure class=\"alignleft size-large is-resized\"><img loading=\"lazy\" decoding=\"async\" src=\"https:\/\/europorssi.com\/wp-content\/uploads\/2023\/08\/2-1-1024x919.jpg\" alt=\"\" class=\"wp-image-15133\" width=\"512\" height=\"460\" srcset=\"https:\/\/europorssi.com\/wp-content\/uploads\/2023\/08\/2-1-1024x919.jpg 1024w, https:\/\/europorssi.com\/wp-content\/uploads\/2023\/08\/2-1-300x269.jpg 300w, https:\/\/europorssi.com\/wp-content\/uploads\/2023\/08\/2-1-768x689.jpg 768w, https:\/\/europorssi.com\/wp-content\/uploads\/2023\/08\/2-1-560x503.jpg 560w, https:\/\/europorssi.com\/wp-content\/uploads\/2023\/08\/2-1-123x110.jpg 123w, https:\/\/europorssi.com\/wp-content\/uploads\/2023\/08\/2-1.jpg 1140w\" sizes=\"auto, (max-width: 512px) 100vw, 512px\" \/><\/figure>\n<\/div>\n\n\n<p>Maxpossa on tuttuun tapaan esill\u00e4 Develonin uudet maanrakennuskoneet eritt\u00e4in kattavalla valikoimalla. Esill\u00e4 ovat muun muassa py\u00f6r\u00e4alustaisista kaivukoneista DX100W-7, DX165WR-7 sek\u00e4 DX170W-7 taittopuomimallit, tela-alustaisista koneista mets\u00e4alustainen DX160LC-7 HT sek\u00e4 tutut suosikit DX235LCR-7 sek\u00e4 DX300LC-7 koneet. Koneiden isommasta p\u00e4\u00e4st\u00e4 Maxpossa p\u00e4\u00e4see tutustumaan 34 tonnin ty\u00f6painoiseen DL580-7 py\u00f6r\u00e4kuormaajaan sek\u00e4 38 tonnin DX380LC-7 tela-alustaiseen kaivukoneeseen.<\/p>\n\n\n\n<p>Maxpossa ovat my\u00f6s ensi kertaa yhdess\u00e4 esill\u00e4 RealMachineryn sek\u00e4 Allun valikoima. Allu-lis\u00e4laitteiden myynti siirtyi kes\u00e4ll\u00e4 RealMachinerylle ja Maxpo on loistava paikka tulla katsomaan Develonin ja Allun saumatonta yhteisty\u00f6t\u00e4, niin demokent\u00e4ll\u00e4 kuin my\u00f6s myynnin osalta. Osastolla demottavissa Develon DX165WR-7 Allun seulakauhalla.<\/p>\n\n\n\n<p>Lis\u00e4ksi osastolla on esittelyss\u00e4 ja koeajossa my\u00f6s Ammanin ensimm\u00e4inen s\u00e4hk\u00f6k\u00e4ytt\u00f6inen kaksivalssijyr\u00e4, jolla onnistuu koko p\u00e4iv\u00e4n ty\u00f6t.&nbsp;<\/p>\n\n\n\n<p>\u201dS\u00e4hk\u00f6koneiden kysynt\u00e4 kasvaa koko ajan ja ensimm\u00e4inen kysymys aina on, kauanko akku kest\u00e4\u00e4. Nyt esittelem\u00e4mme s\u00e4hk\u00f6inen jyr\u00e4 pystyy tekem\u00e4\u00e4n oikeasti koko p\u00e4iv\u00e4n t\u00f6it\u00e4\u201d, kertoo Ammanin tuotep\u00e4\u00e4llikk\u00f6 Marko Kierros.<\/p>\n\n\n\n<p>Kaksivalssijyr\u00e4ss\u00e4 sek\u00e4 ajo ett\u00e4 t\u00e4rytys ovat s\u00e4hk\u00f6iset. Ainoastaan ohjaus on hydraulinen sis\u00e4lt\u00e4en nelj\u00e4 litraa \u00f6ljy\u00e4. T\u00e4ten kone on l\u00e4hes huoltovapaa.<\/p>\n\n\n<div class=\"wp-block-image\">\n<figure class=\"alignleft size-large is-resized\"><img loading=\"lazy\" decoding=\"async\" src=\"https:\/\/europorssi.com\/wp-content\/uploads\/2023\/08\/3-1-1024x826.jpg\" alt=\"\" class=\"wp-image-15134\" width=\"256\" height=\"207\" srcset=\"https:\/\/europorssi.com\/wp-content\/uploads\/2023\/08\/3-1-1024x826.jpg 1024w, https:\/\/europorssi.com\/wp-content\/uploads\/2023\/08\/3-1-300x242.jpg 300w, https:\/\/europorssi.com\/wp-content\/uploads\/2023\/08\/3-1-768x620.jpg 768w, https:\/\/europorssi.com\/wp-content\/uploads\/2023\/08\/3-1-560x452.jpg 560w, https:\/\/europorssi.com\/wp-content\/uploads\/2023\/08\/3-1-136x110.jpg 136w, https:\/\/europorssi.com\/wp-content\/uploads\/2023\/08\/3-1.jpg 1140w\" sizes=\"auto, (max-width: 256px) 100vw, 256px\" \/><\/figure>\n<\/div>\n\n\n<p>\u201dHuollolle ei n\u00e4ist\u00e4 koneista hommaa synny. Dieselmoottorin puuttuminen tarkoittaa, ett\u00e4 s\u00e4\u00e4nn\u00f6llist\u00e4 huoltoa ei tarvita eik\u00e4 lis\u00e4kustannuksia synny. Omistamiskustannukset j\u00e4\u00e4v\u00e4t pieniksi ja kannattavuus paranee\u201d, Kierros sanoo.<\/p>\n\n\n<div class=\"wp-block-image\">\n<figure class=\"alignright size-large is-resized\"><img loading=\"lazy\" decoding=\"async\" src=\"https:\/\/europorssi.com\/wp-content\/uploads\/2023\/08\/4-1-1024x865.jpg\" alt=\"\" class=\"wp-image-15135\" width=\"512\" height=\"433\" srcset=\"https:\/\/europorssi.com\/wp-content\/uploads\/2023\/08\/4-1-1024x865.jpg 1024w, https:\/\/europorssi.com\/wp-content\/uploads\/2023\/08\/4-1-300x253.jpg 300w, https:\/\/europorssi.com\/wp-content\/uploads\/2023\/08\/4-1-768x649.jpg 768w, https:\/\/europorssi.com\/wp-content\/uploads\/2023\/08\/4-1-560x473.jpg 560w, https:\/\/europorssi.com\/wp-content\/uploads\/2023\/08\/4-1-130x110.jpg 130w, https:\/\/europorssi.com\/wp-content\/uploads\/2023\/08\/4-1.jpg 1140w\" sizes=\"auto, (max-width: 512px) 100vw, 512px\" \/><\/figure>\n<\/div>\n\n\n<p>S\u00e4hk\u00f6koneessa on my\u00f6s kaksi muuta valttia: p\u00e4\u00e4st\u00f6tt\u00f6myys ja \u00e4\u00e4nett\u00f6myys.<\/p>\n\n\n\n<p>\u201dKoneesta ei juuri \u00e4\u00e4nt\u00e4 l\u00e4hde, joten se sopii ty\u00f6maille kaupunkien keskustoihin ja tiheille asuinalueille, joissa matalia melutasoja arvostetaan. S\u00e4hk\u00f6koneessa ymp\u00e4rist\u00f6vaikutukset j\u00e4\u00e4v\u00e4t v\u00e4h\u00e4isiksi.\u201d<\/p>\n\n\n\n<p>Koneiden lis\u00e4ksi my\u00f6s RealMachineryn palvelut ovat laajasti esill\u00e4 Maxpossa. W Rentin konevuokraus esittelee kattavasti Develonin, John Deeren ja Willen konevuokramahdollisuuksia. Uutuutena Maxpossa my\u00f6s Wille Power Systemsin generaattorit, jotka saat jatkossa vuokralle ty\u00f6maallesi W Rentin valikoimasta. Lis\u00e4ksi RealMachineryn j\u00e4lkimarkkinoinnin palveluista esill\u00e4 ovat muun muassa huoltosopimukset sek\u00e4 Develon Fleet Management, joiden avulla kaluston hallinta sek\u00e4 huoltaminen on helppoa sek\u00e4 vaivatonta.<\/p>\n\n\n\n<p>RealMachineryn valikoiman lis\u00e4ksi esill\u00e4 luonnollisesti my\u00f6s muu Wihuri Teknisen Kaupan valikoima, muun muassa ymp\u00e4rist\u00f6nhoitokonemyynnin, ty\u00f6kalumyynnin ja l\u00e4mmittimien ja ilmastoinnin osalta. <\/p>\n\n\n\r\n\r\n\r\n<div class=\"row padding-vertical-small\">\r\n    <div class=\"col-xs-12 col-md-12 padding-vertical-small news-border-left background-color-grey\">\r\n\r\n                   \r\n\t\t\t\t                    <p><a href=\"http:\/\/www.realmachinery.fi\" rel=\"noopener\" target=\"_blank\">www.realmachinery.fi<\/a><\/p>\n                  \r\n\t\t\t\t    <\/div><!--col-->              \r\n<\/div><!--row-->\r\n","protected":false},"excerpt":{"rendered":"<p>Maxpo 2023 -messuilla Hyvink\u00e4\u00e4n lentokent\u00e4ll\u00e4 31.8.-2.9.2023 RealMachinery esittelee tuttuun tapaan t\u00e4yden palvelun valikoimaansa. T\u00e4n\u00e4 vuonna osastolla A30 esill\u00e4 ovat muun muassa j\u00e4lkimarkkinoinnin palveluista Develon Fleet Management sek\u00e4 kattavat huoltosopimukset. Koneista on esill\u00e4 laaja kattaus uusia Develon-kaivinkoneita sek\u00e4 t\u00e4yss\u00e4hk\u00f6iset uutuudet Ammannilta, W Rentin palveluiden uutuutena ovat vuokralle saatavat generaattorit ja\u00a0lis\u00e4laitteista esill\u00e4 Allu-lis\u00e4laitteet, jotka saat RealMachineryn valikoimasta. [&hellip;]<\/p>\n","protected":false},"author":4,"featured_media":15132,"comment_status":"closed","ping_status":"open","sticky":false,"template":"","format":"standard","meta":{"_acf_changed":false,"footnotes":""},"categories":[1],"tags":[],"class_list":["post-15131","post","type-post","status-publish","format-standard","has-post-thumbnail","hentry","category-yleinen"],"acf":[],"aioseo_notices":[],"_links":{"self":[{"href":"https:\/\/europorssi.com\/fi\/wp-json\/wp\/v2\/posts\/15131","targetHints":{"allow":["GET"]}}],"collection":[{"href":"https:\/\/europorssi.com\/fi\/wp-json\/wp\/v2\/posts"}],"about":[{"href":"https:\/\/europorssi.com\/fi\/wp-json\/wp\/v2\/types\/post"}],"author":[{"embeddable":true,"href":"https:\/\/europorssi.com\/fi\/wp-json\/wp\/v2\/users\/4"}],"replies":[{"embeddable":true,"href":"https:\/\/europorssi.com\/fi\/wp-json\/wp\/v2\/comments?post=15131"}],"version-history":[{"count":0,"href":"https:\/\/europorssi.com\/fi\/wp-json\/wp\/v2\/posts\/15131\/revisions"}],"wp:featuredmedia":[{"embeddable":true,"href":"https:\/\/europorssi.com\/fi\/wp-json\/wp\/v2\/media\/15132"}],"wp:attachment":[{"href":"https:\/\/europorssi.com\/fi\/wp-json\/wp\/v2\/media?parent=15131"}],"wp:term":[{"taxonomy":"category","embeddable":true,"href":"https:\/\/europorssi.com\/fi\/wp-json\/wp\/v2\/categories?post=15131"},{"taxonomy":"post_tag","embeddable":true,"href":"https:\/\/europorssi.com\/fi\/wp-json\/wp\/v2\/tags?post=15131"}],"curies":[{"name":"wp","href":"https:\/\/api.w.org\/{rel}","templated":true}]}}