{"id":15191,"date":"2023-08-17T11:33:11","date_gmt":"2023-08-17T08:33:11","guid":{"rendered":"https:\/\/europorssi.com\/?p=15191"},"modified":"2023-08-17T11:33:12","modified_gmt":"2023-08-17T08:33:12","slug":"han-on-dynasetin-uusi-toimitusjohtaja","status":"publish","type":"post","link":"https:\/\/europorssi.com\/fi\/han-on-dynasetin-uusi-toimitusjohtaja\/","title":{"rendered":"H\u00e4n on Dynasetin uusi toimitusjohtaja"},"content":{"rendered":"\n<h2 class=\"wp-block-heading\">Anni Karppinen johtamaan tiimi\u00e4!<\/h2>\n\n\n\n<p>Dynaset sai uuden toimitusjohtajan vuoden 2023 alussa, kun Anni Karppinen aloitti Dynasetin toimitusjohtajana. Anni on ty\u00f6skennellyt Dynasetilla vuodesta 2008, mutta ei uskonut, ett\u00e4 h\u00e4n loisi uraa Dynasetilla.<\/p>\n\n\n\n<p>\u2013 Hauskana yksityiskohtana mainittakoon, ett\u00e4 alun perin aloitin urani Dynasetilla kokoamalla hitsausgeneraattoreita. Aivan kuten Reijo, tosin en kasannut niit\u00e4 autotallissani. Sen j\u00e4lkeen, muistaakseni vuonna 2008, aloitin harjoittelun myyntisihteerin\u00e4. Teht\u00e4v\u00e4 vei minut Kiinaan, koska olin opiskellut myynti\u00e4 Aasian markkinoilla. Kun harjoittelu p\u00e4\u00e4ttyi, jatkoin samassa teht\u00e4v\u00e4ss\u00e4 koko kes\u00e4n. Ajattelin, ett\u00e4 teen t\u00f6it\u00e4 kes\u00e4n ajan ja etsin sitten oikean ty\u00f6paikan. Tarkoitukseni ei siis ollut luoda uraa t\u00e4\u00e4ll\u00e4 ja ajattelin t\u00e4m\u00e4n olevan liian insin\u00f6\u00f6rim\u00e4ist\u00e4 minulle, Anni kertoo.<\/p>\n\n\n<div class=\"wp-block-image\">\n<figure class=\"alignright size-large is-resized\"><img loading=\"lazy\" decoding=\"async\" src=\"https:\/\/europorssi.com\/wp-content\/uploads\/2023\/08\/4186_-1024x622.jpg\" alt=\"\" class=\"wp-image-15193\" width=\"512\" height=\"311\" srcset=\"https:\/\/europorssi.com\/wp-content\/uploads\/2023\/08\/4186_-1024x622.jpg 1024w, https:\/\/europorssi.com\/wp-content\/uploads\/2023\/08\/4186_-300x182.jpg 300w, https:\/\/europorssi.com\/wp-content\/uploads\/2023\/08\/4186_-768x466.jpg 768w, https:\/\/europorssi.com\/wp-content\/uploads\/2023\/08\/4186_-560x340.jpg 560w, https:\/\/europorssi.com\/wp-content\/uploads\/2023\/08\/4186_-181x110.jpg 181w, https:\/\/europorssi.com\/wp-content\/uploads\/2023\/08\/4186_.jpg 1140w\" sizes=\"auto, (max-width: 512px) 100vw, 512px\" \/><figcaption class=\"wp-element-caption\"><em>Dynaset sai uuden toimitusjohtajan vuoden 2023 alussa, kun Anni Karppinen aloitti Dynasetin toimitusjohtajana. \u201cTiimimme ja asiakkaamme olivat t\u00e4rkeimm\u00e4t syyt, jotka saivat minut pysym\u00e4\u00e4n Dynasetilla.\u201d<\/em><br><\/figcaption><\/figure>\n<\/div>\n\n\n<p>Myyntisihteerin\u00e4 Anni teki monia asioita n\u00e4yttelysuunnittelusta tarjouspyynt\u00f6ihin. Opittavaa oli valtavasti, ja monet asiat opittiin kokeilujen kautta.<\/p>\n\n\n\n<p>\u2013 En ollut teknisesti suuntautunut aloittaessani t\u00e4\u00e4ll\u00e4. K\u00e4vin silloin usein Timo Niemisen, nykyisen teknisen johtajamme, ty\u00f6p\u00f6yd\u00e4n \u00e4\u00e4rell\u00e4 kyselem\u00e4ss\u00e4 tekniikasta, Anni Karppinen kertoo ja nauraa.<\/p>\n\n\n\n<p>Ura Dynasetilla ei ollut ensimm\u00e4inen eik\u00e4 helpoin valinta, mutta mik\u00e4 sitten sai Annin pysym\u00e4\u00e4n t\u00e4\u00e4ll\u00e4?<\/p>\n\n\n\n<p>\u2013 Dynasetille sai j\u00e4\u00e4m\u00e4\u00e4n meid\u00e4n henkil\u00f6kunta ja asiakkaat rehellisesti sanoen \u2013 molempien kanssa ollut todella mielenkiintoista ty\u00f6skennell\u00e4, tehd\u00e4 siistej\u00e4 juttuja ja koko ajan oppia uutta. Tuotteet ja toimiala vei mukanaan.<\/p>\n\n\n\n<p>Anni on t\u00e4ydellinen esimerkki siit\u00e4, miten motivaatio ja rohkeus tekev\u00e4t kenest\u00e4 tahansa mestarin pitk\u00e4ll\u00e4 aikav\u00e4lill\u00e4. Anni kehittyi jatkuvasti; h\u00e4nest\u00e4 tuli esimerkiksi Dynasetin tapahtumien vastuuhenkil\u00f6, josta h\u00e4n todella piti. Ajan mittaan my\u00f6s h\u00e4nen kalenteri alkoi t\u00e4yttym\u00e4\u00e4n erilaisilla myyntiteht\u00e4vill\u00e4, kuten asiakask\u00e4ynneill\u00e4.<\/p>\n\n\n\n<p>\u2013 Sitten asiat vain tapahtuivat kun tapahtumien suunnittelu, asiakask\u00e4ynnit ja tiimin johtamisteht\u00e4v\u00e4t muodostuivat rutiiniksi. Tapahtumasuunnittelu oli minulle luontevaa, mutta teknisen\u00e4 myyj\u00e4n\u00e4 toimiminen suomalaisilla messuilla ei ollut naiselle helppo nakki, koska ala oli miesvaltainen. Onneksi ulkomaiset messut ja asiakkaat olivat eri juttu, ja he osasivat arvostaa osaamistani. Asiat ovat sen j\u00e4lkeen muuttuneet paljon my\u00f6s Suomessa. Kaiken kaikkiaan voisi sanoa, ett\u00e4 kun n\u00e4in, ett\u00e4 jotain oli teht\u00e4v\u00e4, tein sen. Muutaman vuoden kuluttua minusta tulikin myyntip\u00e4\u00e4llikk\u00f6. Ty\u00f6skentelin siin\u00e4 teht\u00e4v\u00e4ss\u00e4 yhdeks\u00e4n vuotta ja lis\u00e4ksi vuonna 2018, minusta tuli varatoimitusjohtaja, josta j\u00e4in \u00e4itiyslomalle vuoden 2022 alussa. &nbsp;<\/p>\n\n\n\n<p>Messuilu ja muut tapahtumat ovat Anni Karppiselle edelleen t\u00e4rkeit\u00e4. Vuonna 2022 h\u00e4n vieraili tytt\u00e4rens\u00e4 kanssa Bauma 2022 -messuilla. N\u00e4yttelyn aikana h\u00e4n tapasi Dynaset-j\u00e4lleenmyyji\u00e4, muun muassa kuvassa olevan Abhay Kaskebarin DCS Techno Services -yrityksest\u00e4.<\/p>\n\n\n\n<p>Anni valittiin myyntip\u00e4\u00e4llik\u00f6ksi poikkeuksellisella tavalla: myyntitiimi ehdotti h\u00e4nt\u00e4 p\u00e4\u00e4llik\u00f6kseen. Vuosi oli 2012. Sit\u00e4 ennen Anni olikin jo vihjannut olevansa kiinnostunut myyntip\u00e4\u00e4llik\u00f6n paikasta.<\/p>\n\n\n\n<p>\u2013 Hain myyntip\u00e4\u00e4llik\u00f6n paikkaa ennen kuin minusta sellainen tuli. Ainoa ongelma oli, ett\u00e4 hakemus ei johtanut edes haastatteluun, Anni sanoi ja nauroi.<\/p>\n\n\n\n<p><strong>Uusi n\u00e4k\u00f6kulma tuttuun liiketoimintaan \u2013 kaikki rakentuu luottamukselle<\/strong><\/p>\n\n\n\n<p>Anni omaa jo pitk\u00e4n kokemuksen Dynasetilta. Koulutuksellisesti h\u00e4nell\u00e4 on MBA-tutkinto kansainv\u00e4lisest\u00e4 myynnist\u00e4. Mik\u00e4 t\u00e4rkeint\u00e4, h\u00e4n on yksivuotiaan tytt\u00e4ren \u00e4iti, mik\u00e4 tuo maustetta perheyrityksen johtamiseen. Miten asiat ovat sujuneet t\u00e4h\u00e4n menness\u00e4?&nbsp;<\/p>\n\n\n\n<p>\u2013 Olin yll\u00e4ttynyt siit\u00e4, miten paljon asemanvaihdos muutti p\u00e4ivitt\u00e4isi\u00e4 teht\u00e4vi\u00e4ni ja suhtautumista minuun \u2013 vaikka suurin osa n\u00e4ist\u00e4 toistuvista teht\u00e4vist\u00e4 oli kuulunut aikatauluuni jo ennen aseman vaihtumista. Olen kiitollinen siit\u00e4, miten hyvin tiimimme on tukenut muutosta ja minua. Tuki on ollut v\u00e4ltt\u00e4m\u00e4t\u00f6nt\u00e4 \u00e4itiyden ja johtoteht\u00e4vien yhdist\u00e4misess\u00e4. Nykyisess\u00e4 ty\u00f6ss\u00e4ni p\u00e4\u00e4sen mukaan moniin mielenkiintoisiin asioihin, jotka l\u00e4p\u00e4isev\u00e4t kaikki Dynasetin toiminnot ja joiden tavoitteena on tyytyv\u00e4inen asiakas.<\/p>\n\n\n\n<p>Anni Karppinen uskoo, ett\u00e4 luottamus, selke\u00e4t tavoitteet ja visio auttavat tiimi\u00e4 kasvamaan.<\/p>\n\n\n\n<p>\u2013 Meill\u00e4 on erinomaiset arvot ja loistava tiimi, ja haluamme kehitty\u00e4 pitk\u00e4ll\u00e4 aikav\u00e4lill\u00e4. Jokainen Dynaset-tiimin j\u00e4sen on meille t\u00e4rke\u00e4 ja arvokas, ja t\u00e4rkeimp\u00e4n\u00e4 teht\u00e4v\u00e4n\u00e4ni on mahdollistaa vision toteuttaminen yhdess\u00e4 tiimimme kanssa \u2013&nbsp; sparrailla, haastaa ja motivoida ihmisi\u00e4 sek\u00e4 antaa tarvittavat resurssit. Meid\u00e4n on s\u00e4ilytett\u00e4v\u00e4 ty\u00f6kulttuurimme ja tiimihenkemme yrityksen kasvaessa. Uskon vakaasti, ett\u00e4 paras ty\u00f6paikka rakennetaan yhdess\u00e4 enk\u00e4 usko, ett\u00e4 kukaan haluaa ty\u00f6skennell\u00e4 huonossa ty\u00f6paikassa. Meill\u00e4 on lahjakkaita ty\u00f6ntekij\u00f6it\u00e4 jokaisella osastolla, ja meid\u00e4n on vain tarjottava kaikki tarvittavat resurssit.<\/p>\n\n\n\n<p>Dynasetin tehtaalla yksi lause korostaa Dynasetin luotettavaa ty\u00f6kulttuuria. Lause on \u201cAnnin olkap\u00e4iden takaa on helppo huudella\u201d. <\/p>\n","protected":false},"excerpt":{"rendered":"<p>Anni Karppinen johtamaan tiimi\u00e4! Dynaset sai uuden toimitusjohtajan vuoden 2023 alussa, kun Anni Karppinen aloitti Dynasetin toimitusjohtajana. Anni on ty\u00f6skennellyt Dynasetilla vuodesta 2008, mutta ei uskonut, ett\u00e4 h\u00e4n loisi uraa Dynasetilla. \u2013 Hauskana yksityiskohtana mainittakoon, ett\u00e4 alun perin aloitin urani Dynasetilla kokoamalla hitsausgeneraattoreita. Aivan kuten Reijo, tosin en kasannut niit\u00e4 autotallissani. Sen j\u00e4lkeen, muistaakseni vuonna [&hellip;]<\/p>\n","protected":false},"author":4,"featured_media":15192,"comment_status":"closed","ping_status":"open","sticky":false,"template":"","format":"standard","meta":{"_acf_changed":false,"footnotes":""},"categories":[1],"tags":[],"class_list":["post-15191","post","type-post","status-publish","format-standard","has-post-thumbnail","hentry","category-yleinen"],"acf":[],"aioseo_notices":[],"_links":{"self":[{"href":"https:\/\/europorssi.com\/fi\/wp-json\/wp\/v2\/posts\/15191","targetHints":{"allow":["GET"]}}],"collection":[{"href":"https:\/\/europorssi.com\/fi\/wp-json\/wp\/v2\/posts"}],"about":[{"href":"https:\/\/europorssi.com\/fi\/wp-json\/wp\/v2\/types\/post"}],"author":[{"embeddable":true,"href":"https:\/\/europorssi.com\/fi\/wp-json\/wp\/v2\/users\/4"}],"replies":[{"embeddable":true,"href":"https:\/\/europorssi.com\/fi\/wp-json\/wp\/v2\/comments?post=15191"}],"version-history":[{"count":0,"href":"https:\/\/europorssi.com\/fi\/wp-json\/wp\/v2\/posts\/15191\/revisions"}],"wp:featuredmedia":[{"embeddable":true,"href":"https:\/\/europorssi.com\/fi\/wp-json\/wp\/v2\/media\/15192"}],"wp:attachment":[{"href":"https:\/\/europorssi.com\/fi\/wp-json\/wp\/v2\/media?parent=15191"}],"wp:term":[{"taxonomy":"category","embeddable":true,"href":"https:\/\/europorssi.com\/fi\/wp-json\/wp\/v2\/categories?post=15191"},{"taxonomy":"post_tag","embeddable":true,"href":"https:\/\/europorssi.com\/fi\/wp-json\/wp\/v2\/tags?post=15191"}],"curies":[{"name":"wp","href":"https:\/\/api.w.org\/{rel}","templated":true}]}}