{"id":15438,"date":"2023-09-28T11:48:14","date_gmt":"2023-09-28T08:48:14","guid":{"rendered":"https:\/\/europorssi.com\/?p=15438"},"modified":"2023-09-28T11:48:15","modified_gmt":"2023-09-28T08:48:15","slug":"scania-suomen-uusi-paakonttori-ja-paakaupunkiseudun-scania-keskus-nousevat-vantaalle","status":"publish","type":"post","link":"https:\/\/europorssi.com\/fi\/scania-suomen-uusi-paakonttori-ja-paakaupunkiseudun-scania-keskus-nousevat-vantaalle\/","title":{"rendered":"Scania Suomen uusi p\u00e4\u00e4konttori ja p\u00e4\u00e4kaupunkiseudun Scania-keskus nousevat Vantaalle"},"content":{"rendered":"\n<p><em>Vuonna 1984 Scanian uusi p\u00e4\u00e4kaupunkiseudun Scania-keskus ja maahantuonnin p\u00e4\u00e4konttori valmistui Konalaan Helsinkiin. 40 vuotta sitten Konalan toimipisteen sijainti oli optimaalinen palvelemaan Etel\u00e4-Suomen kasvavaa Scania-kantaa. Aika on ajanut jo ohi Konalan huippusijainnin ja nyt Scania Suomi aloittaa uuden 24 miljoonan euron projektin maahantuonnin ja P\u00e4\u00e4kaupunkiseudun Scania-keskuksen pystytt\u00e4miseksi Vantaan Aviapolikseen<\/em><strong><em>.<\/em><\/strong><\/p>\n\n\n\n<p><strong>Uudet mitta- ja painos\u00e4\u00e4d\u00f6kset sek\u00e4 logistiikan liikenne investoinnin taustalla<\/strong><br>Keh\u00e4 I toimi pitk\u00e4\u00e4n p\u00e4\u00e4kaupunkiseudun ohittavana raskaan kaluston p\u00e4\u00e4v\u00e4yl\u00e4n\u00e4. Nykyinen Muonamiehentien sijainti oli erinomainen sek\u00e4 P\u00e4\u00e4kaupunkiseudun paikallisliikenteelle, linja-autoille ja ohikulkevalle raskaalle kalustolle. Suomen uusimmat mitta- ja painos\u00e4\u00e4d\u00f6kset mahdollistavat 34 metrin ajoneuvoyhdistelm\u00e4t ja 76 tonnin kokonaispainot. \u201dScanian nykyinen sijainti mutkaisen Muonamiehentien p\u00e4\u00e4ss\u00e4 ja liikennem\u00e4\u00e4rilt\u00e4\u00e4n kasvaneiden sis\u00e4\u00e4ntulov\u00e4ylien, sek\u00e4 Keh\u00e4 I:n osalta ei en\u00e4\u00e4 palvele asiakaskuntaamme. Uudessa sijainnissa pystymme palvelemaan asiakaitamme aivan uudella tavalla.\u201d kertoo tyytyv\u00e4inen Scania Suomen Etel\u00e4-It\u00e4 alueen aluejohtaja Tommi Salminen. \u201dP\u00e4\u00e4kaupunkiseudun ohittava raskas liikenne on siirtynyt Keh\u00e4 III:lle ja my\u00f6s isot logistiikkayhti\u00f6t sijaitsevat tulevan uuden Scania-keskuksen l\u00e4heisyydess\u00e4. T\u00e4m\u00e4 mahdollistaa meille aivan uuden palvelutason.\u201d lis\u00e4\u00e4 Tommi Salminen.<\/p>\n\n\n\n<p><strong>Uusi Scania-keskus jatkaa Scanian kest\u00e4v\u00e4n kehityksen investointiohjelmaa<\/strong><br>Scania on ensimm\u00e4isen\u00e4 raskaan kaluston autovalmistajana sitoutunut tieteellisesti vahvistettujen ymp\u00e4rist\u00f6tavoitteiden saavuttamiseen (SBT = Science Based Targets). T\u00e4m\u00e4 kunnianhimoinen tavoite sek\u00e4 Scanian tuotteiden, ett\u00e4 Scanian toiminnasta aiheutuvien p\u00e4\u00e4st\u00f6jen alentamiseksi, edellytt\u00e4\u00e4 my\u00f6s huolto- ja korjaamotoiminnan kiinteist\u00f6ilt\u00e4 energiatehokkuutta. Uusissa rakennuksissa Scanian onkin ottanut k\u00e4ytt\u00f6\u00f6n maal\u00e4mp\u00f6tekniikkaa, aurinkopaneelien tuottamaa energiaa sek\u00e4 ostetun energian osalta ymp\u00e4rist\u00f6yst\u00e4v\u00e4llisi\u00e4 valintoja.<\/p>\n\n\n\n<p><strong>Liikenteen s\u00e4hk\u00f6istyminen n\u00e4kyy uudessa Scania-keskuksessa<\/strong><br>Vaihtoehtoiset k\u00e4ytt\u00f6voimat ja varsinkin s\u00e4hk\u00f6istetyt raskaat kuorma-autot vaativat uutta korjaamotekniikkaa. Uudessa Scania-keskuksessa tullaan varautumaan my\u00f6s t\u00e4yss\u00e4hk\u00f6isten ajoneuvojen huolto- ja korjaustoimintaan uuden v\u00e4lineist\u00f6n ja tilojen suunnittelun osalta. S\u00e4hk\u00f6iset kuorma-autot my\u00f6s vaativat nopeampia sek\u00e4 tehokkaampia latauslaitteita ja t\u00e4m\u00e4 tullaan huomioimaan uudessa korjaamorakennuksessa ja koko kiinteist\u00f6n suunnittelussa.<\/p>\n\n\n\n<p><strong>Uudet tilat asiakkaille ja henkil\u00f6st\u00f6lle<\/strong><br>Konalan nykyiseen Scania-keskukseen ja Scanian maahantuonnin tiloihin on tehty paljon uudistuksia, jotta tilat palvelisivat asiakkaita ja Scanian henkil\u00f6st\u00f6\u00e4. \u201dOn aivan upeaa, ett\u00e4 asiakkaamme ja henkil\u00f6st\u00f6mme saavat ajanmukaiset tilat. Asiakaspalvelumme taso ottaa varmasti ison loikan eteenp\u00e4in ja sek\u00e4 Scania-keskuksen, ett\u00e4 maahantuonnin henkil\u00f6st\u00f6 saa toimintaan arvoisensa tilat. Rakennusprojektia on valmisteltu useita vuosia ja nyt kun investointip\u00e4\u00e4t\u00f6s on tehty, odotamme innoissamme tulevaa uutta ja upeaa p\u00e4\u00e4konttoria sek\u00e4 p\u00e4\u00e4kaupunkiseudun Scania-keskusta.\u201d iloitsee Scania Suomen toimitusjohtaja Henna Wickstr\u00f6m.<\/p>\n\n\n\n<p><strong>Merkitt\u00e4v\u00e4 lis\u00e4 Aviapoliksen yrityskeskittym\u00e4\u00e4n<\/strong><br>Helsinki-Vantaan lentokent\u00e4n ymp\u00e4rist\u00f6n Aviapolis-alueen sijainti Keh\u00e4 III:n keskipisteess\u00e4 on erinomainen logistiikka-alan toimijoille. \u201dAviapolis on portti Suomeen ja Scanian investointi ty\u00f6paikkoineen on upea lis\u00e4 lentokentt\u00e4ymp\u00e4rist\u00f6n logistiikkaklusteriin\u201d iloitsee elinvoimajohtaja Tommo Koivusalo Vantaan kaupungilta.<\/p>\n\n\n\n<figure class=\"wp-block-image size-large\"><img loading=\"lazy\" decoding=\"async\" width=\"1024\" height=\"683\" src=\"https:\/\/europorssi.com\/wp-content\/uploads\/2023\/09\/he1-1024x683.jpg\" alt=\"\" class=\"wp-image-15443\" srcset=\"https:\/\/europorssi.com\/wp-content\/uploads\/2023\/09\/he1-1024x683.jpg 1024w, https:\/\/europorssi.com\/wp-content\/uploads\/2023\/09\/he1-300x200.jpg 300w, https:\/\/europorssi.com\/wp-content\/uploads\/2023\/09\/he1-768x512.jpg 768w, https:\/\/europorssi.com\/wp-content\/uploads\/2023\/09\/he1-560x373.jpg 560w, https:\/\/europorssi.com\/wp-content\/uploads\/2023\/09\/he1-800x533.jpg 800w, https:\/\/europorssi.com\/wp-content\/uploads\/2023\/09\/he1-165x110.jpg 165w, https:\/\/europorssi.com\/wp-content\/uploads\/2023\/09\/he1.jpg 1140w\" sizes=\"auto, (max-width: 1024px) 100vw, 1024px\" \/><figcaption class=\"wp-element-caption\">Vantaan Kaupunki ja Scania allekirjoittivat tonttikaupan kauppakirjat torstaina 21.9. Vantaan kaupungin apulaiskaupunginjohtaja Tero Anttila (oik) ja lakimies Kasperi Hirvonen (vas) toivottivat Scania Suomen toimitusjohtaja Henna Wickstr\u00f6min (kesk) ja koko Scanian joukkueen tervetulleeksi Vantaalle.<\/figcaption><\/figure>\n\n\n\n<p><\/p>\n\n\n\n<p>\u201dVantaalla on rakentamisen suhdannetilanteesta huolimatta t\u00e4ll\u00e4 hetkell\u00e4 rakenteilla useita ty\u00f6paikkahankkeita, joista Scanian p\u00e4\u00e4konttorihanke on yksi suurimmista. Hankkeen rakentamisen alkaminen erityisesti t\u00e4ss\u00e4 markkinatilanteessa on meille hieno uutinen.\u201d kommentoi kiinteist\u00f6johtaja Antti Kari Vantaan kaupungilta.<\/p>\n\n\n\n<p>\u201dToivotamme Scania Suomen tervetulleeksi Vantaalle!\u201d<\/p>\n\n\n\r\n\r\n\r\n<div class=\"row padding-vertical-small\">\r\n    <div class=\"col-xs-12 col-md-12 padding-vertical-small news-border-left background-color-grey\">\r\n\r\n                   \r\n\t\t\t\t                    <p><a href=\"http:\/\/www.scania.com\/fi\/\" rel=\"noopener\" target=\"_blank\">www.scania.com\/fi\/<\/a><\/p>\n                  \r\n\t\t\t\t    <\/div><!--col-->              \r\n<\/div><!--row-->\r\n\n\n<div class=\"wp-block-image\">\n<figure class=\"alignleft size-full\"><img loading=\"lazy\" decoding=\"async\" width=\"1140\" height=\"650\" src=\"https:\/\/europorssi.com\/wp-content\/uploads\/2023\/09\/scania1.jpg\" alt=\"\" class=\"wp-image-15440\" srcset=\"https:\/\/europorssi.com\/wp-content\/uploads\/2023\/09\/scania1.jpg 1140w, https:\/\/europorssi.com\/wp-content\/uploads\/2023\/09\/scania1-300x171.jpg 300w, https:\/\/europorssi.com\/wp-content\/uploads\/2023\/09\/scania1-1024x584.jpg 1024w, https:\/\/europorssi.com\/wp-content\/uploads\/2023\/09\/scania1-768x438.jpg 768w, https:\/\/europorssi.com\/wp-content\/uploads\/2023\/09\/scania1-560x319.jpg 560w, https:\/\/europorssi.com\/wp-content\/uploads\/2023\/09\/scania1-193x110.jpg 193w\" sizes=\"auto, (max-width: 1140px) 100vw, 1140px\" \/><figcaption class=\"wp-element-caption\">Uuteen Scania-keskukseen tulee 24 huolto- ja korjaamopaikkaa ajoneuvoyhdistelmille sek\u00e4 tilat P\u00e4\u00e4kaupunkiseudun tuotemyynnille ja tukipalveluille. Lis\u00e4ksi Scania Suomen maahantuonnin toiminnot siirtyv\u00e4t uuteen rakennukseen. <\/figcaption><\/figure>\n<\/div>","protected":false},"excerpt":{"rendered":"<p>Vuonna 1984 Scanian uusi p\u00e4\u00e4kaupunkiseudun Scania-keskus ja maahantuonnin p\u00e4\u00e4konttori valmistui Konalaan Helsinkiin. 40 vuotta sitten Konalan toimipisteen sijainti oli optimaalinen palvelemaan Etel\u00e4-Suomen kasvavaa Scania-kantaa. Aika on ajanut jo ohi Konalan huippusijainnin ja nyt Scania Suomi aloittaa uuden 24 miljoonan euron projektin maahantuonnin ja P\u00e4\u00e4kaupunkiseudun Scania-keskuksen pystytt\u00e4miseksi Vantaan Aviapolikseen. Uudet mitta- ja painos\u00e4\u00e4d\u00f6kset sek\u00e4 logistiikan liikenne [&hellip;]<\/p>\n","protected":false},"author":4,"featured_media":15440,"comment_status":"closed","ping_status":"open","sticky":false,"template":"","format":"standard","meta":{"_acf_changed":false,"footnotes":""},"categories":[1],"tags":[],"class_list":["post-15438","post","type-post","status-publish","format-standard","has-post-thumbnail","hentry","category-yleinen"],"acf":[],"aioseo_notices":[],"_links":{"self":[{"href":"https:\/\/europorssi.com\/fi\/wp-json\/wp\/v2\/posts\/15438","targetHints":{"allow":["GET"]}}],"collection":[{"href":"https:\/\/europorssi.com\/fi\/wp-json\/wp\/v2\/posts"}],"about":[{"href":"https:\/\/europorssi.com\/fi\/wp-json\/wp\/v2\/types\/post"}],"author":[{"embeddable":true,"href":"https:\/\/europorssi.com\/fi\/wp-json\/wp\/v2\/users\/4"}],"replies":[{"embeddable":true,"href":"https:\/\/europorssi.com\/fi\/wp-json\/wp\/v2\/comments?post=15438"}],"version-history":[{"count":0,"href":"https:\/\/europorssi.com\/fi\/wp-json\/wp\/v2\/posts\/15438\/revisions"}],"wp:featuredmedia":[{"embeddable":true,"href":"https:\/\/europorssi.com\/fi\/wp-json\/wp\/v2\/media\/15440"}],"wp:attachment":[{"href":"https:\/\/europorssi.com\/fi\/wp-json\/wp\/v2\/media?parent=15438"}],"wp:term":[{"taxonomy":"category","embeddable":true,"href":"https:\/\/europorssi.com\/fi\/wp-json\/wp\/v2\/categories?post=15438"},{"taxonomy":"post_tag","embeddable":true,"href":"https:\/\/europorssi.com\/fi\/wp-json\/wp\/v2\/tags?post=15438"}],"curies":[{"name":"wp","href":"https:\/\/api.w.org\/{rel}","templated":true}]}}