{"id":16012,"date":"2024-01-24T20:48:45","date_gmt":"2024-01-24T18:48:45","guid":{"rendered":"https:\/\/europorssi.com\/?p=16012"},"modified":"2024-01-24T20:48:46","modified_gmt":"2024-01-24T18:48:46","slug":"agrotech-nordic-2024-jyvaskylassa","status":"publish","type":"post","link":"https:\/\/europorssi.com\/fi\/agrotech-nordic-2024-jyvaskylassa\/","title":{"rendered":"AgroTech Nordic 2024 Jyv\u00e4skyl\u00e4ss\u00e4"},"content":{"rendered":"\n<h2 class=\"wp-block-heading\">maatalouskonemessut palaavat Jyv\u00e4skyl\u00e4\u00e4n<\/h2>\n\n\n\n<p>Jyv\u00e4skyl\u00e4 nousee j\u00e4lleen maatalouskonemessujen p\u00e4\u00e4paikaksi, kun AgroTech Nordic -tapahtuma j\u00e4rjestet\u00e4\u00e4n Jyv\u00e4skyl\u00e4n Paviljongissa 10.-12.10.2024. Tapahtuman j\u00e4rjest\u00e4v\u00e4t yhdess\u00e4 Jyv\u00e4skyl\u00e4n Messut Oy, DLG ja 2LM Corporate. Jyv\u00e4skyl\u00e4n Messut Oy on yksi Pohjoismaiden suurimpia ammattin\u00e4yttelyj\u00e4rjest\u00e4ji\u00e4, kun taas DLG tunnetaan mm. isojen maatalouskonemessujen Agritechnican ja EuroTierin j\u00e4rjest\u00e4j\u00e4n\u00e4. Kumpikin on alallaan maailman suurimpia messutapahtumia.<\/p>\n\n\n\n<p>Maatalouskonemessuilla on pitk\u00e4 historia Jyv\u00e4skyl\u00e4ss\u00e4, ja tapahtumaa onkin toivottu takaisin Keski-Suomeen. \u201dAlan toimijat ovat toivoneet Jyv\u00e4skyl\u00e4n palaamista tapahtumakartalle erityisesti, koska Jyv\u00e4skyl\u00e4 sijaitsee karja-Suomen keskell\u00e4\u201d, kertoo Jyv\u00e4skyl\u00e4n Messut Oy:n myyntijohtaja Hannu Mennala.<\/p>\n\n\n\n<p><strong>P\u00e4\u00e4paino kohtaamisissa<\/strong><\/p>\n\n\n\n<p>&nbsp;\u201dDLG:n tapahtumissa olemme jo pitk\u00e4\u00e4n tehneet yhteisty\u00f6t\u00e4 n\u00e4ytteilleasettajien kanssa luodaksemme tapahtumasta foorumin, miss\u00e4 asiakaskohtaamiset ja keskustelut tapahtuvat miellytt\u00e4v\u00e4ss\u00e4 ymp\u00e4rist\u00f6ss\u00e4. On hienoa, ett\u00e4 Jyv\u00e4skyl\u00e4n Messut jakaa t\u00e4m\u00e4n saman tahtotilan\u201d, kertoo Dr. Lars Huf, DLG International GmBH:n varatoimitusjohtaja. \u201dHaluamme luoda tapahtuman, jossa n\u00e4ytteilleasettajat saavat vastinetta panostukselleen kontaktien, kauppojen ja sopimusten muodossa\u201d.<\/p>\n\n\n\n<p>\u201dMessut mediana ovat ylivoimainen henkil\u00f6kohtaisten tapaamisten suorittamiseen tehokkaasti. Alueen ja osastojen miellytt\u00e4vyys tuottaa parasta asiakastyytyv\u00e4isyytt\u00e4 ja sit\u00e4 kautta kauppaa\u201d, toteaa Mennala. AgroTech Nordic messualue suunnitellaan yhdess\u00e4 n\u00e4ytteilleasettajien kanssa tukemaan t\u00e4t\u00e4 ajatusta perinteisen raudan esittelyn lis\u00e4ksi. Jyv\u00e4skyl\u00e4n Messut auttaa osastoratkaisujen suunnittelemisessa ja kannustaa muistamaan asiakkaan viihtyvyyden.&nbsp;<\/p>\n\n\n\n<p><strong>Maatalousmessuista ammattimessuiksi<\/strong><\/p>\n\n\n\n<p>\u201dOlemme k\u00e4yneet keskusteluja Jyv\u00e4skyl\u00e4n Messujen kanssa maatalousmessujen muuttamiseksi vastaamaan muiden alojen ammattimessuja. Suomen pienill\u00e4 markkinoilla ammattimessut ovat luopuneet maksullisesta sis\u00e4\u00e4np\u00e4\u00e4syst\u00e4 ja tapahtumiin p\u00e4\u00e4see rekister\u00f6itym\u00e4ll\u00e4 veloituksetta. Nyt t\u00e4m\u00e4 p\u00e4\u00e4st\u00e4\u00e4n toteuttamaan maatalouskonemessuilla\u201d, kertoo Marko Toivakka 2LM Corporatelta.<\/p>\n\n\n\n<p>N\u00e4ytteilleasettajat p\u00e4\u00e4sev\u00e4t k\u00e4ytt\u00e4m\u00e4\u00e4n my\u00f6s veloituksetta Jyv\u00e4skyl\u00e4n Messut Oy:n s\u00e4hk\u00f6ist\u00e4 asiakaskutsuj\u00e4rjestelm\u00e4\u00e4. T\u00e4ll\u00e4 pyrit\u00e4\u00e4n my\u00f6s pit\u00e4m\u00e4\u00e4n n\u00e4ytteilleasettajien kokonaiskustannustaso kohtuullisena ja maksimoida tapahtuman kaupallinen hy\u00f6ty. Veloituksettoman rekister\u00f6itymisen ja s\u00e4hk\u00f6isen kutsuj\u00e4rjestelm\u00e4n hy\u00f6dynt\u00e4minen edesauttaa tapahtumaviestin tavoitettavuutta sek\u00e4 tuottaa messuille selke\u00e4sti ammattimaisen k\u00e4vij\u00e4kunnan. \u201dVeloitukseton sis\u00e4\u00e4np\u00e4\u00e4sy ei korota tapahtuman paikkavuokria, vaan ne on pidetty n\u00e4ytteilleasettajien kustannuksia ajatellen maltillisena\u201d, Mennala lupaa.<\/p>\n\n\n\n<p>AgroTech Nordic 2024 j\u00e4rjestet\u00e4\u00e4n Jyv\u00e4skyl\u00e4n Paviljongissa 10.-12.10.2024. Tapahtuman vastuullisena j\u00e4rjest\u00e4j\u00e4n\u00e4 toimii Jyv\u00e4skyl\u00e4n Messut Oy. AgroTechnic Nordicin Suomen myyntitiimin muodostavat Hannu Mennala (Jyv\u00e4skyl\u00e4n Messut Oy) sek\u00e4 Marko Toivakka ja Henrik Kalliola (2LM Corporate Oy). <\/p>\n\n\n\r\n\r\n\r\n<div class=\"row padding-vertical-small\">\r\n    <div class=\"col-xs-12 col-md-12 padding-vertical-small news-border-left background-color-grey\">\r\n\r\n                   \r\n\t\t\t\t                    <p>Jyv\u00e4skyl\u00e4n Messut Oy<br \/>\nHannu Mennala<br \/>\n0505915428<br \/>\n<a href=\"mailto:hannu.mennala@paviljonki.fi\">hannu.mennala@paviljonki.fi<\/a><\/p>\n<p>2LM Corporate Oy<br \/>\nMarko Toivakka<br \/>\n0400735259<br \/>\n<a href=\"mailto:marko@2lm.fi\">marko@2lm.fi<\/a><\/p>\n                  \r\n\t\t\t\t    <\/div><!--col-->              \r\n<\/div><!--row-->\r\n","protected":false},"excerpt":{"rendered":"<p>maatalouskonemessut palaavat Jyv\u00e4skyl\u00e4\u00e4n Jyv\u00e4skyl\u00e4 nousee j\u00e4lleen maatalouskonemessujen p\u00e4\u00e4paikaksi, kun AgroTech Nordic -tapahtuma j\u00e4rjestet\u00e4\u00e4n Jyv\u00e4skyl\u00e4n Paviljongissa 10.-12.10.2024. Tapahtuman j\u00e4rjest\u00e4v\u00e4t yhdess\u00e4 Jyv\u00e4skyl\u00e4n Messut Oy, DLG ja 2LM Corporate. Jyv\u00e4skyl\u00e4n Messut Oy on yksi Pohjoismaiden suurimpia ammattin\u00e4yttelyj\u00e4rjest\u00e4ji\u00e4, kun taas DLG tunnetaan mm. isojen maatalouskonemessujen Agritechnican ja EuroTierin j\u00e4rjest\u00e4j\u00e4n\u00e4. Kumpikin on alallaan maailman suurimpia messutapahtumia. Maatalouskonemessuilla on pitk\u00e4 historia [&hellip;]<\/p>\n","protected":false},"author":4,"featured_media":16013,"comment_status":"closed","ping_status":"open","sticky":false,"template":"","format":"standard","meta":{"_acf_changed":false,"footnotes":""},"categories":[1],"tags":[],"class_list":["post-16012","post","type-post","status-publish","format-standard","has-post-thumbnail","hentry","category-yleinen"],"acf":[],"aioseo_notices":[],"_links":{"self":[{"href":"https:\/\/europorssi.com\/fi\/wp-json\/wp\/v2\/posts\/16012","targetHints":{"allow":["GET"]}}],"collection":[{"href":"https:\/\/europorssi.com\/fi\/wp-json\/wp\/v2\/posts"}],"about":[{"href":"https:\/\/europorssi.com\/fi\/wp-json\/wp\/v2\/types\/post"}],"author":[{"embeddable":true,"href":"https:\/\/europorssi.com\/fi\/wp-json\/wp\/v2\/users\/4"}],"replies":[{"embeddable":true,"href":"https:\/\/europorssi.com\/fi\/wp-json\/wp\/v2\/comments?post=16012"}],"version-history":[{"count":0,"href":"https:\/\/europorssi.com\/fi\/wp-json\/wp\/v2\/posts\/16012\/revisions"}],"wp:featuredmedia":[{"embeddable":true,"href":"https:\/\/europorssi.com\/fi\/wp-json\/wp\/v2\/media\/16013"}],"wp:attachment":[{"href":"https:\/\/europorssi.com\/fi\/wp-json\/wp\/v2\/media?parent=16012"}],"wp:term":[{"taxonomy":"category","embeddable":true,"href":"https:\/\/europorssi.com\/fi\/wp-json\/wp\/v2\/categories?post=16012"},{"taxonomy":"post_tag","embeddable":true,"href":"https:\/\/europorssi.com\/fi\/wp-json\/wp\/v2\/tags?post=16012"}],"curies":[{"name":"wp","href":"https:\/\/api.w.org\/{rel}","templated":true}]}}