{"id":16370,"date":"2024-03-21T10:39:47","date_gmt":"2024-03-21T08:39:47","guid":{"rendered":"https:\/\/europorssi.com\/?p=16370"},"modified":"2024-03-22T08:31:03","modified_gmt":"2024-03-22T06:31:03","slug":"vuoden-2023-iveco-palkinnot-on-jaettu","status":"publish","type":"post","link":"https:\/\/europorssi.com\/fi\/vuoden-2023-iveco-palkinnot-on-jaettu\/","title":{"rendered":"Vuoden 2023 IVECO-palkinnot on jaettu"},"content":{"rendered":"\n<p><strong>IVECO Finland Oy on valinnut vuoden 2023 parhaat saavutukset verkostossaan. Yritys palkitsee vuosittain ty\u00f6ntekij\u00f6it\u00e4\u00e4n ja j\u00e4lleenmyyji\u00e4\u00e4n ty\u00f6panoksestaan ja toimistaan yrityksen aseman vahvistamiseksi markkinoillaan. Arvostettujen palkintojen saajat nimet\u00e4\u00e4n kullakin IVECO-markkinalla ty\u00f6ntekij\u00f6iden toimesta.<\/strong><\/p>\n\n\n<div class=\"wp-block-image\">\n<figure class=\"alignright size-large is-resized\"><img loading=\"lazy\" decoding=\"async\" width=\"1024\" height=\"1024\" src=\"https:\/\/europorssi.com\/wp-content\/uploads\/2024\/03\/Kuva-2-Finland-Salesperson-of-the-Year-Miika-Niemi-1024x1024.jpg\" alt=\"\" class=\"wp-image-16371\" style=\"width:300px\" srcset=\"https:\/\/europorssi.com\/wp-content\/uploads\/2024\/03\/Kuva-2-Finland-Salesperson-of-the-Year-Miika-Niemi-1024x1024.jpg 1024w, https:\/\/europorssi.com\/wp-content\/uploads\/2024\/03\/Kuva-2-Finland-Salesperson-of-the-Year-Miika-Niemi-300x300.jpg 300w, https:\/\/europorssi.com\/wp-content\/uploads\/2024\/03\/Kuva-2-Finland-Salesperson-of-the-Year-Miika-Niemi-150x150.jpg 150w, https:\/\/europorssi.com\/wp-content\/uploads\/2024\/03\/Kuva-2-Finland-Salesperson-of-the-Year-Miika-Niemi-768x768.jpg 768w, https:\/\/europorssi.com\/wp-content\/uploads\/2024\/03\/Kuva-2-Finland-Salesperson-of-the-Year-Miika-Niemi-560x560.jpg 560w, https:\/\/europorssi.com\/wp-content\/uploads\/2024\/03\/Kuva-2-Finland-Salesperson-of-the-Year-Miika-Niemi-500x500.jpg 500w, https:\/\/europorssi.com\/wp-content\/uploads\/2024\/03\/Kuva-2-Finland-Salesperson-of-the-Year-Miika-Niemi-110x110.jpg 110w, https:\/\/europorssi.com\/wp-content\/uploads\/2024\/03\/Kuva-2-Finland-Salesperson-of-the-Year-Miika-Niemi.jpg 1140w\" sizes=\"auto, (max-width: 1024px) 100vw, 1024px\" \/><figcaption class=\"wp-element-caption\"><em>Miika-Niemi Korpi sai tunnustusta erinomaisesta uuden ajoneuvon myynnist\u00e4 vuonna 2023.<\/em><br><\/figcaption><\/figure>\n<\/div>\n\n\n<p><strong>Vuoden myyj\u00e4<\/strong><\/p>\n\n\n\n<p>Vuoden IVECO-myyj\u00e4n palkinto my\u00f6nnettiin Niemi-Korpi Oy:n Miika Niemi-Korvelle. Miika Niemi-Korpi sai kiitosta erinomaisesta uuden ajoneuvon myynnist\u00e4 vuonna 2023.&nbsp;<\/p>\n\n\n\n<p>\u2013 Miika on pitk\u00e4n linjan IVECO-kauppias, joka tuntee niin tuotteet, asiakkaat kuin heid\u00e4n tarpeensa. Niemi-Korpi Oy on tehnyt hyv\u00e4\u00e4 ty\u00f6t\u00e4 koko Suomen alueella ja panostanut kovasti my\u00f6s j\u00e4lkimarkkinoinnin kehitt\u00e4miseen. N\u00e4m\u00e4 toimet ja aktiivinen ote ty\u00f6h\u00f6n n\u00e4kyv\u00e4t hyvin\u00e4 tuloksina autokaupassa, kertoo IVECO Finlandin myyntijohtaja Tuomas Vir\u00e9n.<\/p>\n\n\n<div class=\"wp-block-image\">\n<figure class=\"alignleft size-large is-resized\"><img loading=\"lazy\" decoding=\"async\" width=\"1024\" height=\"1024\" src=\"https:\/\/europorssi.com\/wp-content\/uploads\/2024\/03\/Kuva-4-Finland-Accomplishment-of-the-Year-1024x1024.jpg\" alt=\"\" class=\"wp-image-16372\" style=\"width:300px\" srcset=\"https:\/\/europorssi.com\/wp-content\/uploads\/2024\/03\/Kuva-4-Finland-Accomplishment-of-the-Year-1024x1024.jpg 1024w, https:\/\/europorssi.com\/wp-content\/uploads\/2024\/03\/Kuva-4-Finland-Accomplishment-of-the-Year-300x300.jpg 300w, https:\/\/europorssi.com\/wp-content\/uploads\/2024\/03\/Kuva-4-Finland-Accomplishment-of-the-Year-150x150.jpg 150w, https:\/\/europorssi.com\/wp-content\/uploads\/2024\/03\/Kuva-4-Finland-Accomplishment-of-the-Year-768x768.jpg 768w, https:\/\/europorssi.com\/wp-content\/uploads\/2024\/03\/Kuva-4-Finland-Accomplishment-of-the-Year-560x560.jpg 560w, https:\/\/europorssi.com\/wp-content\/uploads\/2024\/03\/Kuva-4-Finland-Accomplishment-of-the-Year-500x500.jpg 500w, https:\/\/europorssi.com\/wp-content\/uploads\/2024\/03\/Kuva-4-Finland-Accomplishment-of-the-Year-110x110.jpg 110w, https:\/\/europorssi.com\/wp-content\/uploads\/2024\/03\/Kuva-4-Finland-Accomplishment-of-the-Year.jpg 1140w\" sizes=\"auto, (max-width: 1024px) 100vw, 1024px\" \/><figcaption class=\"wp-element-caption\"><em>IVECO Finlandin vaihtoautop\u00e4\u00e4llikk\u00f6 Topi Kontula palkittiin vuoden 2023 saavutuksesta.<\/em><br><\/figcaption><\/figure>\n<\/div>\n\n\n<p><strong>Vuoden saavutus<\/strong><\/p>\n\n\n\n<p>IVECO Finlandin vaihtoautop\u00e4\u00e4llikk\u00f6 Topi Kontula palkittiin vuoden 2023 saavutuksesta.<\/p>\n\n\n\n<p>\u2013 Topi teki todella hyv\u00e4n suorituksen uusien ajoneuvojen myynniss\u00e4. H\u00e4n ylitti myyntitavoitteet, ja sai lopulta parhaan Daily-autojen myyj\u00e4n tunnustuksen Suomessa. H\u00e4n teki my\u00f6s erinomaisen suorituksen p\u00e4\u00e4asiallisessa ty\u00f6teht\u00e4v\u00e4ss\u00e4\u00e4n, ollessaan vastuussa k\u00e4ytettyjen ajoneuvojen myynnist\u00e4, kertoo Vir\u00e9n.<\/p>\n\n\n\n<p><strong>Vuoden j\u00e4lkimarkkinointisankari<\/strong><\/p>\n\n\n<div class=\"wp-block-image\">\n<figure class=\"alignright size-large is-resized\"><img loading=\"lazy\" decoding=\"async\" width=\"1024\" height=\"1024\" src=\"https:\/\/europorssi.com\/wp-content\/uploads\/2024\/03\/Kuva-3-Finland-Aftermarket-Hero-of-the-Year-1024x1024.jpg\" alt=\"\" class=\"wp-image-16373\" style=\"width:300px\" srcset=\"https:\/\/europorssi.com\/wp-content\/uploads\/2024\/03\/Kuva-3-Finland-Aftermarket-Hero-of-the-Year-1024x1024.jpg 1024w, https:\/\/europorssi.com\/wp-content\/uploads\/2024\/03\/Kuva-3-Finland-Aftermarket-Hero-of-the-Year-300x300.jpg 300w, https:\/\/europorssi.com\/wp-content\/uploads\/2024\/03\/Kuva-3-Finland-Aftermarket-Hero-of-the-Year-150x150.jpg 150w, https:\/\/europorssi.com\/wp-content\/uploads\/2024\/03\/Kuva-3-Finland-Aftermarket-Hero-of-the-Year-768x768.jpg 768w, https:\/\/europorssi.com\/wp-content\/uploads\/2024\/03\/Kuva-3-Finland-Aftermarket-Hero-of-the-Year-560x560.jpg 560w, https:\/\/europorssi.com\/wp-content\/uploads\/2024\/03\/Kuva-3-Finland-Aftermarket-Hero-of-the-Year-500x500.jpg 500w, https:\/\/europorssi.com\/wp-content\/uploads\/2024\/03\/Kuva-3-Finland-Aftermarket-Hero-of-the-Year-110x110.jpg 110w, https:\/\/europorssi.com\/wp-content\/uploads\/2024\/03\/Kuva-3-Finland-Aftermarket-Hero-of-the-Year.jpg 1140w\" sizes=\"auto, (max-width: 1024px) 100vw, 1024px\" \/><figcaption class=\"wp-element-caption\"><em>Turun Autoty\u00f6 Oy:n Jari Paju palkittiin vuoden 2023 j\u00e4lkimarkkinointisankarina.<\/em><br><\/figcaption><\/figure>\n<\/div>\n\n\n<p>Vuoden 2023 IVECO Aftermarket Hero -palkinto my\u00f6nnettiin Jari Pajulle Turun Autoty\u00f6 Oy:st\u00e4. Jari Paju toimii DEEC-teknikkona sek\u00e4 opettajana koko yrityksen sis\u00e4iselle henkil\u00f6kunnalle.<\/p>\n\n\n\n<p>\u2013 Jari on rautaisin hermoin varustettu lannistumaton vianhaun ja s\u00e4hk\u00f6j\u00e4rjestelmien ammattilainen. H\u00e4n on ty\u00f6skennellyt Turun Autoty\u00f6ll\u00e4 ja IVECO-autojen parissa vuodesta 1994. H\u00e4nell\u00e4 on positiivinen ja ratkaisukeskeinen asenne, eik\u00e4 h\u00e4n lannistu hankalienkaan vianhakutapausten edess\u00e4, kertoo IVECO Finlandin j\u00e4lkimarkkinasta vastaava Haukar Kutal.<\/p>\n\n\n\n<p>IVECO on juuri julkaissut kattavan p\u00e4ivityksen kaikista autoportfolionsa ajoneuvoista aina pakettiautoista raskaisiin ajoneuvoihin, ja kiitos lahjakkaiden myynti- ja palveluosastojen kollegoiden vuodesta 2024 odotetaan hienoa vuotta IVECOlle. <\/p>\n\n\n\n<p><\/p>\n\n\n\n<p><strong>Voittajat:\u00a0<\/strong><\/p>\n\n\n\n<p>Vuoden myyj\u00e4: Miika Niemi-Korpi, Niemi-Korpi Oy<\/p>\n\n\n\n<p>Vuoden saavutus: Topi Kontula, IVECO Finland Oy<\/p>\n\n\n\n<p>Vuoden j\u00e4lkimarkkinointisankari: Jari Paju, Turun Autoty\u00f6 Oy<\/p>\n\n\n\n<p><\/p>\n\n\n\r\n\r\n\r\n<div class=\"row padding-vertical-small\">\r\n    <div class=\"col-xs-12 col-md-12 padding-vertical-small news-border-left background-color-grey\">\r\n\r\n                   \r\n\t\t\t\t                    <p>Tuomas Viren<br \/>\nCountry Sales Manager, IVECO<br \/>\npuh. 040 667 0815<br \/>\n<a href=\"mailto:tuomas.viren@iveco.com\">tuomas.viren@iveco.com<\/a><br \/>\n<a href=\"http:\/\/www.iveco.com\/finland\" rel=\"noopener\" target=\"_blank\">www.iveco.com\/finland<\/a><\/p>\n                  \r\n\t\t\t\t    <\/div><!--col-->              \r\n<\/div><!--row-->\r\n","protected":false},"excerpt":{"rendered":"<p>IVECO Finland Oy on valinnut vuoden 2023 parhaat saavutukset verkostossaan. Yritys palkitsee vuosittain ty\u00f6ntekij\u00f6it\u00e4\u00e4n ja j\u00e4lleenmyyji\u00e4\u00e4n ty\u00f6panoksestaan ja toimistaan yrityksen aseman vahvistamiseksi markkinoillaan. Arvostettujen palkintojen saajat nimet\u00e4\u00e4n kullakin IVECO-markkinalla ty\u00f6ntekij\u00f6iden toimesta. Vuoden myyj\u00e4 Vuoden IVECO-myyj\u00e4n palkinto my\u00f6nnettiin Niemi-Korpi Oy:n Miika Niemi-Korvelle. Miika Niemi-Korpi sai kiitosta erinomaisesta uuden ajoneuvon myynnist\u00e4 vuonna 2023.&nbsp; \u2013 Miika on pitk\u00e4n [&hellip;]<\/p>\n","protected":false},"author":4,"featured_media":16403,"comment_status":"closed","ping_status":"open","sticky":false,"template":"","format":"standard","meta":{"_acf_changed":false,"footnotes":""},"categories":[1],"tags":[],"class_list":["post-16370","post","type-post","status-publish","format-standard","has-post-thumbnail","hentry","category-yleinen"],"acf":[],"aioseo_notices":[],"_links":{"self":[{"href":"https:\/\/europorssi.com\/fi\/wp-json\/wp\/v2\/posts\/16370","targetHints":{"allow":["GET"]}}],"collection":[{"href":"https:\/\/europorssi.com\/fi\/wp-json\/wp\/v2\/posts"}],"about":[{"href":"https:\/\/europorssi.com\/fi\/wp-json\/wp\/v2\/types\/post"}],"author":[{"embeddable":true,"href":"https:\/\/europorssi.com\/fi\/wp-json\/wp\/v2\/users\/4"}],"replies":[{"embeddable":true,"href":"https:\/\/europorssi.com\/fi\/wp-json\/wp\/v2\/comments?post=16370"}],"version-history":[{"count":0,"href":"https:\/\/europorssi.com\/fi\/wp-json\/wp\/v2\/posts\/16370\/revisions"}],"wp:featuredmedia":[{"embeddable":true,"href":"https:\/\/europorssi.com\/fi\/wp-json\/wp\/v2\/media\/16403"}],"wp:attachment":[{"href":"https:\/\/europorssi.com\/fi\/wp-json\/wp\/v2\/media?parent=16370"}],"wp:term":[{"taxonomy":"category","embeddable":true,"href":"https:\/\/europorssi.com\/fi\/wp-json\/wp\/v2\/categories?post=16370"},{"taxonomy":"post_tag","embeddable":true,"href":"https:\/\/europorssi.com\/fi\/wp-json\/wp\/v2\/tags?post=16370"}],"curies":[{"name":"wp","href":"https:\/\/api.w.org\/{rel}","templated":true}]}}