{"id":16679,"date":"2024-06-17T10:24:47","date_gmt":"2024-06-17T07:24:47","guid":{"rendered":"https:\/\/europorssi.com\/?p=16679"},"modified":"2024-06-17T10:24:47","modified_gmt":"2024-06-17T07:24:47","slug":"teemu-maki-hokkonen-on-volvo-truck-center-porin-uusi-huoltopaallikko","status":"publish","type":"post","link":"https:\/\/europorssi.com\/fi\/teemu-maki-hokkonen-on-volvo-truck-center-porin-uusi-huoltopaallikko\/","title":{"rendered":"Teemu M\u00e4ki-Hokkonen on Volvo Truck Center Porin uusi huoltop\u00e4\u00e4llikk\u00f6"},"content":{"rendered":"\n<p>Teemu M\u00e4ki-Hokkonen on nimitetty Volvo Truck Center Porin uudeksi huoltop\u00e4\u00e4llik\u00f6ksi 1.6.2024 alkaen. Teemun urapolku on kulkenut Porin toimipisteess\u00e4 mekaanikosta ty\u00f6njohtajaksi, ja nyt huoltop\u00e4\u00e4llik\u00f6ksi. Teht\u00e4v\u00e4st\u00e4\u00e4n h\u00e4n raportoi Volvo Truck Center Etel\u00e4- ja L\u00e4nsi-Suomen aluejohtaja Juha Tahvanaiselle.<br><br>\u201dOlen ollut 7-vuotta Volvolla t\u00f6iss\u00e4, nyt innosta puhkuen mutta j\u00e4nnityksell\u00e4 uusiin haasteisiin. Kehottaisin uusia ja tuttuja asiakkaita lipumaan toimipisteen liukuovista sis\u00e4\u00e4n samoin odotuksin kuin ennenkin: Porista l\u00f6ytyy asiakaspalveluhenkist\u00e4 ja ammattitaitoista henkil\u00f6kuntaa huoltamaan ja korjaamaan kuorma- ja linja-autoja\u201d, Teemu kertoo.<\/p>\n","protected":false},"excerpt":{"rendered":"<p>Teemu M\u00e4ki-Hokkonen on nimitetty Volvo Truck Center Porin uudeksi huoltop\u00e4\u00e4llik\u00f6ksi 1.6.2024 alkaen. Teemun urapolku on kulkenut Porin toimipisteess\u00e4 mekaanikosta ty\u00f6njohtajaksi, ja nyt huoltop\u00e4\u00e4llik\u00f6ksi. Teht\u00e4v\u00e4st\u00e4\u00e4n h\u00e4n raportoi Volvo Truck Center Etel\u00e4- ja L\u00e4nsi-Suomen aluejohtaja Juha Tahvanaiselle. \u201dOlen ollut 7-vuotta Volvolla t\u00f6iss\u00e4, nyt innosta puhkuen mutta j\u00e4nnityksell\u00e4 uusiin haasteisiin. Kehottaisin uusia ja tuttuja asiakkaita lipumaan toimipisteen liukuovista [&hellip;]<\/p>\n","protected":false},"author":4,"featured_media":16680,"comment_status":"closed","ping_status":"open","sticky":false,"template":"","format":"standard","meta":{"_acf_changed":false,"footnotes":""},"categories":[1],"tags":[],"class_list":["post-16679","post","type-post","status-publish","format-standard","has-post-thumbnail","hentry","category-yleinen"],"acf":[],"aioseo_notices":[],"_links":{"self":[{"href":"https:\/\/europorssi.com\/fi\/wp-json\/wp\/v2\/posts\/16679","targetHints":{"allow":["GET"]}}],"collection":[{"href":"https:\/\/europorssi.com\/fi\/wp-json\/wp\/v2\/posts"}],"about":[{"href":"https:\/\/europorssi.com\/fi\/wp-json\/wp\/v2\/types\/post"}],"author":[{"embeddable":true,"href":"https:\/\/europorssi.com\/fi\/wp-json\/wp\/v2\/users\/4"}],"replies":[{"embeddable":true,"href":"https:\/\/europorssi.com\/fi\/wp-json\/wp\/v2\/comments?post=16679"}],"version-history":[{"count":0,"href":"https:\/\/europorssi.com\/fi\/wp-json\/wp\/v2\/posts\/16679\/revisions"}],"wp:featuredmedia":[{"embeddable":true,"href":"https:\/\/europorssi.com\/fi\/wp-json\/wp\/v2\/media\/16680"}],"wp:attachment":[{"href":"https:\/\/europorssi.com\/fi\/wp-json\/wp\/v2\/media?parent=16679"}],"wp:term":[{"taxonomy":"category","embeddable":true,"href":"https:\/\/europorssi.com\/fi\/wp-json\/wp\/v2\/categories?post=16679"},{"taxonomy":"post_tag","embeddable":true,"href":"https:\/\/europorssi.com\/fi\/wp-json\/wp\/v2\/tags?post=16679"}],"curies":[{"name":"wp","href":"https:\/\/api.w.org\/{rel}","templated":true}]}}