{"id":16903,"date":"2024-09-12T10:39:40","date_gmt":"2024-09-12T07:39:40","guid":{"rendered":"https:\/\/europorssi.com\/?p=16903"},"modified":"2024-11-20T17:56:35","modified_gmt":"2024-11-20T15:56:35","slug":"antti-hillila-ja-doris-diehl-vahvistavat-maatorin-myyntia","status":"publish","type":"post","link":"https:\/\/europorssi.com\/fi\/antti-hillila-ja-doris-diehl-vahvistavat-maatorin-myyntia\/","title":{"rendered":"Antti Hillil\u00e4 ja Doris Diehl vahvistavat Maatorin myynti\u00e4"},"content":{"rendered":"\n<p><strong>Maatorin kasvuinvestoinnit ovat jatkuneet&nbsp;vauhdilla, kun viimeisimm\u00e4ksi taloon ovat tulleet yl\u00f6j\u00e4rvel\u00e4inen Antti Hillil\u00e4 ja tamperelainen Doris Diehl. Hillil\u00e4 on kokenut konekauppias, erityisesti materiaalink\u00e4sittelylaitteiden puolelta, ja Diehl aloitti puolestaan uudessa Trainee-ohjelmassa.<\/strong><\/p>\n\n\n<div class=\"wp-block-image\">\n<figure class=\"alignright size-large is-resized\"><img loading=\"lazy\" decoding=\"async\" width=\"1024\" height=\"768\" src=\"https:\/\/europorssi.com\/wp-content\/uploads\/2024\/09\/AH-1024x768.jpg\" alt=\"\" class=\"wp-image-16904\" style=\"width:500px\" srcset=\"https:\/\/europorssi.com\/wp-content\/uploads\/2024\/09\/AH-1024x768.jpg 1024w, https:\/\/europorssi.com\/wp-content\/uploads\/2024\/09\/AH-300x225.jpg 300w, https:\/\/europorssi.com\/wp-content\/uploads\/2024\/09\/AH-768x576.jpg 768w, https:\/\/europorssi.com\/wp-content\/uploads\/2024\/09\/AH-560x420.jpg 560w, https:\/\/europorssi.com\/wp-content\/uploads\/2024\/09\/AH-147x110.jpg 147w, https:\/\/europorssi.com\/wp-content\/uploads\/2024\/09\/AH.jpg 1140w\" sizes=\"auto, (max-width: 1024px) 100vw, 1024px\" \/><\/figure>\n<\/div>\n\n\n<p>Syyskuussa Maatorilla aloittaneella Hillil\u00e4ll\u00e4 on merkitt\u00e4v\u00e4 kokemus etenkin materiaalink\u00e4sittelylaitteista, kuten trukeista, varastolaitteista ja henkil\u00f6nostimista.<\/p>\n\n\n\n<p>Aikaisemmin urallaan Hillil\u00e4 on ty\u00f6skennellyt muun muassa Wihurin Teknisell\u00e4 Kaupalla sek\u00e4 henkil\u00f6nostimiin ja putoamissuojaimiin erikoistuneella Hybeko Oy:ll\u00e4.<\/p>\n\n\n\n<p>\u201dTodella innoissani aloitan ty\u00f6ni Maatorilla. Yrityksen v\u00e4litysmyynnin konsepti on hyvin mielenkiintoinen ja k\u00e4ytetyille koneille on kaikkina maailman aikoina varmasti kysynt\u00e4\u00e4. Nyt p\u00e4\u00e4sen tuomaan tiimiin oman asiantuntijuuteni ja myyntihommiin kaikkien raskaan kaluston kamppeiden kanssa. Samalla p\u00e4\u00e4sen kasvattamaan tietotaitoa laajasta skaalasta muitakin koneita\u201d, Hillil\u00e4 sanoo.<\/p>\n\n\n\n<p><strong>Diehl valittiin ensimm\u00e4iseksi myyntip\u00e4\u00e4llikk\u00f6harjoittelijaksi<\/strong><\/p>\n\n\n\n<p>Maatori on aloittanut uuden uraauurtavan Trainee-konseptin, jossa valitut henkil\u00f6t p\u00e4\u00e4sev\u00e4t kouluttautumaan raskaan kaluston myyntip\u00e4\u00e4llik\u00f6iksi ammattilaisten ohjauksessa.<\/p>\n\n\n<div class=\"wp-block-image\">\n<figure class=\"alignright size-large is-resized\"><img loading=\"lazy\" decoding=\"async\" width=\"1024\" height=\"746\" src=\"https:\/\/europorssi.com\/wp-content\/uploads\/2024\/09\/DD-1024x746.jpg\" alt=\"\" class=\"wp-image-16905\" style=\"width:500px\" srcset=\"https:\/\/europorssi.com\/wp-content\/uploads\/2024\/09\/DD-1024x746.jpg 1024w, https:\/\/europorssi.com\/wp-content\/uploads\/2024\/09\/DD-300x218.jpg 300w, https:\/\/europorssi.com\/wp-content\/uploads\/2024\/09\/DD-768x559.jpg 768w, https:\/\/europorssi.com\/wp-content\/uploads\/2024\/09\/DD-560x408.jpg 560w, https:\/\/europorssi.com\/wp-content\/uploads\/2024\/09\/DD-550x400.jpg 550w, https:\/\/europorssi.com\/wp-content\/uploads\/2024\/09\/DD-151x110.jpg 151w, https:\/\/europorssi.com\/wp-content\/uploads\/2024\/09\/DD.jpg 1140w\" sizes=\"auto, (max-width: 1024px) 100vw, 1024px\" \/><\/figure>\n<\/div>\n\n\n<p>Ensimm\u00e4isen\u00e4 ohjelmaan on valittu tamperelainen Doris Diehl, joka aloitti elokuussa Maatorin riveiss\u00e4. Ohjelman my\u00f6t\u00e4 Diehlist\u00e4 tulee my\u00f6s Suomen ensimm\u00e4inen raskaan kaluston naismyyj\u00e4.<\/p>\n\n\n\n<p>Diehl on aikaisemmin ty\u00f6skennellyt muun muassa LAGO Logisticsilla ulkomaan tavaraliikennekuljetusten parissa, Kaukokiidon kuljetussuunnittelijan teht\u00e4vist\u00e4 ja Joenmaa Oy:ll\u00e4 konekuljettajana.<\/p>\n\n\n\n<p>\u201dOn hienoa p\u00e4\u00e4st\u00e4 heti t\u00e4ss\u00e4 niin sanotusti hommiin kiinni ja oppimaan kokeneemmilta ty\u00f6ntekij\u00f6ilt\u00e4. Motivaatio on korkealla ja t\u00e4st\u00e4 l\u00e4hdet\u00e4\u00e4n nyt kouluttautumaan kohti konekaupan ammattilaisuutta\u201d, Diehl kertoo.<\/p>\n\n\n\r\n\r\n\r\n<div class=\"row padding-vertical-small\">\r\n    <div class=\"col-xs-12 col-md-12 padding-vertical-small news-border-left background-color-grey\">\r\n\r\n                   \r\n\t\t\t\t                    <p>Ota Anttiin ja Dorikseen rohkeasti yhteytt\u00e4.<br \/>\nAntti Hillil\u00e4: 040 560 1147, <a href=\"mailto:hillila@maatori.fi\">hillila@maatori.fi<\/a>.<br \/>\nDoris Diehl: 040 820 0624, <a href=\"mailto:diehl@maatori.fi\">diehl@maatori.fi<\/a>.<br \/>\n<a href=\"https:\/\/www.maatori.fi\" target=\"_blank\" rel=\"noopener\">www.maatori.fi<\/a><\/p>\n                  \r\n\t\t\t\t    <\/div><!--col-->              \r\n<\/div><!--row-->\r\n","protected":false},"excerpt":{"rendered":"<p>Maatorin kasvuinvestoinnit ovat jatkuneet&nbsp;vauhdilla, kun viimeisimm\u00e4ksi taloon ovat tulleet yl\u00f6j\u00e4rvel\u00e4inen Antti Hillil\u00e4 ja tamperelainen Doris Diehl. Hillil\u00e4 on kokenut konekauppias, erityisesti materiaalink\u00e4sittelylaitteiden puolelta, ja Diehl aloitti puolestaan uudessa Trainee-ohjelmassa. Syyskuussa Maatorilla aloittaneella Hillil\u00e4ll\u00e4 on merkitt\u00e4v\u00e4 kokemus etenkin materiaalink\u00e4sittelylaitteista, kuten trukeista, varastolaitteista ja henkil\u00f6nostimista. Aikaisemmin urallaan Hillil\u00e4 on ty\u00f6skennellyt muun muassa Wihurin Teknisell\u00e4 Kaupalla sek\u00e4 henkil\u00f6nostimiin [&hellip;]<\/p>\n","protected":false},"author":4,"featured_media":16977,"comment_status":"closed","ping_status":"open","sticky":false,"template":"","format":"standard","meta":{"_acf_changed":false,"footnotes":""},"categories":[1],"tags":[],"class_list":["post-16903","post","type-post","status-publish","format-standard","has-post-thumbnail","hentry","category-yleinen"],"acf":[],"aioseo_notices":[],"_links":{"self":[{"href":"https:\/\/europorssi.com\/fi\/wp-json\/wp\/v2\/posts\/16903","targetHints":{"allow":["GET"]}}],"collection":[{"href":"https:\/\/europorssi.com\/fi\/wp-json\/wp\/v2\/posts"}],"about":[{"href":"https:\/\/europorssi.com\/fi\/wp-json\/wp\/v2\/types\/post"}],"author":[{"embeddable":true,"href":"https:\/\/europorssi.com\/fi\/wp-json\/wp\/v2\/users\/4"}],"replies":[{"embeddable":true,"href":"https:\/\/europorssi.com\/fi\/wp-json\/wp\/v2\/comments?post=16903"}],"version-history":[{"count":0,"href":"https:\/\/europorssi.com\/fi\/wp-json\/wp\/v2\/posts\/16903\/revisions"}],"wp:featuredmedia":[{"embeddable":true,"href":"https:\/\/europorssi.com\/fi\/wp-json\/wp\/v2\/media\/16977"}],"wp:attachment":[{"href":"https:\/\/europorssi.com\/fi\/wp-json\/wp\/v2\/media?parent=16903"}],"wp:term":[{"taxonomy":"category","embeddable":true,"href":"https:\/\/europorssi.com\/fi\/wp-json\/wp\/v2\/categories?post=16903"},{"taxonomy":"post_tag","embeddable":true,"href":"https:\/\/europorssi.com\/fi\/wp-json\/wp\/v2\/tags?post=16903"}],"curies":[{"name":"wp","href":"https:\/\/api.w.org\/{rel}","templated":true}]}}