{"id":17489,"date":"2025-01-23T09:48:14","date_gmt":"2025-01-23T07:48:14","guid":{"rendered":"https:\/\/europorssi.com\/?p=17489"},"modified":"2025-01-23T09:48:16","modified_gmt":"2025-01-23T07:48:16","slug":"liebherr-menestyskonseptin-pohjana-raataloitava-laadukas-ja-laaja-tuotevalikoima","status":"publish","type":"post","link":"https:\/\/europorssi.com\/fi\/liebherr-menestyskonseptin-pohjana-raataloitava-laadukas-ja-laaja-tuotevalikoima\/","title":{"rendered":"Liebherr-menestyskonseptin pohjana r\u00e4\u00e4t\u00e4l\u00f6it\u00e4v\u00e4, laadukas ja laaja tuotevalikoima"},"content":{"rendered":"\n<p><strong>Liebherr-Finlandin vuosi 2024 oli haastavasta markkinasta huolimatta varsin positiivinen. My\u00f6s alkaneen vuoden alkutahdit enteilev\u00e4t yritykselle hyv\u00e4\u00e4 vuotta 2025. Uuteen vuoteen Liebherr-Finland l\u00e4htee my\u00f6s entist\u00e4 vahvempana kolmen uuden rekrytoinnin siivitt\u00e4m\u00e4n\u00e4.<\/strong><\/p>\n\n\n\n<p><strong>\u2013V<\/strong>aikka viime vuosi oli alalla alavireinen, me onnistuimme markkinassa hyvin. Ylsimme asetettuihin tavoitteisiin niin eurom\u00e4\u00e4r\u00e4isesti kuin konemyynnin kappalem\u00e4\u00e4rinkin mitattuna. Nousua saavutimme niin konemyynniss\u00e4 kuin markkinaosuudessamme, kertoo Juha-Matti Haapala, Managing Director, Sales, ja jatkaa: \u2013 Onnistuimme viime vuonna erityisesti perusmaanrakennuskonemyynnin parissa; py\u00f6r\u00e4- ja tela-alustaisissa sek\u00e4 py\u00f6r\u00e4kuormaajissa.<\/p>\n\n\n\n<p><strong>Kasvutavoitteet my\u00f6s vuodelle 2025<\/strong><\/p>\n\n\n\n<p>\u2013 Mit\u00e4\u00e4n radikaalia kasvua en usko maanrakennuksen piiriss\u00e4 viel\u00e4 t\u00e4n\u00e4 vuonna syntyv\u00e4n, mutta siit\u00e4 huolimatta haemme edelleen kehityst\u00e4 t\u00e4llekin vuodelle, eli kasvu otetaan markkinaosuudesta. Kristallinkirkas tavoitteemme on kasvattaa markkinaosuuttamme kaikissa tuotesegmenteiss\u00e4. Vuosi 2025 onkin l\u00e4htenyt varsin positiivisesti k\u00e4yntiin, sill\u00e4 kolmannes koko vuoden myyntitavoitteistamme on jo myyty. T\u00e4m\u00e4 luon hyv\u00e4t asetelmat t\u00e4lle vuodelle, arvioi Haapala.<\/p>\n\n\n\n<p>\u2013 T\u00e4llaisen hieman seesteisemm\u00e4n talousajan me n\u00e4emme itsellemme mahdollisuutena, emme uhkana. Panostamme kehitykseen, emmek\u00e4 l\u00e4hde s\u00e4\u00e4st\u00f6talkoisiin. Muun muassa j\u00e4lkimarkkinointiamme uudelleenorganisoidaan ja sinne rekrytoidaan lis\u00e4\u00e4 ihmisi\u00e4.<\/p>\n\n\n\n<p><strong>Kuilu kaventunut<\/strong><\/p>\n\n\n\n<p>Haapala my\u00f6nt\u00e4\u00e4, ett\u00e4 monesti Liebherr-koneisiin saatetaan liitt\u00e4\u00e4 kalliin koneen leima. \u2013 Kuilu on kaventunut merkitt\u00e4v\u00e4sti markkinoilla oleviin edullisempiin tuotteisiin. Vaikka hintakuilu on kaventunut, samaan aikaan Liebherr-merkin yksi ehdoton vahvuus on s\u00e4ilynyt: Liebherr on markkinoiden koneista parhaiten r\u00e4\u00e4t\u00e4l\u00f6it\u00e4viss\u00e4 juuri asiakkaan tarpeita vastaavaksi. Niin ik\u00e4\u00e4n Liebherr-koneiden viimeistelytaso ja tekniikka edustaa markkinoiden k\u00e4rke\u00e4, vakuuttaa Haapala.<\/p>\n\n\n\n<p><strong>Laaja valikoima<\/strong><\/p>\n\n\n\n<p>\u2013 Koska Liebherr ei keskity suursarjatuotantoon, piener\u00e4tuotantona saavutetaan markkinoiden laajin valikoima. Liebherrin tuoteportfolio k\u00e4sitt\u00e4\u00e4 koko repertuaarin minikoneita lukuun ottamatta: kaivukoneissa 10\u2013800 tonnia ja py\u00f6r\u00e4kuormaajissa mallisto l\u00e4htee nelj\u00e4st\u00e4 tonnista yl\u00f6sp\u00e4in. Materiaalikoneissa mallisto on markkinoiden laajin, kertoo Haapala.<\/p>\n\n\n\n<p><strong>Perheyritt\u00e4jyys n\u00e4kyy kaikessa tekemisess\u00e4<\/strong><\/p>\n\n\n\n<p>Vaikka Liebherr lukeutuu sektorillaan maailman johtaviin yrityksiin, monelle saattaa tulla yll\u00e4tyksen\u00e4, ett\u00e4 kyseess\u00e4 on kuitenkin perheyritys.&nbsp;<\/p>\n\n\n\n<p>\u2013 Perheyritt\u00e4jyys n\u00e4kyy talon sis\u00e4ll\u00e4 kaikessa tekemisess\u00e4. Se tuo tekemiseen pitk\u00e4j\u00e4nteisyytt\u00e4 \u2013 emme todellakaan el\u00e4 kest\u00e4v\u00e4n kehityksen sulattavassa kvartaalitaloudessa. Meill\u00e4 ei tarvitse h\u00e4t\u00e4illen mietti\u00e4, miten pelastaa ensi viikko, valaisee Haapala.<\/p>\n\n\n\n<p>\u2013 Suoraan tehtaan omistamana myyntiyhti\u00f6n\u00e4 toimiminen mahdollistaa my\u00f6s suoran ja hedelm\u00e4llisen keskustelun tehtaaseen, ja tieto kulkee portaattomasti. Tehtaalla on l\u00e4mmin suhtautuminen myyntiyhti\u00f6iden ihmisiin.<\/p>\n\n\n\n<p><strong>Osaamiseen panostetaan<\/strong><\/p>\n\n\n\n<p>Liebherr-Finlandin palveluksessa on t\u00e4ll\u00e4 hetkell\u00e4 53 henkil\u00f6\u00e4. \u2013 Meill\u00e4 on pitki\u00e4 ty\u00f6suhteita ja olemme panostaneet vahvasti henkil\u00f6kunnan koulutukseen, niin esimies kuin ty\u00f6ntekij\u00e4tasollakin. Voimakas panostus t\u00e4ll\u00e4 sektorilla my\u00f6s jatkuu. Nyt otetaan aikaa, perehdytet\u00e4\u00e4n ja keskustellaan.<\/p>\n\n\n\n<p><strong>Vahvuus tuotteessa ja br\u00e4ndiss\u00e4<\/strong><\/p>\n\n\n\n<p>\u2013 Meid\u00e4n vahvuutemme on tuotteissa ja Liebherr-br\u00e4ndiss\u00e4, t\u00e4m\u00e4 n\u00e4kyy meill\u00e4 kaikessa toiminnassa. Br\u00e4ndi ja tuote tulee aina edell\u00e4, jota osaavat ihmisemme hoitavat vastuullisesti. Meill\u00e4 on korkeat eettiset standardit ja ihmisest\u00e4 pidet\u00e4\u00e4n huolta, mutta meill\u00e4 keski\u00f6ss\u00e4 on aina tekniikka, avaa Haapala yrityksen ydinajatusta. <\/p>\n\n\n\n<p><\/p>\n\n\n\n<p><\/p>\n\n\n\n<h2 class=\"wp-block-heading\">Joni Sipari Uudenmaan alueen myyj\u00e4ksi<\/h2>\n\n\n<div class=\"wp-block-image\">\n<figure class=\"alignright size-large is-resized\"><img loading=\"lazy\" decoding=\"async\" width=\"768\" height=\"1024\" src=\"https:\/\/europorssi.com\/wp-content\/uploads\/2025\/01\/sipari-768x1024.jpg\" alt=\"\" class=\"wp-image-17491\" style=\"width:350px\" srcset=\"https:\/\/europorssi.com\/wp-content\/uploads\/2025\/01\/sipari-768x1024.jpg 768w, https:\/\/europorssi.com\/wp-content\/uploads\/2025\/01\/sipari-225x300.jpg 225w, https:\/\/europorssi.com\/wp-content\/uploads\/2025\/01\/sipari-560x747.jpg 560w, https:\/\/europorssi.com\/wp-content\/uploads\/2025\/01\/sipari-83x110.jpg 83w, https:\/\/europorssi.com\/wp-content\/uploads\/2025\/01\/sipari.jpg 1140w\" sizes=\"auto, (max-width: 768px) 100vw, 768px\" \/><\/figure>\n<\/div>\n\n\n<p>Joni Sipari (45 v.) on aloittanut Liebherr-Finland Oy Ab:n palveluksessa 2.12.2024 konemyyj\u00e4n\u00e4 Uudenmaan alueella. Jonilla on vankka, yli 20 vuoden kokemus alalta sek\u00e4 koneen k\u00e4ytt\u00e4j\u00e4n\u00e4 ett\u00e4 ty\u00f6njohto- ja myyntiteht\u00e4vist\u00e4.<\/p>\n\n\n\n<p>\u2013 Liebherr on tuttu merkki, jonka ohjaamossa on tullut aikaa vietetty\u00e4. Merkki on erinomainen ja sen br\u00e4ndi on markkinoilla vahva. Nimenomaan tunnettu ja arvostettu Liebherr-br\u00e4ndi sai minut kiinnostumaan t\u00e4st\u00e4 teht\u00e4v\u00e4st\u00e4. Vaikka koneet ovat t\u00e4n\u00e4 p\u00e4iv\u00e4n\u00e4 kaikki hyvi\u00e4, Liebherr premium-merkkin\u00e4 eritt\u00e4in laajalla valikoimalla erottuu edukseen, muun muassa hyv\u00e4ll\u00e4 hydrauliikalla ja korkealuokkaisella kuljettajamukavuudellaan, arvioi Sipari.<\/p>\n\n\n\n<p>\u2013 Asiakkaan kanssa teht\u00e4v\u00e4 yhteisty\u00f6 on minulle luontaista ja asiakastapaamiset ovat t\u00e4rkeit\u00e4. Mukavasti niit\u00e4 t\u00e4ss\u00e4 alkumetreill\u00e4 onkin jo tehty, ja tarjouksiakin on jo p\u00e4\u00e4ssyt v\u00e4\u00e4nt\u00e4m\u00e4\u00e4n, joten varsin vilkkaasti on homma l\u00e4htenyt liikkeelle. Kannattaa olla matalalla kynnyksell\u00e4 yhteyksiss\u00e4, niin katsotaan miten laadukkaat Liebherr-koneet ja toimivat j\u00e4lkimarkkinointipalvelut voisivat tukea maksimaalisesti liiketoimintaanne, rohkaisee Sipari.<\/p>\n\n\n\n<p>\u2013 T\u00e4\u00e4ll\u00e4 on mukava, osaava tiimi sek\u00e4 kansainv\u00e4lisesti tunnettu br\u00e4ndi, joten ty\u00f6n tekeminen t\u00e4\u00e4ll\u00e4 maistuu ja on mielek\u00e4st\u00e4, arvioi Sipari.<\/p>\n\n\n\n<p><strong><em>Jonin yhteystiedot:&nbsp;<\/em><\/strong><\/p>\n\n\n\n<p><strong><em>Joni Sipari, joni.sipari@liebherr.com, puh. 040 673 6180<\/em><\/strong><\/p>\n\n\n\n<p><\/p>\n\n\n\n<p><\/p>\n\n\n\n<h2 class=\"wp-block-heading\">Petri Suhonen Liebherr-ty\u00f6njohtotiimiin<\/h2>\n\n\n<div class=\"wp-block-image\">\n<figure class=\"alignleft size-large is-resized\"><img loading=\"lazy\" decoding=\"async\" width=\"768\" height=\"1024\" src=\"https:\/\/europorssi.com\/wp-content\/uploads\/2025\/01\/suhonen-768x1024.jpg\" alt=\"\" class=\"wp-image-17492\" style=\"width:350px\" srcset=\"https:\/\/europorssi.com\/wp-content\/uploads\/2025\/01\/suhonen-768x1024.jpg 768w, https:\/\/europorssi.com\/wp-content\/uploads\/2025\/01\/suhonen-225x300.jpg 225w, https:\/\/europorssi.com\/wp-content\/uploads\/2025\/01\/suhonen-560x747.jpg 560w, https:\/\/europorssi.com\/wp-content\/uploads\/2025\/01\/suhonen-83x110.jpg 83w, https:\/\/europorssi.com\/wp-content\/uploads\/2025\/01\/suhonen.jpg 1140w\" sizes=\"auto, (max-width: 768px) 100vw, 768px\" \/><\/figure>\n<\/div>\n\n\n<p>Niin ik\u00e4\u00e4n joulukuun alussa Liebherr-tiimiin liittynyt 37-vuotias Petri Suhonen omaa nuoresta i\u00e4st\u00e4\u00e4n huolimatta jo varsin pitk\u00e4n kokemuksen alalta. Tuttua miehelle on tekeminen aina alkuvuosien raskaankoneen asentajan ty\u00f6st\u00e4 ty\u00f6njohtoteht\u00e4viin. \u2013 Tosi hyvill\u00e4 mielin t\u00e4\u00e4ll\u00e4 olen aloittanut, ja uusi merkki tuo aina mielenkiintoa tekemiseen.&nbsp;<\/p>\n\n\n\n<p>\u2013 Liebherr-merkkin\u00e4 sai minut kiinnostumaan. P\u00e4ivitt\u00e4isess\u00e4 tekemisess\u00e4 on jo nyt lyhyen kokemuksen perusteella n\u00e4kynyt positiivisella tavalla, ett\u00e4 Liebherr on perheyritys. T\u00e4\u00e4ll\u00e4 ei menn\u00e4 eteenp\u00e4in pelk\u00e4st\u00e4\u00e4n euron kuvat silmiss\u00e4, vaan osataan katsoa asioita 5\u201310 vuoden p\u00e4\u00e4h\u00e4n. Asioita osataan mietti\u00e4 my\u00f6s maalaisj\u00e4rjell\u00e4.<\/p>\n\n\n\n<p>\u2013 Meit\u00e4 on nyt kolme ihmist\u00e4 ty\u00f6njohdossa ja asentajia on 15. Jokaiselta l\u00f6ytyy vahvaa osaamista, jota pitk\u00e4t ty\u00f6suhteet tukevat. Eip\u00e4 esimerkiksi kentt\u00e4olosuhteissa, joissa asentajat toimivat pitk\u00e4lti omaehtoisesti, voisikaan p\u00e4rj\u00e4t\u00e4 ilman vankkaa ammattitaitoa, n\u00e4kee Suhonen.<\/p>\n\n\n\n<p><strong><em>Petrin yhteystiedot:&nbsp;<\/em><\/strong><\/p>\n\n\n\n<p><strong><em>Petri Suhonen, petri.suhonen@liebherr.com, puh. 040 353 4319<\/em><\/strong><\/p>\n\n\n\n<p><\/p>\n\n\n\n<p><\/p>\n\n\n\n<h2 class=\"wp-block-heading\">Juho Miettinen Teknisen tuen rooliin<\/h2>\n\n\n<div class=\"wp-block-image\">\n<figure class=\"alignright size-large is-resized\"><img loading=\"lazy\" decoding=\"async\" width=\"748\" height=\"1024\" src=\"https:\/\/europorssi.com\/wp-content\/uploads\/2025\/01\/juho-748x1024.jpg\" alt=\"\" class=\"wp-image-17493\" style=\"width:350px\" srcset=\"https:\/\/europorssi.com\/wp-content\/uploads\/2025\/01\/juho-748x1024.jpg 748w, https:\/\/europorssi.com\/wp-content\/uploads\/2025\/01\/juho-219x300.jpg 219w, https:\/\/europorssi.com\/wp-content\/uploads\/2025\/01\/juho-768x1052.jpg 768w, https:\/\/europorssi.com\/wp-content\/uploads\/2025\/01\/juho-1122x1536.jpg 1122w, https:\/\/europorssi.com\/wp-content\/uploads\/2025\/01\/juho-560x767.jpg 560w, https:\/\/europorssi.com\/wp-content\/uploads\/2025\/01\/juho-80x110.jpg 80w, https:\/\/europorssi.com\/wp-content\/uploads\/2025\/01\/juho.jpg 1140w\" sizes=\"auto, (max-width: 748px) 100vw, 748px\" \/><\/figure>\n<\/div>\n\n\n<p>Kolmas \u201djoululahja\u201d Liebherr-Finlandille on Juho Miettinen, joka aloitti teknisen\u00e4 tukena Liebherr-maanrakennuskoneille niin ik\u00e4\u00e4n 2.12.2024. Koulutukseltaan 40-vuotias Juho on raskaskonemekaanikko ja h\u00e4n on ty\u00f6skennellyt 13 vuotta niiss\u00e4 teht\u00e4viss\u00e4, sen j\u00e4lkeen kentt\u00e4huollossa ja viimeiset viisi vuotta teknisen tuen teht\u00e4viss\u00e4.&nbsp;<\/p>\n\n\n\n<p>\u2013 Liebherill\u00e4 oli paikka auki ja olin kuullut paljon hyv\u00e4\u00e4 entisilt\u00e4 ty\u00f6kavereilta, jotka ty\u00f6skentelev\u00e4t Liebherill\u00e4. Liebherr-tuotteet vaikuttavat laadukkailta, ja tiimity\u00f6 talossa tuntuu sujuvan, kertoo Miettinen.<\/p>\n\n\n\n<p>\u2013 Asiakkaat ovat yhteydess\u00e4 suoraan tekniseen tukeen tai myynnin kautta tapauskohtaisesti. Toimenkuvaamme kuuluu my\u00f6s oman huollon organisaatiomme tukeminen.<\/p>\n\n\n\n<p>\u2013 Tehtaaseen olemme yhteydess\u00e4 vikaraportoinnin kautta ja tarvittaessa saamme tehtaalta tukea my\u00f6s fyysisesti paikanp\u00e4\u00e4lle. My\u00f6s koulutukset tehtaalla ovat osa meid\u00e4n toimenkuvaamme, sanoo Miettinen, ja jatkaa: \u2013 Moniin teknisiin kysymyksiin liittyen asioita voidaan hoitaa puhelimitse ja s\u00e4hk\u00f6postin v\u00e4lityksell\u00e4, mutta kyll\u00e4 vierailut asiakkaiden luona ovat isossa roolissa teht\u00e4v\u00e4ss\u00e4mme, sanoo Miettinen.<\/p>\n\n\n\n<p><strong><em>Juhon yhteystiedot:&nbsp;<\/em><\/strong><\/p>\n\n\n\n<p><strong><em>Juho Miettinen, juho.miettinen@liebherr.com, puh. 040 756 2808<\/em><\/strong><\/p>\n\n\n\n<p><\/p>\n\n\n\r\n\r\n\r\n<div class=\"row padding-vertical-small\">\r\n    <div class=\"col-xs-12 col-md-12 padding-vertical-small news-border-left background-color-grey\">\r\n\r\n                   \r\n\t\t\t\t                    <p>Liebherr-Finland Oy Ab<br \/>\nJuha-Matti Haapala<br \/>\nManaging Director, Sales<br \/>\npuh. 050 440 9957<br \/>\n<a href=\"http:\/\/www.liebherr.fi\" rel=\"noopener\" target=\"_blank\">www.liebherr.fi<\/a><\/p>\n                  \r\n\t\t\t\t    <\/div><!--col-->              \r\n<\/div><!--row-->\r\n\n\n\n<p><br><\/p>\n\n\n<div class=\"wp-block-image\">\n<figure class=\"aligncenter size-large is-resized\"><img loading=\"lazy\" decoding=\"async\" width=\"1024\" height=\"683\" src=\"https:\/\/europorssi.com\/wp-content\/uploads\/2025\/01\/24.-Oktober-2022CZ7A0047-Screen-1-1024x683.jpg\" alt=\"\" class=\"wp-image-17494\" style=\"width:700px\" srcset=\"https:\/\/europorssi.com\/wp-content\/uploads\/2025\/01\/24.-Oktober-2022CZ7A0047-Screen-1-1024x683.jpg 1024w, https:\/\/europorssi.com\/wp-content\/uploads\/2025\/01\/24.-Oktober-2022CZ7A0047-Screen-1-300x200.jpg 300w, https:\/\/europorssi.com\/wp-content\/uploads\/2025\/01\/24.-Oktober-2022CZ7A0047-Screen-1-768x512.jpg 768w, https:\/\/europorssi.com\/wp-content\/uploads\/2025\/01\/24.-Oktober-2022CZ7A0047-Screen-1-560x373.jpg 560w, https:\/\/europorssi.com\/wp-content\/uploads\/2025\/01\/24.-Oktober-2022CZ7A0047-Screen-1-800x533.jpg 800w, https:\/\/europorssi.com\/wp-content\/uploads\/2025\/01\/24.-Oktober-2022CZ7A0047-Screen-1-165x110.jpg 165w, https:\/\/europorssi.com\/wp-content\/uploads\/2025\/01\/24.-Oktober-2022CZ7A0047-Screen-1.jpg 1140w\" sizes=\"auto, (max-width: 1024px) 100vw, 1024px\" \/><figcaption class=\"wp-element-caption\"><strong><em>\u2013 Liebherr esiintyy taas n\u00e4ytt\u00e4v\u00e4sti Bauma-messuilla Saksassa 7.-13.4.2025.\u00a0<\/em><\/strong><br><strong><em>Meilt\u00e4 Suomesta l\u00e4htee my\u00f6s vahva edustus paikan p\u00e4\u00e4lle, joten l\u00e4mpim\u00e4sti tervetuloa tutustamaan laajaan ja laadukkaaseen Liebherr-valikoimaan osastollemme, toivottaa Juha-Matti Haapala.<\/em><\/strong><br><\/figcaption><\/figure>\n<\/div>","protected":false},"excerpt":{"rendered":"<p>Liebherr-Finlandin vuosi 2024 oli haastavasta markkinasta huolimatta varsin positiivinen. My\u00f6s alkaneen vuoden alkutahdit enteilev\u00e4t yritykselle hyv\u00e4\u00e4 vuotta 2025. Uuteen vuoteen Liebherr-Finland l\u00e4htee my\u00f6s entist\u00e4 vahvempana kolmen uuden rekrytoinnin siivitt\u00e4m\u00e4n\u00e4. \u2013Vaikka viime vuosi oli alalla alavireinen, me onnistuimme markkinassa hyvin. Ylsimme asetettuihin tavoitteisiin niin eurom\u00e4\u00e4r\u00e4isesti kuin konemyynnin kappalem\u00e4\u00e4rinkin mitattuna. Nousua saavutimme niin konemyynniss\u00e4 kuin markkinaosuudessamme, kertoo [&hellip;]<\/p>\n","protected":false},"author":4,"featured_media":17490,"comment_status":"closed","ping_status":"open","sticky":false,"template":"","format":"standard","meta":{"_acf_changed":false,"footnotes":""},"categories":[1],"tags":[],"class_list":["post-17489","post","type-post","status-publish","format-standard","has-post-thumbnail","hentry","category-yleinen"],"acf":[],"aioseo_notices":[],"_links":{"self":[{"href":"https:\/\/europorssi.com\/fi\/wp-json\/wp\/v2\/posts\/17489","targetHints":{"allow":["GET"]}}],"collection":[{"href":"https:\/\/europorssi.com\/fi\/wp-json\/wp\/v2\/posts"}],"about":[{"href":"https:\/\/europorssi.com\/fi\/wp-json\/wp\/v2\/types\/post"}],"author":[{"embeddable":true,"href":"https:\/\/europorssi.com\/fi\/wp-json\/wp\/v2\/users\/4"}],"replies":[{"embeddable":true,"href":"https:\/\/europorssi.com\/fi\/wp-json\/wp\/v2\/comments?post=17489"}],"version-history":[{"count":0,"href":"https:\/\/europorssi.com\/fi\/wp-json\/wp\/v2\/posts\/17489\/revisions"}],"wp:featuredmedia":[{"embeddable":true,"href":"https:\/\/europorssi.com\/fi\/wp-json\/wp\/v2\/media\/17490"}],"wp:attachment":[{"href":"https:\/\/europorssi.com\/fi\/wp-json\/wp\/v2\/media?parent=17489"}],"wp:term":[{"taxonomy":"category","embeddable":true,"href":"https:\/\/europorssi.com\/fi\/wp-json\/wp\/v2\/categories?post=17489"},{"taxonomy":"post_tag","embeddable":true,"href":"https:\/\/europorssi.com\/fi\/wp-json\/wp\/v2\/tags?post=17489"}],"curies":[{"name":"wp","href":"https:\/\/api.w.org\/{rel}","templated":true}]}}