{"id":17755,"date":"2025-03-20T10:05:27","date_gmt":"2025-03-20T08:05:27","guid":{"rendered":"https:\/\/europorssi.com\/?p=17755"},"modified":"2025-08-26T14:31:36","modified_gmt":"2025-08-26T11:31:36","slug":"iveco-dailyn-takuu-laajenee-nyt-kolmeen-vuoteen","status":"publish","type":"post","link":"https:\/\/europorssi.com\/fi\/iveco-dailyn-takuu-laajenee-nyt-kolmeen-vuoteen\/","title":{"rendered":"IVECO Dailyn takuu laajenee nyt kolmeen vuoteen"},"content":{"rendered":"\n<p><strong>Hedin Nordic Truck vahvistaa asiakkaidensa turvallisuutta laajentamalla kaikkien IVECO Daily -kuljetusajoneuvojen takuuta. Uusi takuu on voimassa enint\u00e4\u00e4n 3 vuotta aiemman 2 vuoden sijaan tai kattaa enint\u00e4\u00e4n 200 000 km riippuen siit\u00e4, kumpi ehdoista t\u00e4yttyy ensin. T\u00e4m\u00e4 toimi korostaa yrityksen panostusta laatuun ja \u2013 ennen kaikkea \u2013 asiakkaiden tyytyv\u00e4isyyteen.<\/strong><br><\/p>\n\n\n\n<p>T\u00e4st\u00e4 l\u00e4htien kuljetusautojen omistajat ja kalustonhallinnan ammattilaiset hy\u00f6tyv\u00e4t pidennetyst\u00e4 takuusta kaikille IVECO Daily -ajoneuvoilleen. Tarjoamalla kahden vuoden sijaan kolmen vuoden takuun Hedin Nordic Truck osoittaa halunsa lis\u00e4t\u00e4 asiakkaidensa turvallisuutta ja parantaa ajoneuvon omistuskokemusta.<\/p>\n\n\n\n<p>\u2013 Olemme ylpeit\u00e4 voidessamme tarjota asiakkaillemme IVECO Daily -mallien pidemm\u00e4n ja kattavamman takuun. Useimmille asiakkaillemme kuljetusajoneuvo on eritt\u00e4in iso osa ty\u00f6p\u00e4iv\u00e4\u00e4. Siksi on t\u00e4rke\u00e4\u00e4, ett\u00e4 kehit\u00e4mme jatkuvasti sek\u00e4 palveluitamme ett\u00e4 tarjontaamme. Uusi takuu ei tarjoa ainoastaan taloudellista turvaa, vaan se kertoo my\u00f6s luottamuksesta ajoneuvojemme kest\u00e4vyyteen ja suorituskykyyn, sanoo Tuomas Viren, Ivecon myyntijohtaja.<\/p>\n\n\n\n<p><strong>Taloudellinen turva ja lis\u00e4arvoa<\/strong><\/p>\n\n\n\n<p>Pidennetty takuu suojaa asiakkaita odottamattomilta korjauskustannuksilta alkuper\u00e4isen tehdastakuun j\u00e4lkeen.<\/p>\n\n\n\n<p>\u2013 Mahdollisuus ajaa kuljetusajoneuvoa ilman huolta yll\u00e4tt\u00e4vist\u00e4 mekaanisista ongelmista merkitsee yh\u00e4 parempaa ajoneuvon omistuskokemusta, ja v\u00e4hent\u00e4\u00e4 odottamattomien kulujen riski\u00e4. Lis\u00e4ksi pidempi takuu voi nostaa ajoneuvon j\u00e4lleenmyyntiarvoa, sill\u00e4 voimassa oleva takuu tekee siit\u00e4 houkuttelevamman k\u00e4ytettyjen ajoneuvojen markkinoilla, toteaa Tuomas Viren ja p\u00e4\u00e4tt\u00e4\u00e4:<\/p>\n\n\n\n<p>\u2013 Kuljetusajoneuvon omistamisen tulisi olla turvallinen investointi. Pidennetyn takuun ansiosta asiakkaamme voivat olla varmoja siit\u00e4, ett\u00e4 heid\u00e4n ajoneuvonsa on suojattu niin, ett\u00e4 kustannukset pysyv\u00e4t hallinnassa ja liiketoiminta sujuu ilman h\u00e4iri\u00f6it\u00e4. <\/p>\n\n\n\n<p><\/p>\n\n\n\n<p><strong>IVECOn uusi takuu:<\/strong><\/p>\n\n\n\n<p>\u2022 Laajenee 2 vuodesta 3 vuoteen<\/p>\n\n\n\n<p>\u2022 Koskee kaikkia IVECO Daily -malleja s\u00e4hk\u00f6malleja lukuun ottamatta<\/p>\n\n\n\n<p>\u2022 Kattaa enint\u00e4\u00e4n 3 vuotta tai 200 000 km sen mukaan, kumpi ehto t\u00e4yttyy ensin<\/p>\n\n\n\n<p>\u2022 Ei kata kuluvia osia, kuten tuulilasinpyyhkimi\u00e4, akkua, suodattimia, jarrupaloja ja jarrulevyj\u00e4 sek\u00e4 kytkimen osia<\/p>\n\n\n\r\n\r\n\r\n<div class=\"row padding-vertical-small\">\r\n    <div class=\"col-xs-12 col-md-12 padding-vertical-small news-border-left background-color-grey\">\r\n\r\n                   \r\n\t\t\t\t                    <p><a href=\"https:\/\/www.iveco.fi\" target=\"_blank\" rel=\"noopener\">www.iveco.fi<\/a><\/p>\n                  \r\n\t\t\t\t    <\/div><!--col-->              \r\n<\/div><!--row-->\r\n\n\n<div class=\"wp-block-image\">\n<figure class=\"aligncenter size-large is-resized\"><img loading=\"lazy\" decoding=\"async\" width=\"1024\" height=\"753\" src=\"https:\/\/europorssi.com\/wp-content\/uploads\/2025\/03\/637991879598582393-2-1024x753.jpg\" alt=\"\" class=\"wp-image-17759\" style=\"width:600px\" srcset=\"https:\/\/europorssi.com\/wp-content\/uploads\/2025\/03\/637991879598582393-2-1024x753.jpg 1024w, https:\/\/europorssi.com\/wp-content\/uploads\/2025\/03\/637991879598582393-2-300x221.jpg 300w, https:\/\/europorssi.com\/wp-content\/uploads\/2025\/03\/637991879598582393-2-768x565.jpg 768w, https:\/\/europorssi.com\/wp-content\/uploads\/2025\/03\/637991879598582393-2-560x412.jpg 560w, https:\/\/europorssi.com\/wp-content\/uploads\/2025\/03\/637991879598582393-2-150x110.jpg 150w, https:\/\/europorssi.com\/wp-content\/uploads\/2025\/03\/637991879598582393-2.jpg 1140w\" sizes=\"auto, (max-width: 1024px) 100vw, 1024px\" \/><figcaption class=\"wp-element-caption\"><em>&#8221;Takuun laajentuminen kertoo luottamuksesta ajoneuvojemme kest\u00e4vyyteen ja suorituskykyyn&#8221;, sanoo Tuomas Viren, Ivecon myyntijohtaja.<\/em><br><\/figcaption><\/figure>\n<\/div>\n\n\n<p><\/p>\n","protected":false},"excerpt":{"rendered":"<p>Hedin Nordic Truck vahvistaa asiakkaidensa turvallisuutta laajentamalla kaikkien IVECO Daily -kuljetusajoneuvojen takuuta. Uusi takuu on voimassa enint\u00e4\u00e4n 3 vuotta aiemman 2 vuoden sijaan tai kattaa enint\u00e4\u00e4n 200 000 km riippuen siit\u00e4, kumpi ehdoista t\u00e4yttyy ensin. T\u00e4m\u00e4 toimi korostaa yrityksen panostusta laatuun ja \u2013 ennen kaikkea \u2013 asiakkaiden tyytyv\u00e4isyyteen. T\u00e4st\u00e4 l\u00e4htien kuljetusautojen omistajat ja kalustonhallinnan ammattilaiset [&hellip;]<\/p>\n","protected":false},"author":4,"featured_media":17757,"comment_status":"closed","ping_status":"open","sticky":false,"template":"","format":"standard","meta":{"_acf_changed":false,"footnotes":""},"categories":[1],"tags":[],"class_list":["post-17755","post","type-post","status-publish","format-standard","has-post-thumbnail","hentry","category-yleinen"],"acf":[],"aioseo_notices":[],"_links":{"self":[{"href":"https:\/\/europorssi.com\/fi\/wp-json\/wp\/v2\/posts\/17755","targetHints":{"allow":["GET"]}}],"collection":[{"href":"https:\/\/europorssi.com\/fi\/wp-json\/wp\/v2\/posts"}],"about":[{"href":"https:\/\/europorssi.com\/fi\/wp-json\/wp\/v2\/types\/post"}],"author":[{"embeddable":true,"href":"https:\/\/europorssi.com\/fi\/wp-json\/wp\/v2\/users\/4"}],"replies":[{"embeddable":true,"href":"https:\/\/europorssi.com\/fi\/wp-json\/wp\/v2\/comments?post=17755"}],"version-history":[{"count":0,"href":"https:\/\/europorssi.com\/fi\/wp-json\/wp\/v2\/posts\/17755\/revisions"}],"wp:featuredmedia":[{"embeddable":true,"href":"https:\/\/europorssi.com\/fi\/wp-json\/wp\/v2\/media\/17757"}],"wp:attachment":[{"href":"https:\/\/europorssi.com\/fi\/wp-json\/wp\/v2\/media?parent=17755"}],"wp:term":[{"taxonomy":"category","embeddable":true,"href":"https:\/\/europorssi.com\/fi\/wp-json\/wp\/v2\/categories?post=17755"},{"taxonomy":"post_tag","embeddable":true,"href":"https:\/\/europorssi.com\/fi\/wp-json\/wp\/v2\/tags?post=17755"}],"curies":[{"name":"wp","href":"https:\/\/api.w.org\/{rel}","templated":true}]}}