{"id":17943,"date":"2025-05-06T15:23:53","date_gmt":"2025-05-06T12:23:53","guid":{"rendered":"https:\/\/europorssi.com\/?p=17943"},"modified":"2025-05-06T15:23:53","modified_gmt":"2025-05-06T12:23:53","slug":"kuljetusareena-2025","status":"publish","type":"post","link":"https:\/\/europorssi.com\/fi\/kuljetusareena-2025\/","title":{"rendered":"KuljetusAreena 2025"},"content":{"rendered":"\n<h3 class=\"wp-block-heading\">&#8211; Toukokuussa kuljetusala kokoontuu Jyv\u00e4skyl\u00e4\u00e4n<\/h3>\n\n\n\n<p><em>Messu- ja tapahtumakeskus Paviljongissa Jyv\u00e4skyl\u00e4ss\u00e4 j\u00e4rjestet\u00e4\u00e4n 27.5.2025 ensimm\u00e4ist\u00e4 kertaa kuljetusalan verkostoitumistapahtuma KuljetusAreena, joka t\u00e4ydent\u00e4\u00e4 Jyv\u00e4skyl\u00e4n tarjontaa kuljetusalan yrityksille valtakunnallisesti.<\/em><\/p>\n\n\n\n<p>\u201dOlemme kuulleet alalta toiveita t\u00e4m\u00e4ntyyppiselle pienemm\u00e4n mittakaavan verkostoitumistapahtumalle ja t\u00e4n\u00e4 vuonna oli sopiva tilaisuus\u201d, kertoo Jyv\u00e4skyl\u00e4n Messut Oy:n myyntijohtaja Hannu Mennala.<\/p>\n\n\n\n<p>Yksip\u00e4iv\u00e4isess\u00e4 tapahtumassa kuullaan kahdella seminaarilavalla mielenkiintoista ohjelmaa alan ajankohtaisista aiheista, kuten vastuullisuudesta, digitalisaatiosta sek\u00e4 k\u00e4ytt\u00f6voimasta.<\/p>\n\n\n\n<p>Samalla uusi kuljetusalan tapahtuma yhdist\u00e4\u00e4 tehokkaasti kuljetusyritysten p\u00e4\u00e4t\u00f6ksentekij\u00e4t ja kuljetusalan tuotteiden ja palveluiden tarjoajat.<\/p>\n\n\n\n<p><strong>Laadukasta ohjelmaa yhteisty\u00f6kumppanin kanssa<\/strong><br>Tapahtuma j\u00e4rjestet\u00e4\u00e4n yhteisty\u00f6ss\u00e4 LIMOWAN kanssa. LIMOWA ry on valtakunnallisesti toimiva logistiikan kehitt\u00e4mis- ja yhteisty\u00f6verkosto, jonka missiona on suomalaisen logistiikan edist\u00e4minen ja kilpailukyvyn lis\u00e4\u00e4minen.<\/p>\n\n\n\n<p>LIMOWA oman verkostonsa kanssa vastaa laadukkaan seminaariohjelman tuottamisesta.<\/p>\n\n\n\n<p>P\u00e4iv\u00e4n aikana lavalla n\u00e4hd\u00e4\u00e4n muun muassa kansainv\u00e4listen asioiden neuvos Antti Paasilehto liikenne- ja viestint\u00e4ministeri\u00f6st\u00e4, Postin ilmasto- ja luontojohtaja Anna Heino sek\u00e4 Suomen Kaukokiito Oy:n teknologia- ja vastuullisuusjohtaja Samuli Toivonen. Lis\u00e4\u00e4 kansainv\u00e4list\u00e4 n\u00e4k\u00f6kulmaa saadaan, kun Nikita Zaiko Lindholmen Science Parkista kertoo raskaan kaluston s\u00e4hk\u00f6ist\u00e4misest\u00e4 Ruotsissa.<\/p>\n\n\n\n<p>\u201dOhjelma on rakennettu p\u00e4iv\u00e4n polttavien teemojen ymp\u00e4rille, jotta alalle saadaan tuorein tieto, sek\u00e4 tuulahduksia tulevaisuudesta Suomesta ja l\u00e4nsinaapurista vedyn ja s\u00e4hk\u00f6n n\u00e4k\u00f6kulmista\u201d, kertoo Janne Lausvaara LIMOWA ry:st\u00e4.<\/p>\n\n\n\n<p><strong>Uusi konsepti palvelee k\u00e4vij\u00f6it\u00e4 ja n\u00e4ytteilleasettajia<\/strong><br>N\u00e4ytteilleasettajille tapahtuma tarjoaa erinomaisen tilaisuuden esitell\u00e4 palveluita aidosti kiinnostuneille k\u00e4vij\u00f6ille ja helpon matalan kynnyksen osallistumisen, sill\u00e4 kaikki osastot ovat valmispaketteja. Kuljetuskalustoa ei t\u00e4ss\u00e4 tapahtumassa esitell\u00e4, ainakaan fyysisesti.<\/p>\n\n\n\n<p>Esill\u00e4 on tuotteita ja palveluita kuljetusyrityksille ja yritt\u00e4jille, kuten logistiikkaj\u00e4rjestelmien toimittajia.<\/p>\n\n\n\n<p>K\u00e4vij\u00e4t saavat helposti yhden p\u00e4iv\u00e4n aikana katsauksen kuljetusalalle. Tarjolla on hy\u00f6dyllist\u00e4 ohjelmaa sek\u00e4 verkostoitumismahdollisuus palveluntarjoajien kanssa. My\u00f6s alan opiskelijoita odotetaan paikalle.<\/p>\n\n\n\n<p>\u201dMeill\u00e4 j\u00e4rjestettiin huhtikuussa kolmatta kertaa Digiturvallisuusmessut samantyyppisell\u00e4 konseptilla ja olemme saaneet eritt\u00e4in hyv\u00e4\u00e4 palautetta\u201d, Mennala kertoo.<\/p>\n\n\n\r\n\r\n\r\n<div class=\"row padding-vertical-small\">\r\n    <div class=\"col-xs-12 col-md-12 padding-vertical-small news-border-left background-color-grey\">\r\n\r\n                   \r\n\t\t\t\t                    <p>KuljetusAreena on k\u00e4vij\u00f6ille maksuton rekister\u00f6itym\u00e4ll\u00e4. Tapahtuma on avoinna 27.5.2025 klo 10\u201318.<\/p>\n                  \r\n\t\t\t\t    <\/div><!--col-->              \r\n<\/div><!--row-->\r\n\n\n<div class=\"wp-block-image\">\n<figure class=\"alignleft size-large\"><img loading=\"lazy\" decoding=\"async\" width=\"1024\" height=\"683\" src=\"https:\/\/europorssi.com\/wp-content\/uploads\/2025\/05\/Nimeton-1-1024x683.jpg\" alt=\"\" class=\"wp-image-17944\" srcset=\"https:\/\/europorssi.com\/wp-content\/uploads\/2025\/05\/Nimeton-1-1024x683.jpg 1024w, https:\/\/europorssi.com\/wp-content\/uploads\/2025\/05\/Nimeton-1-300x200.jpg 300w, https:\/\/europorssi.com\/wp-content\/uploads\/2025\/05\/Nimeton-1-768x512.jpg 768w, https:\/\/europorssi.com\/wp-content\/uploads\/2025\/05\/Nimeton-1-560x373.jpg 560w, https:\/\/europorssi.com\/wp-content\/uploads\/2025\/05\/Nimeton-1-800x533.jpg 800w, https:\/\/europorssi.com\/wp-content\/uploads\/2025\/05\/Nimeton-1-165x110.jpg 165w, https:\/\/europorssi.com\/wp-content\/uploads\/2025\/05\/Nimeton-1.jpg 1140w\" sizes=\"auto, (max-width: 1024px) 100vw, 1024px\" \/><figcaption class=\"wp-element-caption\">KuljetusAreena 2025 j\u00e4rjestet\u00e4\u00e4n Paviljongin B-hallissa ja uudessa tapahtumatila Eventiss\u00e4, jossa my\u00f6s huhtikuun Digiturvallisuusmessut j\u00e4rjestettiin.<\/figcaption><\/figure>\n<\/div>","protected":false},"excerpt":{"rendered":"<p>&#8211; Toukokuussa kuljetusala kokoontuu Jyv\u00e4skyl\u00e4\u00e4n Messu- ja tapahtumakeskus Paviljongissa Jyv\u00e4skyl\u00e4ss\u00e4 j\u00e4rjestet\u00e4\u00e4n 27.5.2025 ensimm\u00e4ist\u00e4 kertaa kuljetusalan verkostoitumistapahtuma KuljetusAreena, joka t\u00e4ydent\u00e4\u00e4 Jyv\u00e4skyl\u00e4n tarjontaa kuljetusalan yrityksille valtakunnallisesti. \u201dOlemme kuulleet alalta toiveita t\u00e4m\u00e4ntyyppiselle pienemm\u00e4n mittakaavan verkostoitumistapahtumalle ja t\u00e4n\u00e4 vuonna oli sopiva tilaisuus\u201d, kertoo Jyv\u00e4skyl\u00e4n Messut Oy:n myyntijohtaja Hannu Mennala. Yksip\u00e4iv\u00e4isess\u00e4 tapahtumassa kuullaan kahdella seminaarilavalla mielenkiintoista ohjelmaa alan ajankohtaisista aiheista, [&hellip;]<\/p>\n","protected":false},"author":4,"featured_media":17944,"comment_status":"closed","ping_status":"open","sticky":false,"template":"","format":"standard","meta":{"_acf_changed":false,"footnotes":""},"categories":[1],"tags":[],"class_list":["post-17943","post","type-post","status-publish","format-standard","has-post-thumbnail","hentry","category-yleinen"],"acf":[],"aioseo_notices":[],"_links":{"self":[{"href":"https:\/\/europorssi.com\/fi\/wp-json\/wp\/v2\/posts\/17943","targetHints":{"allow":["GET"]}}],"collection":[{"href":"https:\/\/europorssi.com\/fi\/wp-json\/wp\/v2\/posts"}],"about":[{"href":"https:\/\/europorssi.com\/fi\/wp-json\/wp\/v2\/types\/post"}],"author":[{"embeddable":true,"href":"https:\/\/europorssi.com\/fi\/wp-json\/wp\/v2\/users\/4"}],"replies":[{"embeddable":true,"href":"https:\/\/europorssi.com\/fi\/wp-json\/wp\/v2\/comments?post=17943"}],"version-history":[{"count":0,"href":"https:\/\/europorssi.com\/fi\/wp-json\/wp\/v2\/posts\/17943\/revisions"}],"wp:featuredmedia":[{"embeddable":true,"href":"https:\/\/europorssi.com\/fi\/wp-json\/wp\/v2\/media\/17944"}],"wp:attachment":[{"href":"https:\/\/europorssi.com\/fi\/wp-json\/wp\/v2\/media?parent=17943"}],"wp:term":[{"taxonomy":"category","embeddable":true,"href":"https:\/\/europorssi.com\/fi\/wp-json\/wp\/v2\/categories?post=17943"},{"taxonomy":"post_tag","embeddable":true,"href":"https:\/\/europorssi.com\/fi\/wp-json\/wp\/v2\/tags?post=17943"}],"curies":[{"name":"wp","href":"https:\/\/api.w.org\/{rel}","templated":true}]}}