{"id":18799,"date":"2026-01-22T10:07:26","date_gmt":"2026-01-22T08:07:26","guid":{"rendered":"https:\/\/europorssi.com\/?p=18799"},"modified":"2026-01-27T13:30:36","modified_gmt":"2026-01-27T11:30:36","slug":"pitkaaikaisesta-unelmasta-totta-virva-sipila-lapin-uudeksi-konemyyjaksi","status":"publish","type":"post","link":"https:\/\/europorssi.com\/fi\/pitkaaikaisesta-unelmasta-totta-virva-sipila-lapin-uudeksi-konemyyjaksi\/","title":{"rendered":"Pitk\u00e4aikaisesta\u00a0unelmasta totta \u2013 Virva Sipil\u00e4 Lapin uudeksi konemyyj\u00e4ksi"},"content":{"rendered":"\n<p class=\"has-text-align-center\"><em>Virvan mukana Rovaniemelle muutti my\u00f6s h\u00e4nen kolmevuotias siperianhusky Mahti, <\/em><\/p>\n\n\n\n<p class=\"has-text-align-center\"><em>joka on omistajansa tavoin innoissaan uusista maisemista.<\/em><br><br><\/p>\n\n\n\n<p>Volvo CE:n Rovaniemen toimipisteell\u00e4 aloitti syyskuun alussa uusi konemyyj\u00e4, Virva Sipil\u00e4. Monille Virvan nimi on kuitenkin jo entuudestaan tuttu, sill\u00e4 h\u00e4n on ty\u00f6skennellyt useita vuosia raskaskoneiden parissa ja toiminut Volvo CE:ll\u00e4 vuokrausp\u00e4\u00e4llikk\u00f6n\u00e4 vuodesta 2023 alkaen. Nyt Virva tarttuu uuteen rooliinsa m\u00e4\u00e4r\u00e4tietoisesti \u2013 unelmaan, jota h\u00e4n on valmistellut jo pitk\u00e4\u00e4n.<\/p>\n\n\n\n<p><strong>Pitk\u00e4 tausta konealalta<\/strong><\/p>\n\n\n\n<p>Virvalla on monipuolinen kokemus konealan parista. H\u00e4n aloitti uransa rautakaupassa, jossa sai vastuulleen pilottihankkeen konevuokrauksesta. Teht\u00e4v\u00e4 vei mukanaan ja koko toiminta nousi uuteen kukoistukseen. Siit\u00e4 alkoi polku kohti konevuokrauksen maailmaa. My\u00f6hemmin Virva py\u00f6ritti konevuokraamoa Turun seudulla ja kartutti kokemusta my\u00f6s rakennusty\u00f6mailta \u2013 asiakkaan saappaissa.<\/p>\n\n\n\n<p>\u2013 Kokemukseni antaa minulle hyv\u00e4t l\u00e4ht\u00f6kohdat nykyiseen rooliin. Ymm\u00e4rr\u00e4n sek\u00e4 vuokrauksen ett\u00e4 omistamisen n\u00e4k\u00f6kulman. Jos asiakas ei ole viel\u00e4 valmis investoimaan, voidaan l\u00e4hte\u00e4 liikkeelle vuokrauksesta ja sitouttaa asiakas v\u00e4hitellen meid\u00e4n konemerkkiin. T\u00e4rkeint\u00e4 on aina l\u00f6yt\u00e4\u00e4 asiakkaalle oikea ratkaisu, Virva kertoo.<\/p>\n\n\n\n<p><strong>Unelma Lapista vei pohjoiseen<\/strong><\/p>\n\n\n\n<p>Kun Lapin alueen pitk\u00e4aikainen konemyyj\u00e4 j\u00e4i el\u00e4kkeelle, Virva n\u00e4ki tilaisuutensa toteuttaa pitk\u00e4aikaisen haaveensa.<\/p>\n\n\n\n<p>\u2013 Tein aikoinani viiden vuoden suunnitelman: kun lapset t\u00e4ytt\u00e4v\u00e4t 18, muutan Lappiin. Nyt t\u00e4ytin 40 \u2013 ja t\u00e4ss\u00e4 sit\u00e4 ollaan. Olen t\u00e4llainen etel\u00e4n vetel\u00e4, johon on Lapin hulluus iskenyt, Virva nauraa.<\/p>\n\n\n\n<p>Lapin luonnolla on h\u00e4nelle suuri merkitys. Virva on viett\u00e4nyt alueella paljon aikaa ja kokee, ett\u00e4 tuntureilla vaeltaminen nollaa ajatukset ja lataa akut t\u00e4ydellisesti.&nbsp;<\/p>\n\n\n\n<p>\u2013 Asiakaspalveluty\u00f6ss\u00e4 olet jatkuvasti ihmisten kanssa tekemisiss\u00e4. Hyv\u00e4\u00e4 vastapainoa sille on Lapin luonto \u2013 tunturissa kaikki ylim\u00e4\u00e4r\u00e4inen katoaa, ja keskittyy vain olennaiseen.<\/p>\n\n\n\n<p>Virvan mukana Rovaniemelle muutti my\u00f6s h\u00e4nen kolmevuotias siperianhusky Mahti, joka on omistajansa tavoin innoissaan uusista maisemista. \u2013 Mahti on elementiss\u00e4\u00e4n, kun se p\u00e4\u00e4see tunturiin, Virva hymyilee.<\/p>\n\n\n\n<p><strong>Asiakkaiden rinnalla menestyst\u00e4 rakentamassa<\/strong><\/p>\n\n\n\n<p>Virvaa kiehtoo Lapissa my\u00f6s asiakkaiden kiireett\u00f6myys ja aito kohtaaminen. \u2013 Lapissa on oma erityinen rytmins\u00e4. T\u00e4\u00e4ll\u00e4 on aikaa pys\u00e4hty\u00e4 ja jutella. Haluan rakentaa asiakassuhteet sill\u00e4 periaatteella, ett\u00e4 asiakkaan menestys on minulle aina t\u00e4rkein prioriteetti. Kun asiakas onnistuu, mekin onnistumme.<\/p>\n\n\n\n<p>\u2013 Olen aina ollut p\u00e4\u00e4m\u00e4\u00e4r\u00e4tietoinen ja muutto Lappiin oli pitk\u00e4aikainen haaveeni, joka vihdoin toteutui. Nyt haluan rohkaista muitakin: uskaltakaa unelmoida, Virva summaa muuttoaan hymyillen. <\/p>\n\n\n\r\n\r\n\r\n<div class=\"row padding-vertical-small\">\r\n    <div class=\"col-xs-12 col-md-12 padding-vertical-small news-border-left background-color-grey\">\r\n\r\n                   \r\n\t\t\t\t                    <p>Konekaupoilla pohjoisessa?<br \/>\nOta yhteytt\u00e4 Virvaan!<br \/>\nVirva Sipil\u00e4<br \/>\nKonemyyj\u00e4, Volvo CE Finland Rovaniemi<br \/>\npuh. 050 320 2956<br \/>\n<a href=\"mailto:virva.sipila@volvo.com\">virva.sipila@volvo.com<\/a><br \/>\n<a href=\"http:\/\/www.volvoce.com\" rel=\"noopener\" target=\"_blank\">www.volvoce.com<\/a><\/p>\n                  \r\n\t\t\t\t    <\/div><!--col-->              \r\n<\/div><!--row-->\r\n","protected":false},"excerpt":{"rendered":"<p>Virvan mukana Rovaniemelle muutti my\u00f6s h\u00e4nen kolmevuotias siperianhusky Mahti, joka on omistajansa tavoin innoissaan uusista maisemista. Volvo CE:n Rovaniemen toimipisteell\u00e4 aloitti syyskuun alussa uusi konemyyj\u00e4, Virva Sipil\u00e4. Monille Virvan nimi on kuitenkin jo entuudestaan tuttu, sill\u00e4 h\u00e4n on ty\u00f6skennellyt useita vuosia raskaskoneiden parissa ja toiminut Volvo CE:ll\u00e4 vuokrausp\u00e4\u00e4llikk\u00f6n\u00e4 vuodesta 2023 alkaen. Nyt Virva tarttuu uuteen [&hellip;]<\/p>\n","protected":false},"author":4,"featured_media":18800,"comment_status":"closed","ping_status":"open","sticky":false,"template":"","format":"standard","meta":{"_acf_changed":false,"footnotes":""},"categories":[1],"tags":[],"class_list":["post-18799","post","type-post","status-publish","format-standard","has-post-thumbnail","hentry","category-yleinen"],"acf":[],"aioseo_notices":[],"_links":{"self":[{"href":"https:\/\/europorssi.com\/fi\/wp-json\/wp\/v2\/posts\/18799","targetHints":{"allow":["GET"]}}],"collection":[{"href":"https:\/\/europorssi.com\/fi\/wp-json\/wp\/v2\/posts"}],"about":[{"href":"https:\/\/europorssi.com\/fi\/wp-json\/wp\/v2\/types\/post"}],"author":[{"embeddable":true,"href":"https:\/\/europorssi.com\/fi\/wp-json\/wp\/v2\/users\/4"}],"replies":[{"embeddable":true,"href":"https:\/\/europorssi.com\/fi\/wp-json\/wp\/v2\/comments?post=18799"}],"version-history":[{"count":4,"href":"https:\/\/europorssi.com\/fi\/wp-json\/wp\/v2\/posts\/18799\/revisions"}],"predecessor-version":[{"id":18804,"href":"https:\/\/europorssi.com\/fi\/wp-json\/wp\/v2\/posts\/18799\/revisions\/18804"}],"wp:featuredmedia":[{"embeddable":true,"href":"https:\/\/europorssi.com\/fi\/wp-json\/wp\/v2\/media\/18800"}],"wp:attachment":[{"href":"https:\/\/europorssi.com\/fi\/wp-json\/wp\/v2\/media?parent=18799"}],"wp:term":[{"taxonomy":"category","embeddable":true,"href":"https:\/\/europorssi.com\/fi\/wp-json\/wp\/v2\/categories?post=18799"},{"taxonomy":"post_tag","embeddable":true,"href":"https:\/\/europorssi.com\/fi\/wp-json\/wp\/v2\/tags?post=18799"}],"curies":[{"name":"wp","href":"https:\/\/api.w.org\/{rel}","templated":true}]}}