{"id":18822,"date":"2026-01-22T10:38:10","date_gmt":"2026-01-22T08:38:10","guid":{"rendered":"https:\/\/europorssi.com\/?p=18822"},"modified":"2026-01-27T13:08:03","modified_gmt":"2026-01-27T11:08:03","slug":"deutz-fahr-palaa-kartalle","status":"publish","type":"post","link":"https:\/\/europorssi.com\/fi\/deutz-fahr-palaa-kartalle\/","title":{"rendered":"Deutz-Fahr palaa kartalle"},"content":{"rendered":"\n<p><strong>Deutz-Fahrin virallinen maahantuoja Pohjoismaissa, MONI Worldwide, on solminut Suomessa uuden pitk\u00e4aikaisen yhteisty\u00f6sopimuksen suomalaisen Tracwest Oy\/Rentin kanssa. Yhteisty\u00f6 on t\u00e4rke\u00e4 askel eteenp\u00e4in Deutz-Fahrin aseman uudelleen vakiinnuttamisessa Suomen markkinoilla.<\/strong><\/p>\n\n\n\n<p>MONI Worldwide on tehnyt Deutz-Fahrin osalta uuden sopimuksen Suomen markkinoille Tracwest Oy:n kanssa. L\u00e4ht\u00f6laukauksena uudelle kumppanuudelle toimi kohtaaminen Koneagria-messuilla. Sopimus muodostaa vankan perustan Deutz-Fahrin vakiinnuttamiselle houkuttelevaksi traktoribr\u00e4ndiksi Suomessa.\u00a0<\/p>\n\n\n\n<p>Tracwest Oy, joka tunnetaan my\u00f6s nimell\u00e4 Rentti, on Juha Leivon ja Markus Lehtim\u00e4en omistama yritys, joka tunnetaan luotettavana yhteisty\u00f6kumppanina ja asiakaspalveluosaajana. Nelj\u00e4n toimipisteen ja vakiintuneen huoltoyhteisty\u00f6kumppaniverkoston ansiosta Tracwest Oy:ll\u00e4 on jatkossa vahva pohja hoitaa Deutz-Fahrin myynti\u00e4 ja huoltoa koko Suomen alueella. Tracwest Oy vuokraa my\u00f6s suurempia koneita ja traktoreita useille eri toimialoille. Yhti\u00f6st\u00e4 tulee MONI Worldwiden yksinoikeudellinen kumppani Suomessa.<\/p>\n\n\n<div class=\"wp-block-image\">\n<figure class=\"aligncenter size-full\"><img loading=\"lazy\" decoding=\"async\" width=\"1140\" height=\"697\" src=\"https:\/\/europorssi.com\/wp-content\/uploads\/2026\/01\/Deutz-Fahr-Allekirjoitus.jpg\" alt=\"\" class=\"wp-image-18824\" srcset=\"https:\/\/europorssi.com\/wp-content\/uploads\/2026\/01\/Deutz-Fahr-Allekirjoitus.jpg 1140w, https:\/\/europorssi.com\/wp-content\/uploads\/2026\/01\/Deutz-Fahr-Allekirjoitus-300x183.jpg 300w, https:\/\/europorssi.com\/wp-content\/uploads\/2026\/01\/Deutz-Fahr-Allekirjoitus-1024x626.jpg 1024w, https:\/\/europorssi.com\/wp-content\/uploads\/2026\/01\/Deutz-Fahr-Allekirjoitus-768x470.jpg 768w, https:\/\/europorssi.com\/wp-content\/uploads\/2026\/01\/Deutz-Fahr-Allekirjoitus-560x342.jpg 560w, https:\/\/europorssi.com\/wp-content\/uploads\/2026\/01\/Deutz-Fahr-Allekirjoitus-180x110.jpg 180w\" sizes=\"auto, (max-width: 1140px) 100vw, 1140px\" \/><figcaption class=\"wp-element-caption\"><em>Tracwest Oy\/Rentin omistajat Markus Lehtim\u00e4ki, Juha Leivo ja MONI Worldwiden toimitusjohtajaa Henrik Hansen sopimuksen allekirjoitustilaisuudessa.\u00a0 Nelj\u00e4n toimipisteen ja vakiintuneen huoltoyhteisty\u00f6kumppaniverkoston ansiosta Tracwest Oy:ll\u00e4 on jatkossa vahva pohja hoitaa Deutz-Fahrin myynti\u00e4 ja huoltoa koko Suomen alueella. Tracwest Oy vuokraa my\u00f6s suurempia koneita ja traktoreita useille eri toimialoille. Yhti\u00f6st\u00e4 tulee MONI Worldwiden yksinoikeudellinen kumppani Suomessa.<\/em><br><br><\/figcaption><\/figure>\n<\/div>\n\n\n<p><strong>Deutz-Fahr takaisin kartalle<\/strong><\/p>\n\n\n\n<p>Useiden haastavien vuosien j\u00e4lkeen Suomessa Deutz-Fahrilla on selke\u00e4 tavoite. Br\u00e4ndin on j\u00e4lleen oltava vahva ja kilpailukykyinen valinta suomalaisille asiakkaille. Tuoreiden kumppaneiden v\u00e4linen yhteisty\u00f6 perustuu paitsi yhteisiin arvoihin ja keskin\u00e4iseen luottamukseen, my\u00f6s vahvaan haluun onnistua t\u00e4m\u00e4n tavoitteen saavuttamisessa.<\/p>\n\n\n\n<p>Vastavuoroiset vierailut ja tapaamiset ovat auttaneet yhten\u00e4ist\u00e4m\u00e4\u00e4n kumppanuuden tuomia odotuksia, mahdollisuuksia ja tulevaa strategiaa, josta ollaan nyt yksimielisi\u00e4. T\u00e4m\u00e4 ilahduttaa MONI Worldwiden toimitusjohtajaa Henrik Hansenia. \u2013 Olemme tehneet m\u00e4\u00e4r\u00e4tietoisesti ty\u00f6t\u00e4 uusien partnereiden l\u00f6yt\u00e4miseksi Suomessa, ja osallistuminen Koneagria-messuille muodostui merkitt\u00e4v\u00e4ksi k\u00e4\u00e4nnekohdaksi. K\u00e4vin keskusteluja Juhan ja Markuksen kanssa, ja useiden rakentavien keskustelujen ja hedelm\u00e4llisten vierailujen j\u00e4lkeen yhteisty\u00f6 on todellisuutta, Hansen kertoo.&nbsp;<\/p>\n\n\n\n<p>My\u00f6s Tracwest Oy:ss\u00e4 ollaan tyytyv\u00e4isi\u00e4 yksinoikeudelliseen kumppanuuteen MONI Worldwiden kanssa. Deutz-Fahrissa n\u00e4hd\u00e4\u00e4n merkitt\u00e4v\u00e4\u00e4 potentiaalia Suomessa.&nbsp;<\/p>\n\n\n\n<p>\u2013 K\u00e4ymme jatkuvasti l\u00e4pi uusia tuotemahdollisuuksia liiketoimintamme laajentamiseksi. Olemme etsineet uutta traktoria, joka sopisi hyvin markkinoillemme. Saksalaiset tuotteet miellet\u00e4\u00e4n Suomessa laadun mittariksi, joten n\u00e4emme Deutz-Fahrissa suurta potentiaalia, sanoo Tracwest Oy:n toinen omistaja Markus Lehtim\u00e4ki.<\/p>\n\n\n\n<p><strong>Kokemusta, l\u00e4pin\u00e4kyvyytt\u00e4 ja houkuttelevaa hinnoittelua<\/strong><\/p>\n\n\n\n<p>MONI Worldwidella on vahva kokemus uusien markkinoiden rakentamisesta ja kehitt\u00e4misest\u00e4. Esimerkkin\u00e4 t\u00e4st\u00e4 on hyvin toimivaksi todettu malli l\u00e4pin\u00e4kyv\u00e4\u00e4n ja kilpailukykyiseen hinnoitteluun.<\/p>\n\n\n\n<p>Malli on keskeinen tekij\u00e4 Deutz-Fahrin aseman uudelleen rakentamisessa Suomessa, jossa kilpailu on tunnetusti kovaa.<\/p>\n\n\n\n<p>Molemmat osapuolet tiedostavat, ett\u00e4 vahvan br\u00e4ndin sek\u00e4 toimivan myynti- ja huoltoverkoston rakentaminen vaatii aikaa ja k\u00e4rsiv\u00e4llisyytt\u00e4. Tavoite on kuitenkin selv\u00e4: tarjota asiakkaille parempi kokemus Deutz-Fahrista. \u2013 Ymm\u00e4rr\u00e4mme, ettei Deutz-Fahrin aseman rakentaminen haastavilla markkinoilla ole nopeaa. Olemme kuitenkin t\u00e4ysin sitoutuneita panostamaan aikaa ja ty\u00f6t\u00e4 pitk\u00e4j\u00e4nteisen menestyksen luomiseksi Suomessa, Henrik Hansen toteaa.<\/p>\n\n\n\n<p>Tracwest Oy jakaa saman n\u00e4kemyksen. \u2013 Uskomme vahvasti l\u00e4pin\u00e4kyv\u00e4n ja kilpailukykyisen hinnoittelun strategiaan. Meill\u00e4 on jo laaja verkosto, joka pystyy hoitamaan myynnin ja huollon. Siksi uskomme Deutz-Fahrin uuteen nousuun Suomessa, Markus Lehtim\u00e4ki p\u00e4\u00e4tt\u00e4\u00e4. <br><\/p>\n\n\n\r\n\r\n\r\n<div class=\"row padding-vertical-small\">\r\n    <div class=\"col-xs-12 col-md-12 padding-vertical-small news-border-left background-color-grey\">\r\n\r\n                   \r\n\t\t\t\t                    <p>Tracwest Oy\/Rentti<br \/>\nJuha Leivo<br \/>\npuh. 050 3799 992<br \/>\n<a href=\"mailto:juha.leivo@rentti.com\">juha.leivo@rentti.com<\/a><\/p>\n<p>Markus Lehtim\u00e4ki<br \/>\npuh.  050 4477 818<br \/>\n<a href=\"mailto:markus.lehtimaki@rentti.com\">markus.lehtimaki@rentti.com<\/a><\/p>\n<p><a href=\"http:\/\/www.rentti.com\" rel=\"noopener\" target=\"_blank\">www.rentti.com<\/a><\/p>\n                  \r\n\t\t\t\t    <\/div><!--col-->              \r\n<\/div><!--row-->\r\n","protected":false},"excerpt":{"rendered":"<p>Deutz-Fahrin virallinen maahantuoja Pohjoismaissa, MONI Worldwide, on solminut Suomessa uuden pitk\u00e4aikaisen yhteisty\u00f6sopimuksen suomalaisen Tracwest Oy\/Rentin kanssa. Yhteisty\u00f6 on t\u00e4rke\u00e4 askel eteenp\u00e4in Deutz-Fahrin aseman uudelleen vakiinnuttamisessa Suomen markkinoilla. MONI Worldwide on tehnyt Deutz-Fahrin osalta uuden sopimuksen Suomen markkinoille Tracwest Oy:n kanssa. L\u00e4ht\u00f6laukauksena uudelle kumppanuudelle toimi kohtaaminen Koneagria-messuilla. Sopimus muodostaa vankan perustan Deutz-Fahrin vakiinnuttamiselle houkuttelevaksi traktoribr\u00e4ndiksi Suomessa.\u00a0 [&hellip;]<\/p>\n","protected":false},"author":4,"featured_media":18823,"comment_status":"closed","ping_status":"open","sticky":false,"template":"","format":"standard","meta":{"_acf_changed":false,"footnotes":""},"categories":[1],"tags":[],"class_list":["post-18822","post","type-post","status-publish","format-standard","has-post-thumbnail","hentry","category-yleinen"],"acf":[],"aioseo_notices":[],"_links":{"self":[{"href":"https:\/\/europorssi.com\/fi\/wp-json\/wp\/v2\/posts\/18822","targetHints":{"allow":["GET"]}}],"collection":[{"href":"https:\/\/europorssi.com\/fi\/wp-json\/wp\/v2\/posts"}],"about":[{"href":"https:\/\/europorssi.com\/fi\/wp-json\/wp\/v2\/types\/post"}],"author":[{"embeddable":true,"href":"https:\/\/europorssi.com\/fi\/wp-json\/wp\/v2\/users\/4"}],"replies":[{"embeddable":true,"href":"https:\/\/europorssi.com\/fi\/wp-json\/wp\/v2\/comments?post=18822"}],"version-history":[{"count":1,"href":"https:\/\/europorssi.com\/fi\/wp-json\/wp\/v2\/posts\/18822\/revisions"}],"predecessor-version":[{"id":18825,"href":"https:\/\/europorssi.com\/fi\/wp-json\/wp\/v2\/posts\/18822\/revisions\/18825"}],"wp:featuredmedia":[{"embeddable":true,"href":"https:\/\/europorssi.com\/fi\/wp-json\/wp\/v2\/media\/18823"}],"wp:attachment":[{"href":"https:\/\/europorssi.com\/fi\/wp-json\/wp\/v2\/media?parent=18822"}],"wp:term":[{"taxonomy":"category","embeddable":true,"href":"https:\/\/europorssi.com\/fi\/wp-json\/wp\/v2\/categories?post=18822"},{"taxonomy":"post_tag","embeddable":true,"href":"https:\/\/europorssi.com\/fi\/wp-json\/wp\/v2\/tags?post=18822"}],"curies":[{"name":"wp","href":"https:\/\/api.w.org\/{rel}","templated":true}]}}