{"id":6667,"date":"2017-10-12T21:25:10","date_gmt":"2017-10-12T18:25:10","guid":{"rendered":"https:\/\/europorssi.com\/op-jasto-oylle-14-asentajaa\/"},"modified":"2017-10-12T21:25:10","modified_gmt":"2017-10-12T18:25:10","slug":"op-jasto-oylle-14-asentajaa","status":"publish","type":"post","link":"https:\/\/europorssi.com\/fi\/op-jasto-oylle-14-asentajaa\/","title":{"rendered":"OP jasto Oy:lle 14 asentajaa"},"content":{"rendered":"<div id='gallery-1' class='gallery galleryid-6667 gallery-columns-3 gallery-size-large'><figure class='gallery-item'>\n\t\t\t<div class='gallery-icon landscape'>\n\t\t\t\t<a href='https:\/\/europorssi.com\/wp-content\/uploads\/2021\/01\/1958.jpg'><img loading=\"lazy\" decoding=\"async\" width=\"800\" height=\"600\" src=\"https:\/\/europorssi.com\/wp-content\/uploads\/2021\/01\/1958.jpg\" class=\"attachment-large size-large\" alt=\"\" srcset=\"https:\/\/europorssi.com\/wp-content\/uploads\/2021\/01\/1958.jpg 800w, https:\/\/europorssi.com\/wp-content\/uploads\/2021\/01\/1958-300x225.jpg 300w, https:\/\/europorssi.com\/wp-content\/uploads\/2021\/01\/1958-768x576.jpg 768w, https:\/\/europorssi.com\/wp-content\/uploads\/2021\/01\/1958-560x420.jpg 560w, https:\/\/europorssi.com\/wp-content\/uploads\/2021\/01\/1958-147x110.jpg 147w\" sizes=\"auto, (max-width: 800px) 100vw, 800px\" \/><\/a>\n\t\t\t<\/div><\/figure>\n\t\t<\/div>\n\n<div class=\"teksti\">\n<p>OP gruppen, Olofsson-Persson AB osti 25.9.2017 tehdyll\u00e4 kaupalla Tuusulassa sijaitsevan Vantaan Kone ja Laite Oy:n.<\/p>\n<p>Yrityskaupan my\u00f6t\u00e4 OP gruppenin suomalaisen tyt\u00e4ryhti\u00f6n, OP jasto Oy:n,  j\u00e4lkimarkkinoinnin kyky palvella asiakkaitaan paranee merkitt\u00e4v\u00e4sti. Koko Vantaan Kone ja Laitteen nykyinen henkil\u00f6kunta jatkaa vanhoina ty\u00f6ntekij\u00f6in\u00e4.<\/p>\n<p>OP jasto Oy:n j\u00e4lkimarkkinointipalvelut, kuten varaosakeskus, tekninen tuki, uusien koneiden varustelu ja korjaamotoiminta keskittyv\u00e4t jatkossa Tuusulaan. My\u00f6s konemyynti saa toimisto- ja esittelytilan Tuusulan toimipisteest\u00e4.<\/p>\n<p>Vantaan Kone ja Laite Oy:n nykyinen omistaja Jouni Puttonen jatkaa ty\u00f6ntekij\u00e4n\u00e4 uuden ty\u00f6nantajan palveluksessa. Yrityskauppa on Jounille p\u00e4\u00e4tepiste 17 vuotta jatkuneelle yritt\u00e4j\u00e4uralle voimakkaasti kasvaneen yrityksen omistajana. Tunnelmat ovat yht\u00e4 aikaa haikeat, mutta my\u00f6s helpottuneet, kun uuden omistajan resurssit takaavat nykyisille ty\u00f6ntekij\u00f6ille paljon t\u00f6it\u00e4 ja hyv\u00e4t kasvun\u00e4kym\u00e4t.  Jouni on my\u00f6s tyytyv\u00e4inen uuden omistajan my\u00f6t\u00e4 asentajille tarjoutuviin mahdollisuuksiin kehitt\u00e4\u00e4 ammattitaitoaan OP jasto Oy:n edustamien tuotemerkkien tehdaskoulutuksissa.<\/p>\n<p>OP gruppenin p\u00e4\u00e4omistaja, Mats Olofsson kertoo toimivan j\u00e4lkimarkkinoinnin olevan ainoa kivijalka, jolle kannattavan liiketoiminnan konekaupassa voi rakentaa. Mats on ollut eritt\u00e4in vaikuttunut Vantaan Kone ja Laite Oy:n asentajien monipuolisesta ammattitaidosta ja ty\u00f6motivaatiosta. H\u00e4n on kiitollinen Jounin kovalla ty\u00f6ll\u00e4 rakentaman hyvin toimivan korjaamon saamisesta palvelemaan OP jaston tuotemerkkien j\u00e4lkimarkkinointia.<\/p>\n<\/p>\n<p>Lokakuun alussa yrityksen palveluksessa aloittaa konemyyj\u00e4n\u00e4 Tero Auresto. Tero asuu Jyv\u00e4skyl\u00e4n alueella ja ottaa haltuunsa Keski-Suomesta my\u00f6hemmin tarkemmin m\u00e4\u00e4ritelt\u00e4v\u00e4n myyntialueen. Tero on aiemmin myynyt hyv\u00e4ll\u00e4 menestyksell\u00e4 Kobelco ja Kubota-tuotteita.<\/p>\n<p>Ruotsalaisella Olofsson-Persson AB on noin 35 vuotta toiminut konekaupassa, p\u00e4\u00e4asiassa erilaisten kierr\u00e4tys- ja materiaalink\u00e4sittelykoneiden parissa Ruotsissa, Norjassa, Tanskassa ja viimeiset kolme vuotta my\u00f6s Suomessa. Tuotemerkkein\u00e4 mm. Doppstadt, Sennebogen, Rubblemaster ja Suomessa nyt my\u00f6s Magni-kurottajat ja MTB-ty\u00f6laitteet. Yrityksess\u00e4 on yli 200 ty\u00f6ntekij\u00e4\u00e4 ja liikevaihto reilut 600 MSEK\/60M\u20ac.<\/p>\n<\/p>\n<p>INFO<\/p>\n<p>www.jasto.fi<\/p>\n<\/div>\n<p><\/p>\n","protected":false},"excerpt":{"rendered":"<p>OP gruppen, Olofsson-Persson AB osti 25.9.2017 tehdyll\u00e4 kaupalla Tuusulassa sijaitsevan Vantaan Kone ja Laite Oy:n. Yrityskaupan my\u00f6t\u00e4 OP gruppenin suomalaisen tyt\u00e4ryhti\u00f6n, OP jasto Oy:n, j\u00e4lkimarkkinoinnin kyky palvella asiakkaitaan paranee merkitt\u00e4v\u00e4sti. Koko Vantaan Kone ja Laitteen nykyinen henkil\u00f6kunta jatkaa vanhoina ty\u00f6ntekij\u00f6in\u00e4. OP jasto Oy:n j\u00e4lkimarkkinointipalvelut, kuten varaosakeskus, tekninen tuki, uusien koneiden varustelu ja korjaamotoiminta keskittyv\u00e4t jatkossa [&hellip;]<\/p>\n","protected":false},"author":1,"featured_media":6669,"comment_status":"open","ping_status":"open","sticky":false,"template":"","format":"standard","meta":{"_acf_changed":false,"footnotes":""},"categories":[9],"tags":[],"class_list":["post-6667","post","type-post","status-publish","format-standard","has-post-thumbnail","hentry","category-uutiset"],"acf":[],"aioseo_notices":[],"_links":{"self":[{"href":"https:\/\/europorssi.com\/fi\/wp-json\/wp\/v2\/posts\/6667","targetHints":{"allow":["GET"]}}],"collection":[{"href":"https:\/\/europorssi.com\/fi\/wp-json\/wp\/v2\/posts"}],"about":[{"href":"https:\/\/europorssi.com\/fi\/wp-json\/wp\/v2\/types\/post"}],"author":[{"embeddable":true,"href":"https:\/\/europorssi.com\/fi\/wp-json\/wp\/v2\/users\/1"}],"replies":[{"embeddable":true,"href":"https:\/\/europorssi.com\/fi\/wp-json\/wp\/v2\/comments?post=6667"}],"version-history":[{"count":0,"href":"https:\/\/europorssi.com\/fi\/wp-json\/wp\/v2\/posts\/6667\/revisions"}],"wp:featuredmedia":[{"embeddable":true,"href":"https:\/\/europorssi.com\/fi\/wp-json\/wp\/v2\/media\/6669"}],"wp:attachment":[{"href":"https:\/\/europorssi.com\/fi\/wp-json\/wp\/v2\/media?parent=6667"}],"wp:term":[{"taxonomy":"category","embeddable":true,"href":"https:\/\/europorssi.com\/fi\/wp-json\/wp\/v2\/categories?post=6667"},{"taxonomy":"post_tag","embeddable":true,"href":"https:\/\/europorssi.com\/fi\/wp-json\/wp\/v2\/tags?post=6667"}],"curies":[{"name":"wp","href":"https:\/\/api.w.org\/{rel}","templated":true}]}}