{"id":7408,"date":"2019-03-04T22:34:57","date_gmt":"2019-03-04T20:34:57","guid":{"rendered":"https:\/\/europorssi.com\/liikenneareena-kuljetus-logistiikka-2019-messuilla-houkuttelee-auto-ja-kuljetusaloille\/"},"modified":"2019-03-04T22:34:57","modified_gmt":"2019-03-04T20:34:57","slug":"liikenneareena-kuljetus-logistiikka-2019-messuilla-houkuttelee-auto-ja-kuljetusaloille","status":"publish","type":"post","link":"https:\/\/europorssi.com\/fi\/liikenneareena-kuljetus-logistiikka-2019-messuilla-houkuttelee-auto-ja-kuljetusaloille\/","title":{"rendered":"Liikenneareena Kuljetus-Logistiikka 2019 -messuilla houkuttelee auto- ja kuljetusaloille"},"content":{"rendered":"\n<p class=\"lead\">Auto- ja kuljetusalat tarjoavat runsaat 7 000 uutta ty\u00f6paikkaa joka vuosi. Ammattien ja ty\u00f6teht\u00e4vien kirjo on aloilla laaja kuljettajasta ja mekaanikosta aina logistiikan ja liiketoiminnan johtoteht\u00e4viin asti. Liikenneareena Kuljetus-Logistiikka 2019 -messuilla 9. \u2013 11.5.2019 Messukeskuksessa Helsingiss\u00e4 esittelee nyt ensimm\u00e4ist\u00e4 kertaa laajasti auto- ja kuljetusalojen ammatteja ja koulutusta.<\/p>\n<div class=\"teksti\">\nMoni tunnistaa ammattinimikkein\u00e4 kuljettajan ja mekaanikon, mutta monelle on ep\u00e4selv\u00e4\u00e4, mit\u00e4 n\u00e4m\u00e4 ty\u00f6teht\u00e4v\u00e4t oikeasti sis\u00e4lt\u00e4v\u00e4t.  Liikenneareenan tavoitteena on saada nuoret ja erilaisissa ammateissa ty\u00f6skentelev\u00e4t kiinnostumaan n\u00e4ist\u00e4 toimialoista ja houkutella n\u00e4in alalle uusia ty\u00f6ntekij\u00f6it\u00e4. Liikenneareena tarjoaa tietoa my\u00f6s aloilla jo ty\u00f6skenteleville siit\u00e4, miten he voivat kouluttautua ja vaihtaa teht\u00e4vi\u00e4 alan sis\u00e4ll\u00e4.<\/p>\n<p>\u201dAuto- ja kuljetusaloilla on ollut vuosien varrella useita omia imago-, koulutus- ja ty\u00f6voimahankkeita. Nyt ensimm\u00e4ist\u00e4 kertaa alojen toimijat ovat p\u00e4\u00e4tt\u00e4neet yhdist\u00e4\u00e4 voimansa ja esitell\u00e4 koko auto- ja kuljetusklusteria, sen tarjoamia ty\u00f6- ja uramahdollisuuksia sek\u00e4 koulutuspolkuja\u201d, kertoo toimitusjohtaja Mari Vasarainen Autoliikenteen Ty\u00f6nantajaliitto ry:st\u00e4. \u201d Ty\u00f6voiman koulutus ja saanti on kyseisten alojen yhteiskunnallisen merkitt\u00e4vyyden vuoksi my\u00f6s Suomen huoltovarmuustekij\u00e4. Molemmilla aloilla ty\u00f6voiman tarve on viime vuosina kasvanut voimakkaasti ja Keski-Euroopassa tavarakuljetuksia on j\u00e4\u00e4nyt jo hoitamatta kuljetusalan ty\u00f6voimapulan vuoksi. Suomessa viime vuoden alussa toteutettu ammatillisen koulutuksen reformi on aikaansaanut my\u00f6s omia haasteitaan.\u201d<\/p>\n<h3>Auto- ja kuljetusaloista on moneksi<\/h3>\n<p>Liikenneareenassa p\u00e4\u00e4see tutustumaan auto- ja kuljetusalojen moninaisiin ty\u00f6teht\u00e4viin, urapolkuihin ja koulutukseen suoraan alan ammattilaisten kertomana. Ty\u00f6teht\u00e4vi\u00e4 p\u00e4\u00e4see my\u00f6s itse kokeilemaan simulaattoreiden ja VR-sovellusten avulla.<\/p>\n<p>Mukana Liikenneareenassa ovat Autoalan Keskusliitto, Autoliikenteen Ty\u00f6nantajaliitto, Auto- ja Kuljetusalan Ty\u00f6ntekij\u00e4liitto AKT,  Autotuojat ja -teollisuus, Helsingin Bussiliikenne, Helsingin seudun liikenne HSL,  Kaukokiito, Kiitosimeon, Korsisaari, Logistiikkayritysten liitto, Nobina, Pohjolan Liikenne, Puolustusvoimat, Scania, Suomen Kuljetus ja Logistiikka SKAL, TTS Ty\u00f6tehoseura, Urbaser, Veho ja Volvo Finland.<\/p>\n<p>Messukeskus j\u00e4rjest\u00e4\u00e4 Kuljetus-Logistiikka 2019 -messut 9. \u2013 11.5.2019 Messukeskuksessa Helsingiss\u00e4 yhteisty\u00f6ss\u00e4 Suomen Osto- ja Logistiikkayhdistys LOGY ry:n, Suomen Kuljetus ja Logistiikka SKAL ry:n, Autotuojat ja -teollisuus ry:n  ja Teknologiateollisuus per\u00e4vaunut ja p\u00e4\u00e4llirakenteet toimialaryhm\u00e4n kanssa. Tapahtuma on avoinna torstaina ja perjantaina 9. \u2013 10.5. klo 10-18 ja lauantaina 11.5. klo 9-16. Messuille voi rekister\u00f6ity\u00e4 k\u00e4vij\u00e4ksi veloituksetta tapahtuman verkkosivuilla: www.kuljetuslogistiikka.fi<\/p>\n<p>#kuljetuslogistiikka2019<\/p>\n<\/div>\n<p>\u00a0<\/p>\n<div class=\"infobox\"><strong>Lis\u00e4tiedot<\/strong><\/p>\n<p><a href=\"http:\/\/www.autoala.fi\/\">www.autoala.fi<\/a><br \/>\n<a href=\"http:\/\/www.kuljetusala.com\/\">www.kuljetusala.com<\/a><\/p>\n<\/div>\n","protected":false},"excerpt":{"rendered":"<p>Auto- ja kuljetusalat tarjoavat runsaat 7 000 uutta ty\u00f6paikkaa joka vuosi. Ammattien ja ty\u00f6teht\u00e4vien kirjo on aloilla laaja kuljettajasta ja mekaanikosta aina logistiikan ja liiketoiminnan johtoteht\u00e4viin asti. Liikenneareena Kuljetus-Logistiikka 2019 -messuilla 9. \u2013 11.5.2019 Messukeskuksessa Helsingiss\u00e4 esittelee nyt ensimm\u00e4ist\u00e4 kertaa laajasti auto- ja kuljetusalojen ammatteja ja koulutusta.<\/p>\n","protected":false},"author":1,"featured_media":0,"comment_status":"open","ping_status":"open","sticky":false,"template":"","format":"standard","meta":{"_acf_changed":false,"footnotes":""},"categories":[9],"tags":[],"class_list":["post-7408","post","type-post","status-publish","format-standard","hentry","category-uutiset"],"acf":[],"aioseo_notices":[],"_links":{"self":[{"href":"https:\/\/europorssi.com\/fi\/wp-json\/wp\/v2\/posts\/7408","targetHints":{"allow":["GET"]}}],"collection":[{"href":"https:\/\/europorssi.com\/fi\/wp-json\/wp\/v2\/posts"}],"about":[{"href":"https:\/\/europorssi.com\/fi\/wp-json\/wp\/v2\/types\/post"}],"author":[{"embeddable":true,"href":"https:\/\/europorssi.com\/fi\/wp-json\/wp\/v2\/users\/1"}],"replies":[{"embeddable":true,"href":"https:\/\/europorssi.com\/fi\/wp-json\/wp\/v2\/comments?post=7408"}],"version-history":[{"count":0,"href":"https:\/\/europorssi.com\/fi\/wp-json\/wp\/v2\/posts\/7408\/revisions"}],"wp:attachment":[{"href":"https:\/\/europorssi.com\/fi\/wp-json\/wp\/v2\/media?parent=7408"}],"wp:term":[{"taxonomy":"category","embeddable":true,"href":"https:\/\/europorssi.com\/fi\/wp-json\/wp\/v2\/categories?post=7408"},{"taxonomy":"post_tag","embeddable":true,"href":"https:\/\/europorssi.com\/fi\/wp-json\/wp\/v2\/tags?post=7408"}],"curies":[{"name":"wp","href":"https:\/\/api.w.org\/{rel}","templated":true}]}}