{"id":7700,"date":"2019-09-11T21:38:38","date_gmt":"2019-09-11T18:38:38","guid":{"rendered":"https:\/\/europorssi.com\/laurinaho-teki-historiansa-suurimmat-messukaupat-power-truck-showssa\/"},"modified":"2019-09-11T21:38:38","modified_gmt":"2019-09-11T18:38:38","slug":"laurinaho-teki-historiansa-suurimmat-messukaupat-power-truck-showssa","status":"publish","type":"post","link":"https:\/\/europorssi.com\/fi\/laurinaho-teki-historiansa-suurimmat-messukaupat-power-truck-showssa\/","title":{"rendered":"Laurinaho teki historiansa suurimmat messukaupat Power Truck Show:ssa"},"content":{"rendered":"\n<p class=\"lead\">Vahvasti toimintansa kehitt\u00e4miseen panostanut raskaankaluston p\u00e4\u00e4llirakentaja ja per\u00e4vaunuvalmistaja Laurinaho-Yhti\u00f6t sai isoille panostuksilleen vastinetta elokuussa Power Truck Show -tapahtumassa, jossa yhti\u00f6 k\u00e4tteli historiansa suurimmat messukaupat.<\/p>\n<div class=\"teksti\">\n-Hienon toisen messup\u00e4iv\u00e4n p\u00e4\u00e4tteeksi k\u00e4ttelimme kahden 5-akselisen per\u00e4vaunun kaupat Tivico Oy:n Anssi Haapaniemen kanssa. Kauppa oli samalla suurin Laurinaho-Yhti\u00f6iden kauppa messuilla koko historiassamme. Kiitos Anssille luottamuksesta, iloitsee toimitusjohtaja Tommi Laurinaho.<\/p>\n<p>Eik\u00e4 messujen hieno anti j\u00e4\u00e4nyt t\u00e4h\u00e4n, vaan kaupanteko jatkui my\u00f6s lauantaina H\u00e4rm\u00e4ss\u00e4. \u2013 ON Kuljetus Olavi Nenonen Oy:n kanssa ly\u00f6tiin k\u00e4tt\u00e4 p\u00e4\u00e4lle 5-akselisesta vaihtolavavaunusta. Kiitos my\u00f6s Olaville luottamuksesta, jatkaa Laurinaho.<\/p>\n<p>Messujen my\u00f6t\u00e4 saatiin myyty\u00e4 my\u00f6s sorakasettiyhdistelm\u00e4 Kone-K\u00e4kel\u00e4t Oy:lle Kuusamoon.<\/p>\n<h3>Uusi visuaalinen ilme otettu hyvin vastaan<\/h3>\n<p>Yhten\u00e4 kehityshankkeenaan Laurinaho-Yhti\u00f6t Oy uusi visuaalisen ilmeens\u00e4 viime kev\u00e4\u00e4n\u00e4. Yrityksen valmistamat tuotteet tunnetaan t\u00e4t\u00e4 nyky\u00e4 kirjainyhdistelm\u00e4st\u00e4 LCT \u2013 Laurinaho Custom Trailers.<\/p>\n<p>LCT-logossa olevat kaksi punaista py\u00f6re\u00e4\u00e4 palloa, \u201dpy\u00f6r\u00e4t\u201d, kuvastavat yrityksen toimialaa kuljetussektorilla sek\u00e4 visiota olla Suomen monipuolisin raskaan kaluston valmistaja per\u00e4vaunuissa, p\u00e4\u00e4llirakenteissa, lavoissa sek\u00e4 lis\u00e4tarvikkeissa. \u2013 LCT on tae suomalaisesta Laurinaho-Yhti\u00f6iden valmistamasta tuotteesta ja logo on otettu markkinoilla hyvin vastaan. Uusi logo tukee my\u00f6s kansainv\u00e4listymist\u00e4mme. Kansainv\u00e4listymishankkeemme tuloksena olemme esimerkiksi Ruotsiin toimittaneet uusien autojen alustojen p\u00e4\u00e4llerakennettuina useita kippaavia kasettiyhdistelmi\u00e4 sek\u00e4 nosturiautoja, kertoo Laurinaho.<\/p>\n<p>Uusi logo koristaa Laurinahon valmistamia uusia tuotteita, mutta yritys jatkaa nykyisell\u00e4 linjallaan kuljetussektorin kokonaisvaltaisena partnerina my\u00f6s mm. uusien ja k\u00e4ytettyjen nostureiden ja muiden lis\u00e4laitteiden myyj\u00e4n\u00e4 ja asentajana sek\u00e4 monimuotoisena korjaus- ja modernisointipalveluiden tuottajana.<\/p>\n<p>\u2013 Pyrimme jatkossa yh\u00e4 enemm\u00e4n tuotteistamaan prosessejamme, mink\u00e4 ansiosta pystymme tarjoamaan vakiotuotteita ja niiden ymp\u00e4rille modularisoimalla my\u00f6s r\u00e4\u00e4t\u00e4l\u00f6ityj\u00e4 tuotteita entist\u00e4 kustannustehokkaammin ja nopeammalla vasteajalla, sanoo Laurinaho.<\/p>\n<\/div>\n<p>\u00a0<\/p>\n<div class=\"infobox\"><strong>Lis\u00e4tiedot<\/strong><br \/>\nLaurinaho-Yhti\u00f6t Oy toimitusjohtaja Tommi Laurinaho puh. 050 345 1287<br \/>\n<a href=\"https:\/\/www.lct.fi\/\">www.lct.fi<\/a><\/p>\n<\/div>\n","protected":false},"excerpt":{"rendered":"<p>Vahvasti toimintansa kehitt\u00e4miseen panostanut raskaankaluston p\u00e4\u00e4llirakentaja ja per\u00e4vaunuvalmistaja Laurinaho-Yhti\u00f6t sai isoille panostuksilleen vastinetta elokuussa Power Truck Show -tapahtumassa, jossa yhti\u00f6 k\u00e4tteli historiansa suurimmat messukaupat.<\/p>\n","protected":false},"author":1,"featured_media":0,"comment_status":"open","ping_status":"open","sticky":false,"template":"","format":"standard","meta":{"_acf_changed":false,"footnotes":""},"categories":[9],"tags":[],"class_list":["post-7700","post","type-post","status-publish","format-standard","hentry","category-uutiset"],"acf":[],"aioseo_notices":[],"_links":{"self":[{"href":"https:\/\/europorssi.com\/fi\/wp-json\/wp\/v2\/posts\/7700","targetHints":{"allow":["GET"]}}],"collection":[{"href":"https:\/\/europorssi.com\/fi\/wp-json\/wp\/v2\/posts"}],"about":[{"href":"https:\/\/europorssi.com\/fi\/wp-json\/wp\/v2\/types\/post"}],"author":[{"embeddable":true,"href":"https:\/\/europorssi.com\/fi\/wp-json\/wp\/v2\/users\/1"}],"replies":[{"embeddable":true,"href":"https:\/\/europorssi.com\/fi\/wp-json\/wp\/v2\/comments?post=7700"}],"version-history":[{"count":0,"href":"https:\/\/europorssi.com\/fi\/wp-json\/wp\/v2\/posts\/7700\/revisions"}],"wp:attachment":[{"href":"https:\/\/europorssi.com\/fi\/wp-json\/wp\/v2\/media?parent=7700"}],"wp:term":[{"taxonomy":"category","embeddable":true,"href":"https:\/\/europorssi.com\/fi\/wp-json\/wp\/v2\/categories?post=7700"},{"taxonomy":"post_tag","embeddable":true,"href":"https:\/\/europorssi.com\/fi\/wp-json\/wp\/v2\/tags?post=7700"}],"curies":[{"name":"wp","href":"https:\/\/api.w.org\/{rel}","templated":true}]}}