{"id":8395,"date":"2020-11-04T22:46:55","date_gmt":"2020-11-04T20:46:55","guid":{"rendered":"https:\/\/europorssi.com\/niemi-korpi-on-myos-iveco-alkuperais-varaosien-valtuutettu-myyja\/"},"modified":"2020-11-04T22:46:55","modified_gmt":"2020-11-04T20:46:55","slug":"niemi-korpi-on-myos-iveco-alkuperais-varaosien-valtuutettu-myyja","status":"publish","type":"post","link":"https:\/\/europorssi.com\/fi\/niemi-korpi-on-myos-iveco-alkuperais-varaosien-valtuutettu-myyja\/","title":{"rendered":"Niemi-Korpi on my\u00f6s Iveco-alkuper\u00e4is-varaosien valtuutettu myyj\u00e4"},"content":{"rendered":"\n<p class=\"lead\">Niemi-Korpi on kasvanut l\u00e4hivuosina voimakkaasti ja on tunnettu sek\u00e4 k\u00e4ytetyn raskaankaluston kauppiaana ett\u00e4 vuositasolla yli sadan uuden Ivecon myyj\u00e4n\u00e4. N\u00e4iden lis\u00e4ksi yritys toimii my\u00f6s alkuper\u00e4isten Iveco-varaosien edustajana Suomessa.<\/p>\n<div class=\"teksti\">\nToimitusjohtaja Miika Niemi-Korpi kertoo, ett\u00e4 vallitsevasta koronatilanteesta huolimatta kauppa on k\u00e4ynyt pirte\u00e4sti.<\/p>\n<p>\u2013 Pystymme notkeana organisaationa mukautumaan nopeasti tilanteen mukaan \u2013 kalusto pit\u00e4\u00e4 mukauttaa kunkin ajanjakson mukaiseen markkinatarpeeseen ja -kysynt\u00e4\u00e4n. K\u00e4ytetyn kaluston puolella kysynt\u00e4 ja kauppa on ollut osapuilleen viime vuoden tasolla. My\u00f6s uudet Ivecot jatkavat menestystarinaansa ja merkin markkinaosuus kasvaa koko ajan. Iveco-mallisto on todella laaja ja kilpailukykyinen, keih\u00e4\u00e4nk\u00e4rken\u00e4\u00e4n todella upea uutuusmalli S-WAY.<\/p>\n<h3>Alkuper\u00e4iset Iveco-osat nopeasti<\/h3>\n<p>\u2013  Iveco on Suomessa alati halutumpi merkki ja Iveco-kanta on maassamme jo todella mittava. T\u00e4st\u00e4 osuudesta meid\u00e4n myymien Ivecoiden osuus on melko suuri, eli meill\u00e4 on paljon asiakaskuntaa \u201domasta takaa\u201d, jolle tarjoamme my\u00f6s Iveco-huoltoja sek\u00e4 alkuper\u00e4iset Iveco-varaosat, kertoo Miika Niemi-Korpi.<\/p>\n<p>Niemi-Korpi panostaa jatkossa entist\u00e4 voimakkaammin varaosamyyntiin. \u2013 Meilt\u00e4 saa laajan kattauksen Iveco-varaosia. Pitk\u00e4ll\u00e4 yli 30 vuoden kokemuksellamme Ivecoista olemme valikoineet hyllyyn niit\u00e4 osia, joita yleens\u00e4 Ivecoihin menee. N\u00e4m\u00e4 osat l\u00f6ytyv\u00e4t siis nopeaan toimitukseen Pirkkalan ja Oulun Tupoksen toimipisteist\u00e4mme, joissa kovan luokan Service-ammattilaisemme Osku ja Veli palvelevat koko Iveco-kent\u00e4n varaosatarpeissa. Olemme kehitt\u00e4neet logistiikkamme nopeasti toimivaksi my\u00f6s asiakkaan ovelle toimitettujen osien puitteissa. Tilaa t\u00e4n\u00e4\u00e4n ja osat ovat teill\u00e4 jo huomenna, lupaa Miika Niemi-Korpi.<\/p>\n<p>\u2013 Niille osille, joita hyllyst\u00e4 ei l\u00f6ydy, teemme tilaukset tehtaalta. My\u00f6s t\u00e4m\u00e4 akseli toimii yll\u00e4tt\u00e4v\u00e4n nopeasti, sill\u00e4 me Ivecon virallisena dealerina saamme osat tehtaalta lyhyell\u00e4 aikaj\u00e4nteell\u00e4 t\u00e4nne Suomeen, Miika jatkaa.<\/p>\n<h3>Alkuper\u00e4isosilla kest\u00e4vyytt\u00e4<\/h3>\n<p>Miika painottaa alkuper\u00e4isosien merkityst\u00e4 autolle. \u2013 Alkuper\u00e4iset Iveco-varaosat sopivat varmasti ja niiden korkea laatu takaa auton toiminnan vuosiksi eteenp\u00e4in. Iveco-varaosien hinnoittelu on todella maltillisella tasolla, mik\u00e4 takaa my\u00f6s merkin edulliset k\u00e4ytt\u00f6kulut. Hintaero tarvikeosiin on niin mit\u00e4t\u00f6n, ett\u00e4 siin\u00e4 kohtaa ei kannata miss\u00e4\u00e4n nimess\u00e4 pihist\u00e4\u00e4.<\/p>\n<\/div>\n<p>\u00a0<\/p>\n<div class=\"infobox\"><strong>Lis\u00e4tiedot<\/strong><br \/>\nNiemi-Korpi Oy  Iveco-Service Pirkkala: Osku, puh. 040 159 1209, osku@niemikorpi.com Iveco-Service Oulu: Veli, puh. 040 196 8644, veli.saari@niemikorpi.com<br \/>\n<a href=\"https:\/\/www.niemikorpioy.com\/\">www.niemikorpi.com<\/a><\/p>\n<\/div>\n","protected":false},"excerpt":{"rendered":"<p>Niemi-Korpi on kasvanut l\u00e4hivuosina voimakkaasti ja on tunnettu sek\u00e4 k\u00e4ytetyn raskaankaluston kauppiaana ett\u00e4 vuositasolla yli sadan uuden Ivecon myyj\u00e4n\u00e4. N\u00e4iden lis\u00e4ksi yritys toimii my\u00f6s alkuper\u00e4isten Iveco-varaosien edustajana Suomessa.<\/p>\n","protected":false},"author":1,"featured_media":0,"comment_status":"open","ping_status":"open","sticky":false,"template":"","format":"standard","meta":{"_acf_changed":false,"footnotes":""},"categories":[9],"tags":[],"class_list":["post-8395","post","type-post","status-publish","format-standard","hentry","category-uutiset"],"acf":[],"aioseo_notices":[],"_links":{"self":[{"href":"https:\/\/europorssi.com\/fi\/wp-json\/wp\/v2\/posts\/8395","targetHints":{"allow":["GET"]}}],"collection":[{"href":"https:\/\/europorssi.com\/fi\/wp-json\/wp\/v2\/posts"}],"about":[{"href":"https:\/\/europorssi.com\/fi\/wp-json\/wp\/v2\/types\/post"}],"author":[{"embeddable":true,"href":"https:\/\/europorssi.com\/fi\/wp-json\/wp\/v2\/users\/1"}],"replies":[{"embeddable":true,"href":"https:\/\/europorssi.com\/fi\/wp-json\/wp\/v2\/comments?post=8395"}],"version-history":[{"count":0,"href":"https:\/\/europorssi.com\/fi\/wp-json\/wp\/v2\/posts\/8395\/revisions"}],"wp:attachment":[{"href":"https:\/\/europorssi.com\/fi\/wp-json\/wp\/v2\/media?parent=8395"}],"wp:term":[{"taxonomy":"category","embeddable":true,"href":"https:\/\/europorssi.com\/fi\/wp-json\/wp\/v2\/categories?post=8395"},{"taxonomy":"post_tag","embeddable":true,"href":"https:\/\/europorssi.com\/fi\/wp-json\/wp\/v2\/tags?post=8395"}],"curies":[{"name":"wp","href":"https:\/\/api.w.org\/{rel}","templated":true}]}}