{"id":8417,"date":"2020-11-04T22:47:03","date_gmt":"2020-11-04T20:47:03","guid":{"rendered":"https:\/\/europorssi.com\/km-rahti-investoi-uuteen-tuotantohalliin-ja-panostaa-peravaunukauppaan\/"},"modified":"2020-11-04T22:47:03","modified_gmt":"2020-11-04T20:47:03","slug":"km-rahti-investoi-uuteen-tuotantohalliin-ja-panostaa-peravaunukauppaan","status":"publish","type":"post","link":"https:\/\/europorssi.com\/fi\/km-rahti-investoi-uuteen-tuotantohalliin-ja-panostaa-peravaunukauppaan\/","title":{"rendered":"KM Rahti investoi uuteen tuotantohalliin ja panostaa per\u00e4vaunukauppaan"},"content":{"rendered":"\n<p class=\"lead\">Etel\u00e4-Pohjanmaalla Soinin kunnassa yli 20 vuotta toiminut kuljetusalan perheyritys KM Rahti on kasvanut merkitt\u00e4v\u00e4ksi k\u00e4ytettyjen kuorma-autojen sek\u00e4 uusien ett\u00e4 k\u00e4ytettyjen per\u00e4vaunujen kauppiaaksi ja p\u00e4\u00e4llirakentajaksi.<\/p>\n<div class=\"teksti\">\nKM Rahdin myyntipaletti laajeni v. 2017 lopulla Euroopan johtavan per\u00e4vaunuvalmistajan, saksalaisen K\u00e4ssbohrerin uusiin per\u00e4vaunuihin. N\u00e4iden lis\u00e4ksi yritys tuo maahan ja v\u00e4litt\u00e4\u00e4 my\u00f6s Kel-Bergin koko laajaa per\u00e4vaunuvalikoimaa sek\u00e4 asiakkaiden toiveiden mukaan r\u00e4\u00e4t\u00e4l\u00f6it\u00e4vi\u00e4 GT:n per\u00e4vaunualustoja.<\/p>\n<h3>Uusi tuotantohalli p\u00e4\u00e4llirakentamiseen<\/h3>\n<p>\u2013 Olemme panostaneet paljon per\u00e4vaunujen maahantuontiin ja niiden jatkojalostamiseen omilla p\u00e4\u00e4llirakenteillamme. T\u00e4t\u00e4 tarkoitusta varten rakennutimme uuden 750 m2  kokoisen tuotantohallin, jossa onnistuu hienosti niin p\u00e4\u00e4llirakentaminen kuin muutkin raskaan kaluston ty\u00f6t. Uusi halli on 9,5 m korkea ja varusteltu mm. 5 tn siltanosturilla sek\u00e4 k\u00e4tevill\u00e4 pilarinostureilla. Uuden hallin my\u00f6t\u00e4 olemme saaneet lis\u00e4kapasiteetti tuotantoon todella paljon lis\u00e4\u00e4 ja se on kyll\u00e4 tullut kyll\u00e4 tarpeeseen, kertoo KM Rahdin Kalervo Myllym\u00e4ki.<\/p>\n<p>Uudessa hallissa ty\u00f6skentelee t\u00e4ll\u00e4 hetkell\u00e4 p\u00e4\u00e4s\u00e4\u00e4nt\u00f6isesti kolme ty\u00f6ntekij\u00e4\u00e4.<\/p>\n<h3>Lis\u00e4panostusta per\u00e4vaunukauppaan<\/h3>\n<p>Uusi tuotantohalli tarjoaa erinomaiset puitteet per\u00e4vaunujen p\u00e4\u00e4llirakentamistoiminnan kehitt\u00e4miselle pitk\u00e4lle tulevaisuuteen. Uusien tuotantotilojen lis\u00e4ksi KM Rahdissa on panostettu my\u00f6s entist\u00e4 laajempaan tuoterepertuaariin.<\/p>\n<p>\u2013 Tuotepalettimme on laajentunut siten, ett\u00e4 asiakas voi itse valita k\u00e4ytt\u00f6tarkoitukseensa ja rahalliseen panostukseensa parhaiten sopivimman per\u00e4vaunun, kertoo KM Rahdin Rauli Myllym\u00e4ki.<\/p>\n<p>\u2013 Meill\u00e4 on tarjolla eritt\u00e4in laaja valikoima uusia per\u00e4vaunuja, kuten K\u00e4ssbohreria, Kel-Bergi\u00e4 ja GT Semitraileria. Kauppa on k\u00e4ynyt viime aikoina hyvin ja etenkin GT:n konttialustoja on mennyt hyvin kaupaksi. Juuri tilasimme kolme uutta per\u00e4vaunua lis\u00e4\u00e4 ja niist\u00e4kin on jo kaupat tehtyn\u00e4, vakuutta tyytyv\u00e4inen Myllym\u00e4ki.<\/p>\n<p>\u2013 Per\u00e4vaunujen muutost\u00f6ihin pystymme my\u00f6s tarjoamaan hyvi\u00e4 ratkaisuja ja esim. Kel-Bergin k\u00e4rryihin voimme teet\u00e4tt\u00e4\u00e4 mm. akseliv\u00e4lien pidennyksi\u00e4 asiakkaiden tarpeiden mukaan.<\/p>\n<\/div>\n<p>\u00a0<\/p>\n<div class=\"infobox\"><strong>Lis\u00e4tiedot<\/strong><br \/>\nKM Rahti Oy Kalervo Myllym\u00e4ki 0400 478 078 Rauli Myllym\u00e4ki 0400 903 766<br \/>\n<a href=\"https:\/\/kmrahti.fi\/\">www.kmrahti.fi<\/a><\/p>\n<\/div>\n","protected":false},"excerpt":{"rendered":"<p>Etel\u00e4-Pohjanmaalla Soinin kunnassa yli 20 vuotta toiminut kuljetusalan perheyritys KM Rahti on kasvanut merkitt\u00e4v\u00e4ksi k\u00e4ytettyjen kuorma-autojen sek\u00e4 uusien ett\u00e4 k\u00e4ytettyjen per\u00e4vaunujen kauppiaaksi ja p\u00e4\u00e4llirakentajaksi.<\/p>\n","protected":false},"author":1,"featured_media":0,"comment_status":"open","ping_status":"open","sticky":false,"template":"","format":"standard","meta":{"_acf_changed":false,"footnotes":""},"categories":[9],"tags":[],"class_list":["post-8417","post","type-post","status-publish","format-standard","hentry","category-uutiset"],"acf":[],"aioseo_notices":[],"_links":{"self":[{"href":"https:\/\/europorssi.com\/fi\/wp-json\/wp\/v2\/posts\/8417","targetHints":{"allow":["GET"]}}],"collection":[{"href":"https:\/\/europorssi.com\/fi\/wp-json\/wp\/v2\/posts"}],"about":[{"href":"https:\/\/europorssi.com\/fi\/wp-json\/wp\/v2\/types\/post"}],"author":[{"embeddable":true,"href":"https:\/\/europorssi.com\/fi\/wp-json\/wp\/v2\/users\/1"}],"replies":[{"embeddable":true,"href":"https:\/\/europorssi.com\/fi\/wp-json\/wp\/v2\/comments?post=8417"}],"version-history":[{"count":0,"href":"https:\/\/europorssi.com\/fi\/wp-json\/wp\/v2\/posts\/8417\/revisions"}],"wp:attachment":[{"href":"https:\/\/europorssi.com\/fi\/wp-json\/wp\/v2\/media?parent=8417"}],"wp:term":[{"taxonomy":"category","embeddable":true,"href":"https:\/\/europorssi.com\/fi\/wp-json\/wp\/v2\/categories?post=8417"},{"taxonomy":"post_tag","embeddable":true,"href":"https:\/\/europorssi.com\/fi\/wp-json\/wp\/v2\/tags?post=8417"}],"curies":[{"name":"wp","href":"https:\/\/api.w.org\/{rel}","templated":true}]}}