{"id":8490,"date":"2020-12-08T12:46:12","date_gmt":"2020-12-08T10:46:12","guid":{"rendered":"https:\/\/europorssi.com\/tomas-garasi-iveco-finlandin-avainasiakaspaallikoksi\/"},"modified":"2020-12-08T12:46:12","modified_gmt":"2020-12-08T10:46:12","slug":"tomas-garasi-iveco-finlandin-avainasiakaspaallikoksi","status":"publish","type":"post","link":"https:\/\/europorssi.com\/fi\/tomas-garasi-iveco-finlandin-avainasiakaspaallikoksi\/","title":{"rendered":"Tomas Garasi Iveco Finlandin avainasiakasp\u00e4\u00e4llik\u00f6ksi"},"content":{"rendered":"<p>Iveco Finland Oy:n avainasiakasp\u00e4\u00e4llikk\u00f6n\u00e4 on 1.12.2020 aloittanut Tomas Garaisi (36). Tomaksen vastuualueena on uusien Iveco paketti- ja kuorma-autojen myynti ja myynnin kehitt\u00e4minen p\u00e4\u00e4kaupunkiseudun ja Uudenmaan alueella. Tomaksella on useamman vuoden kokemus autokaupan eri teht\u00e4vist\u00e4 ja ennen Ivecolle siirtymist\u00e4 h\u00e4n ty\u00f6skenteli Veholla uusien ja k\u00e4ytettyjen autojen myynniss\u00e4.<\/p>\n<p>\u201dIvecolla on kauppa k\u00e4ynyt hyvin ja olen \u00e4\u00e4rett\u00f6m\u00e4n iloinen, ett\u00e4 voimme palkata lis\u00e4\u00e4 myyntivoimaa. Tomas on loistava lis\u00e4ys tehokkaaseen myyntiporukkaamme\u201d.<br \/>\nToteaa Iveco Finlandin myyntijohtaja Tuomas Vir\u00e9n.<\/p>\n<p>Ivecon hy\u00f6tyajoneuvomallisto kattaa kaikki painoluokat pakettiautoista raskaisiin kuorma-autoihin. Kaikki Iveco autot ovat saatavilla my\u00f6s kaasuk\u00e4ytt\u00f6isin\u00e4.<br \/>\nMaailman suurimpiin kuuluva hy\u00f6tyajoneuvojen valmistaja valmistaa vuosittain yli 150 000 autoa.<\/p>\n<p>&nbsp;<\/p>\n<p>LIs\u00e4tietoja<\/p>\n<p><a href=\"http:\/\/www.iveco.fi\">www.iveco.fi<\/a><\/p>\n","protected":false},"excerpt":{"rendered":"<p>Iveco Finland Oy:n avainasiakasp\u00e4\u00e4llikk\u00f6n\u00e4 on 1.12.2020 aloittanut Tomas Garaisi (36). Tomaksen vastuualueena on uusien Iveco paketti- ja kuorma-autojen myynti ja myynnin kehitt\u00e4minen p\u00e4\u00e4kaupunkiseudun ja Uudenmaan alueella. Tomaksella on useamman vuoden kokemus autokaupan eri teht\u00e4vist\u00e4 ja ennen Ivecolle siirtymist\u00e4 h\u00e4n ty\u00f6skenteli Veholla uusien ja k\u00e4ytettyjen autojen myynniss\u00e4. \u201dIvecolla on kauppa k\u00e4ynyt hyvin ja olen \u00e4\u00e4rett\u00f6m\u00e4n iloinen, [&hellip;]<\/p>\n","protected":false},"author":4,"featured_media":8491,"comment_status":"open","ping_status":"open","sticky":false,"template":"","format":"standard","meta":{"_acf_changed":false,"footnotes":""},"categories":[9],"tags":[],"class_list":["post-8490","post","type-post","status-publish","format-standard","has-post-thumbnail","hentry","category-uutiset"],"acf":[],"aioseo_notices":[],"_links":{"self":[{"href":"https:\/\/europorssi.com\/fi\/wp-json\/wp\/v2\/posts\/8490","targetHints":{"allow":["GET"]}}],"collection":[{"href":"https:\/\/europorssi.com\/fi\/wp-json\/wp\/v2\/posts"}],"about":[{"href":"https:\/\/europorssi.com\/fi\/wp-json\/wp\/v2\/types\/post"}],"author":[{"embeddable":true,"href":"https:\/\/europorssi.com\/fi\/wp-json\/wp\/v2\/users\/4"}],"replies":[{"embeddable":true,"href":"https:\/\/europorssi.com\/fi\/wp-json\/wp\/v2\/comments?post=8490"}],"version-history":[{"count":0,"href":"https:\/\/europorssi.com\/fi\/wp-json\/wp\/v2\/posts\/8490\/revisions"}],"wp:featuredmedia":[{"embeddable":true,"href":"https:\/\/europorssi.com\/fi\/wp-json\/wp\/v2\/media\/8491"}],"wp:attachment":[{"href":"https:\/\/europorssi.com\/fi\/wp-json\/wp\/v2\/media?parent=8490"}],"wp:term":[{"taxonomy":"category","embeddable":true,"href":"https:\/\/europorssi.com\/fi\/wp-json\/wp\/v2\/categories?post=8490"},{"taxonomy":"post_tag","embeddable":true,"href":"https:\/\/europorssi.com\/fi\/wp-json\/wp\/v2\/tags?post=8490"}],"curies":[{"name":"wp","href":"https:\/\/api.w.org\/{rel}","templated":true}]}}