{"id":8691,"date":"2021-01-21T13:37:47","date_gmt":"2021-01-21T11:37:47","guid":{"rendered":"https:\/\/europorssi.com\/?p=8691"},"modified":"2021-01-21T13:37:49","modified_gmt":"2021-01-21T11:37:49","slug":"mateko-vahvistaa-alueellista-myyntiaan","status":"publish","type":"post","link":"https:\/\/europorssi.com\/fi\/mateko-vahvistaa-alueellista-myyntiaan\/","title":{"rendered":"Mateko vahvistaa alueellista myynti\u00e4\u00e4n"},"content":{"rendered":"\n<p class=\"has-drop-cap\">Mateko Oy:n maahantuoma JCB-konemallisto omaa vahvan valtakunnallisen jalansijan koko tuoteportfolionsa osalta. JCB:n kattava repertuaari tunnetaan lujuudestaan, suorituskyvyst\u00e4\u00e4n, sek\u00e4 ennen kaikkea poikkeuksellisesta innovatiivisuudestaan.\u00a0<\/p>\n\n\n\n<p>JCB:n pitk\u00e4aikainen maahantuoja Mateko Oy vahvistaa alueellista myyntiorganisaatiotaan kahdella kokeneella konemyyj\u00e4ll\u00e4. \u2013 Halusimme lis\u00e4\u00e4 myyntivoimaa vahvoille kasvualueille, maamme l\u00e4nsirannikolle sek\u00e4 Pohjanmaalle, yrityksen varatoimitusjohtaja Kimmo Saartoala kertoo.<\/p>\n\n\n\n<p>\u2013 Myyntivolyymin kasvussa on t\u00e4rke\u00e4\u00e4, ett\u00e4 myyntiorganisaatiomme on halukas ja kykenev\u00e4 uudistumaan p\u00e4\u00e4miehemme alati kehittyv\u00e4n malliston mukana, sek\u00e4 vastaamaan asiakaskunnan opastamisesta j\u00e4rkeviin investointeihin, mies jatkaa.&nbsp;<\/p>\n\n\n\n<p>\u2013 Pauli ja Marko omaavat pitk\u00e4n historian konealalla, etenkin kaivukoneiden segmentill\u00e4, ja ovat eritt\u00e4in motivoituneita uuteen haasteeseensa, Saartoala vakuuttaa.<\/p>\n\n\n\n<p><strong>Marko Ristiluoma\/ aluemyyntip\u00e4\u00e4llikk\u00f6 Pohjanmaa ja Etel\u00e4-Pohjanmaa<\/strong><\/p>\n\n\n\n<p>Viisikymppinen Ristiluoma omaa pitk\u00e4n historian koneiden parissa. Turvetuotantoyritt\u00e4j\u00e4perheen poika on ajanut koneita jo 13-vuotiaasta saakka, sek\u00e4 seurannut is\u00e4ns\u00e4 vuonna 1972 aloittamaa konekauppaa. Kauhajoelta kotoisin oleva mies urakoi armeijan suoritettuaan sek\u00e4 perheyrityksess\u00e4, ett\u00e4 omaan laskuun.&nbsp;<\/p>\n\n\n\n<p>1994 mies siirtyi myyntiteht\u00e4viin varaosakaupan puolelle. Yritteli\u00e4s mies suoritti p\u00e4iv\u00e4ty\u00f6ns\u00e4 ohessa polttoainek\u00e4ytt\u00f6isten lis\u00e4l\u00e4mmittimien myynti\u00e4 ja asennuksia ty\u00f6koneisiin, joiden ansiosta eri konemerkit tulivat teknisesti tutuiksi.<\/p>\n\n\n\n<p>2005 Ristiluoma vaihtoi alaa, ryhtyen moottoripy\u00f6rien, kelkkojen&nbsp; yms. vapaa-ajan koneiden myyntity\u00f6h\u00f6n Sein\u00e4joelle.<\/p>\n\n\n\n<p>2017 mies palasi \u201djuurilleen\u201d ty\u00f6koneiden maailmaan, konemyyj\u00e4ksi Sein\u00e4joella toimivaan yritykseen.<\/p>\n\n\n\n<p>\u2013 Olen opiskellut innokkaasti JCB:n mallistoa ja tutustunut Matekon toimintatapoihin, Ristiluoma hymyilee. \u2013 On hienoa l\u00e4hte\u00e4 kehitt\u00e4m\u00e4\u00e4n JCB:n myynti\u00e4 omalla, eritt\u00e4in kasvavalla talousalueellani, hyv\u00e4n ja vakavaraisen organisaation osana.<\/p>\n\n\n\n<div class=\"wp-block-image is-style-default\"><figure class=\"aligncenter size-large is-resized\"><img loading=\"lazy\" decoding=\"async\" src=\"https:\/\/europorssi.com\/wp-content\/uploads\/2021\/01\/kuva1-3-683x1024.jpg\" alt=\"\" class=\"wp-image-8692\" width=\"342\" height=\"512\" srcset=\"https:\/\/europorssi.com\/wp-content\/uploads\/2021\/01\/kuva1-3-683x1024.jpg 683w, https:\/\/europorssi.com\/wp-content\/uploads\/2021\/01\/kuva1-3-200x300.jpg 200w, https:\/\/europorssi.com\/wp-content\/uploads\/2021\/01\/kuva1-3-768x1152.jpg 768w, https:\/\/europorssi.com\/wp-content\/uploads\/2021\/01\/kuva1-3-1024x1536.jpg 1024w, https:\/\/europorssi.com\/wp-content\/uploads\/2021\/01\/kuva1-3-1365x2048.jpg 1365w, https:\/\/europorssi.com\/wp-content\/uploads\/2021\/01\/kuva1-3-560x840.jpg 560w, https:\/\/europorssi.com\/wp-content\/uploads\/2021\/01\/kuva1-3-73x110.jpg 73w, https:\/\/europorssi.com\/wp-content\/uploads\/2021\/01\/kuva1-3-scaled.jpg 1707w\" sizes=\"auto, (max-width: 342px) 100vw, 342px\" \/><figcaption>Marko Ristiluoma<\/figcaption><\/figure><\/div>\n\n\n\n<p><strong>Pauli Sepp\u00e4l\u00e4\/ aluemyyntip\u00e4\u00e4llikk\u00f6 Satakunta ja Varsinais-Suomi<\/strong><\/p>\n\n\n\n<p>Agrologin tutkinnon omaava 53-vuotias Sepp\u00e4l\u00e4 toimi p\u00e4\u00e4toimisena maanviljelij\u00e4n\u00e4 ja yritt\u00e4j\u00e4n\u00e4 vuodesta 1992 vuoteen 2003, jolloin mies aloitti traktorimyynnin parissa. Sepp\u00e4l\u00e4 on aina ollut innokas oppimaan uutta, ja myyntity\u00f6 sopi miehen avoimelle luonteelle hyvin. Tulosta alkoi syntym\u00e4\u00e4n ja vuonna 2007 Sepp\u00e4l\u00e4 siirtyi maatalouskoneiden myynnist\u00e4 maanrakennuskoneiden pariin, suuren valtakunnallisen maahantuontiorganisaation palvelukseen.<\/p>\n\n\n\n<p>2011 h\u00e4n teki irtioton ja palasi agrologin koulutusta vastaaviin teht\u00e4viin, maatalousty\u00f6njohtajan vakanssiin. Pari vuotta my\u00f6hemmin, 2013 miehen veri veti takaisin myyntiteht\u00e4viin. Tunnettu, vakavarainen maahantuoja ja eritt\u00e4in uskottava korealainen konevalmistaja vakuuttivat h\u00e4net.&nbsp;<\/p>\n\n\n\n<p>\u2013 El\u00e4m\u00e4ss\u00e4 tapahtuu kuitenkin muutoksia, Sepp\u00e4l\u00e4 sanoo. \u2013 Kuullessani Matekon etsiv\u00e4n p\u00e4tev\u00e4\u00e4 konemyyj\u00e4\u00e4, halusin ehdottomasti astua remmiin. Olin kuullut asiakkailtani pelkki\u00e4 kehuja sek\u00e4 JCB:n osalta, ett\u00e4 Matekon toimintatavoista, joten silt\u00e4 pohjalta halusin taloon n\u00e4ytt\u00e4m\u00e4\u00e4n kynteni ja etsim\u00e4\u00e4n uusia haasteita, mies kertoilee. \u2013 L\u00e4hestyn kiivaasti konemyyj\u00e4n parasta ik\u00e4\u00e4 ja haluan antaa t\u00e4yden panokseni Matekolle, sek\u00e4 edustaa suuresti arvostamaani konemerkki\u00e4.<\/p>\n\n\n\n<div class=\"wp-block-image is-style-default\"><figure class=\"aligncenter size-large is-resized\"><img loading=\"lazy\" decoding=\"async\" src=\"https:\/\/europorssi.com\/wp-content\/uploads\/2021\/01\/Pauli-683x1024.jpg\" alt=\"\" class=\"wp-image-8693\" width=\"342\" height=\"512\" srcset=\"https:\/\/europorssi.com\/wp-content\/uploads\/2021\/01\/Pauli-683x1024.jpg 683w, https:\/\/europorssi.com\/wp-content\/uploads\/2021\/01\/Pauli-200x300.jpg 200w, https:\/\/europorssi.com\/wp-content\/uploads\/2021\/01\/Pauli-768x1152.jpg 768w, https:\/\/europorssi.com\/wp-content\/uploads\/2021\/01\/Pauli-1024x1536.jpg 1024w, https:\/\/europorssi.com\/wp-content\/uploads\/2021\/01\/Pauli-1365x2048.jpg 1365w, https:\/\/europorssi.com\/wp-content\/uploads\/2021\/01\/Pauli-560x840.jpg 560w, https:\/\/europorssi.com\/wp-content\/uploads\/2021\/01\/Pauli-73x110.jpg 73w, https:\/\/europorssi.com\/wp-content\/uploads\/2021\/01\/Pauli-scaled.jpg 1707w\" sizes=\"auto, (max-width: 342px) 100vw, 342px\" \/><figcaption>Pauli Sepp\u00e4l\u00e4<\/figcaption><\/figure><\/div>\n\n\n\n<p><a href=\"https:\/\/www.mateko.fi\" target=\"_blank\" rel=\"noreferrer noopener\" title=\"https:\/\/www.mateko.fi\">www.mateko.fi<\/a><\/p>\n","protected":false},"excerpt":{"rendered":"<p>Mateko Oy:n maahantuoma JCB-konemallisto omaa vahvan valtakunnallisen jalansijan koko tuoteportfolionsa osalta. JCB:n kattava repertuaari tunnetaan lujuudestaan, suorituskyvyst\u00e4\u00e4n, sek\u00e4 ennen kaikkea poikkeuksellisesta innovatiivisuudestaan.\u00a0 JCB:n pitk\u00e4aikainen maahantuoja Mateko Oy vahvistaa alueellista myyntiorganisaatiotaan kahdella kokeneella konemyyj\u00e4ll\u00e4. \u2013 Halusimme lis\u00e4\u00e4 myyntivoimaa vahvoille kasvualueille, maamme l\u00e4nsirannikolle sek\u00e4 Pohjanmaalle, yrityksen varatoimitusjohtaja Kimmo Saartoala kertoo. \u2013 Myyntivolyymin kasvussa on t\u00e4rke\u00e4\u00e4, ett\u00e4 myyntiorganisaatiomme [&hellip;]<\/p>\n","protected":false},"author":4,"featured_media":0,"comment_status":"closed","ping_status":"open","sticky":false,"template":"","format":"standard","meta":{"_acf_changed":false,"footnotes":""},"categories":[1],"tags":[],"class_list":["post-8691","post","type-post","status-publish","format-standard","hentry","category-yleinen"],"acf":[],"aioseo_notices":[],"_links":{"self":[{"href":"https:\/\/europorssi.com\/fi\/wp-json\/wp\/v2\/posts\/8691","targetHints":{"allow":["GET"]}}],"collection":[{"href":"https:\/\/europorssi.com\/fi\/wp-json\/wp\/v2\/posts"}],"about":[{"href":"https:\/\/europorssi.com\/fi\/wp-json\/wp\/v2\/types\/post"}],"author":[{"embeddable":true,"href":"https:\/\/europorssi.com\/fi\/wp-json\/wp\/v2\/users\/4"}],"replies":[{"embeddable":true,"href":"https:\/\/europorssi.com\/fi\/wp-json\/wp\/v2\/comments?post=8691"}],"version-history":[{"count":0,"href":"https:\/\/europorssi.com\/fi\/wp-json\/wp\/v2\/posts\/8691\/revisions"}],"wp:attachment":[{"href":"https:\/\/europorssi.com\/fi\/wp-json\/wp\/v2\/media?parent=8691"}],"wp:term":[{"taxonomy":"category","embeddable":true,"href":"https:\/\/europorssi.com\/fi\/wp-json\/wp\/v2\/categories?post=8691"},{"taxonomy":"post_tag","embeddable":true,"href":"https:\/\/europorssi.com\/fi\/wp-json\/wp\/v2\/tags?post=8691"}],"curies":[{"name":"wp","href":"https:\/\/api.w.org\/{rel}","templated":true}]}}