{"id":9436,"date":"2021-04-13T18:14:35","date_gmt":"2021-04-13T15:14:35","guid":{"rendered":"https:\/\/europorssi.com\/?p=9436"},"modified":"2021-04-14T10:46:01","modified_gmt":"2021-04-14T07:46:01","slug":"manitou-esittelee-uudet-ymparipyorivat-koneensa-verkossa-21-4","status":"publish","type":"post","link":"https:\/\/europorssi.com\/fi\/manitou-esittelee-uudet-ymparipyorivat-koneensa-verkossa-21-4\/","title":{"rendered":"Manitou esittelee uudet ymp\u00e4ripy\u00f6riv\u00e4t koneensa verkossa 21.4."},"content":{"rendered":"\n<p>Huhtikuun 21.p\u00e4iv\u00e4n\u00e4 Manitou j\u00e4rjest\u00e4\u00e4 kaikille kiinnostuneille avoimen,&nbsp;Build the Future -nimisen&nbsp;tapahtuman, verkossa. P\u00e4\u00e4aihe tapahtumassa on Manitoun uuden ymp\u00e4ripy\u00f6riv\u00e4n MRT-malliston maailmanlaajuinen lanseeraus. Lis\u00e4ksi yritys esittelee visionsa tulevaisuuden rakennusty\u00f6maasta. <\/p>\n\n\n\n<p>Tapahtuma alkaa klo.18.00 Suomen aikaa ja siihen pit\u00e4\u00e4 rekister\u00f6ity\u00e4 ennakolta. Sen voi tehd\u00e4 t\u00e4st\u00e4 linkist\u00e4:\u00a0\u00a0<a href=\"http:\/\/www.buildthefuture-manitou.com\/en\/\" target=\"_blank\" rel=\"noreferrer noopener\">http:\/\/www.buildthefuture-manitou.com\/en\/<\/a><\/p>\n","protected":false},"excerpt":{"rendered":"<p>Huhtikuun 21.p\u00e4iv\u00e4n\u00e4 Manitou j\u00e4rjest\u00e4\u00e4 kaikille kiinnostuneille avoimen,&nbsp;Build the Future -nimisen&nbsp;tapahtuman, verkossa. P\u00e4\u00e4aihe tapahtumassa on Manitoun uuden ymp\u00e4ripy\u00f6riv\u00e4n MRT-malliston maailmanlaajuinen lanseeraus. Lis\u00e4ksi yritys esittelee visionsa tulevaisuuden rakennusty\u00f6maasta. Tapahtuma alkaa klo.18.00 Suomen aikaa ja siihen pit\u00e4\u00e4 rekister\u00f6ity\u00e4 ennakolta. Sen voi tehd\u00e4 t\u00e4st\u00e4 linkist\u00e4:\u00a0\u00a0http:\/\/www.buildthefuture-manitou.com\/en\/<\/p>\n","protected":false},"author":4,"featured_media":9452,"comment_status":"closed","ping_status":"open","sticky":false,"template":"","format":"standard","meta":{"_acf_changed":false,"footnotes":""},"categories":[1],"tags":[],"class_list":["post-9436","post","type-post","status-publish","format-standard","has-post-thumbnail","hentry","category-yleinen"],"acf":[],"aioseo_notices":[],"_links":{"self":[{"href":"https:\/\/europorssi.com\/fi\/wp-json\/wp\/v2\/posts\/9436","targetHints":{"allow":["GET"]}}],"collection":[{"href":"https:\/\/europorssi.com\/fi\/wp-json\/wp\/v2\/posts"}],"about":[{"href":"https:\/\/europorssi.com\/fi\/wp-json\/wp\/v2\/types\/post"}],"author":[{"embeddable":true,"href":"https:\/\/europorssi.com\/fi\/wp-json\/wp\/v2\/users\/4"}],"replies":[{"embeddable":true,"href":"https:\/\/europorssi.com\/fi\/wp-json\/wp\/v2\/comments?post=9436"}],"version-history":[{"count":0,"href":"https:\/\/europorssi.com\/fi\/wp-json\/wp\/v2\/posts\/9436\/revisions"}],"wp:featuredmedia":[{"embeddable":true,"href":"https:\/\/europorssi.com\/fi\/wp-json\/wp\/v2\/media\/9452"}],"wp:attachment":[{"href":"https:\/\/europorssi.com\/fi\/wp-json\/wp\/v2\/media?parent=9436"}],"wp:term":[{"taxonomy":"category","embeddable":true,"href":"https:\/\/europorssi.com\/fi\/wp-json\/wp\/v2\/categories?post=9436"},{"taxonomy":"post_tag","embeddable":true,"href":"https:\/\/europorssi.com\/fi\/wp-json\/wp\/v2\/tags?post=9436"}],"curies":[{"name":"wp","href":"https:\/\/api.w.org\/{rel}","templated":true}]}}