{"id":9905,"date":"2021-06-17T09:35:05","date_gmt":"2021-06-17T06:35:05","guid":{"rendered":"https:\/\/europorssi.com\/?p=9905"},"modified":"2021-06-17T09:40:37","modified_gmt":"2021-06-17T06:40:37","slug":"maxpo-2021-siirtyy-kevaalle-2022","status":"publish","type":"post","link":"https:\/\/europorssi.com\/fi\/maxpo-2021-siirtyy-kevaalle-2022\/","title":{"rendered":"MAXPO 2021 SIIRTYY KEV\u00c4\u00c4LLE 2022"},"content":{"rendered":"\n<p><strong>Joka toinen vuosi Hyvink\u00e4\u00e4n lentokent\u00e4ll\u00e4 j\u00e4rjestett\u00e4v\u00e4t Maxpo 2021 Maarakennus- ja ymp\u00e4rist\u00f6hoitokoneiden ammattimessut siirret\u00e4\u00e4n syyskuulta ensi kev\u00e4\u00e4seen. Maxpo 2022 -messut j\u00e4rjestet\u00e4\u00e4n toukokuussa 2022 Hyvink\u00e4\u00e4n lentokent\u00e4ll\u00e4 ja p\u00e4iv\u00e4m\u00e4\u00e4r\u00e4t julkaistaan pian.<\/strong><\/p>\n\n\n\n<p>P\u00e4\u00e4t\u00f6ksen tapahtuman siirrosta teki Maxpo-messujen toimeksiantaja Rakennuskonealan N\u00e4yttely-yhdistys ry. Samalla Messukeskus ja Rakennuskonealan N\u00e4yttely-yhdistys tiivistiv\u00e4t yhteisty\u00f6t\u00e4 entisest\u00e4\u00e4n ja sopivat Maxpon j\u00e4rjest\u00e4misest\u00e4 kev\u00e4\u00e4n 2022 lis\u00e4ksi syksyll\u00e4 2023 ja 2025. Tavoitteena on tehd\u00e4 my\u00f6s syksylle 2021 ja v\u00e4livuosille uudenlainen toimialan kaupallisuutta lis\u00e4\u00e4v\u00e4 kokonaisuus.<\/p>\n\n\n\n<p>\u201dMaxpon myynti on mennyt eritt\u00e4in hyvin, jatkamme myynti\u00e4 ja kev\u00e4\u00e4ll\u00e4 on odotettavissa upea tapahtuma\u201d, kertoo liiketoimintap\u00e4\u00e4llikk\u00f6 Juha Kuusla Messukeskuksesta. \u201dHyv\u00e4, ettei ty\u00f6 mene hukkaan ja tapahtuma siirtyy kev\u00e4\u00e4lle 2022. Sinne siirtyv\u00e4t my\u00f6s kaikki varaukset ja yhteisty\u00f6kuviot.\u201d<\/p>\n\n\n\n<p>Tapahtuman toimeksiantaja Rakennuskonealan N\u00e4yttely-yhdistys ry:n puheenjohtaja Marakon-konsernin hallituksen puheenjohtaja Tomi Veijalainen uskoo p\u00e4\u00e4t\u00f6ksen olevan oikea. \u201dSiirto antaa yrityksille aikaa valmistautua tapahtumaan entist\u00e4 paremmin. Kohtaamisten kaipuu ja uutuuden jano yltyv\u00e4t ja saavat varmasti entist\u00e4 enemm\u00e4n porukkaa liikenteeseen. Tapahtuma on aina ollut eritt\u00e4in kaupallinen ja tarve kohdata vain kasvaa. Olemme my\u00f6s iloisia siit\u00e4, ett\u00e4 yhteisty\u00f6 Messukeskuksen kanssa jatkuu tiiviin\u00e4.\u201d<\/p>\n\n\n\n<p><strong>Uutuusmallistoja ja tulevaisuuden teknologiaa<\/strong><\/p>\n\n\n\n<p>Maxpo 2021 Maarakennus- ja ymp\u00e4rist\u00f6hoitokoneiden ammattimessut piti j\u00e4rjest\u00e4\u00e4 2.\u20134.9.2021 Hyvink\u00e4\u00e4n lentokent\u00e4ll\u00e4. Nyt ajankohtaa on siirretty kev\u00e4\u00e4seen ja Maxpo-messut j\u00e4rjestet\u00e4\u00e4n toukokuussa 2022. Silloin on odotettavissa laaja kattaus maarakennus-, ymp\u00e4rist\u00f6nhoito-, tie- ja talonrakennuskoneita sek\u00e4 teollisuuden materiaalink\u00e4sittelykoneita ja kuljetuskalustoa kaikissa kokoluokissa. Messukeskus j\u00e4rjest\u00e4\u00e4 Maxpo-messut Rakennuskonealan N\u00e4yttely-yhdistys ry:n toimeksiannosta.<\/p>\n\n\n\n<p>Viime kerralla vuonna 2019 Maxpoon osallistui yli 250 yrityst\u00e4 ja k\u00e4yt\u00f6ss\u00e4 oli yli 61 000 neli\u00f6metri\u00e4. Ammattik\u00e4vij\u00f6it\u00e4 messuilla oli kolmen p\u00e4iv\u00e4n aikana l\u00e4hes 15 000.<\/p>\n\n\n\r\n\r\n\r\n<div class=\"row padding-vertical-small\">\r\n    <div class=\"col-xs-12 col-md-12 padding-vertical-small news-border-left background-color-grey\">\r\n\r\n                                    <h3>INFO<\/h3>\r\n\t\t\t\t   \r\n\t\t\t\t                    <p>Messukeskus, tiedottaja Teija Armanto, puh. 050 376 0804, <a href=\"mailto:teija.armanto@messukeskus.com\" rel=\"noopener\" target=\"_blank\">teija.armanto@messukeskus.com<\/a><br \/>\nRakennuskonealan N\u00e4yttely-yhdistyksen pj. Tomi Veijalainen, puh. 040 900 5665.<br \/>\nMessukeskus, liiketoimintap\u00e4\u00e4llikk\u00f6 Juha Kuusla, puh. 040 592 1000<br \/>\n<a href=\"http:\/\/www.maxpo.fi\" rel=\"noopener\" target=\"_blank\">www.maxpo.fi<\/a> <\/p>\n                  \r\n\t\t\t\t    <\/div><!--col-->              \r\n<\/div><!--row-->\r\n","protected":false},"excerpt":{"rendered":"<p>Joka toinen vuosi Hyvink\u00e4\u00e4n lentokent\u00e4ll\u00e4 j\u00e4rjestett\u00e4v\u00e4t Maxpo 2021 Maarakennus- ja ymp\u00e4rist\u00f6hoitokoneiden ammattimessut siirret\u00e4\u00e4n syyskuulta ensi kev\u00e4\u00e4seen. Maxpo 2022 -messut j\u00e4rjestet\u00e4\u00e4n toukokuussa 2022 Hyvink\u00e4\u00e4n lentokent\u00e4ll\u00e4 ja p\u00e4iv\u00e4m\u00e4\u00e4r\u00e4t julkaistaan pian. P\u00e4\u00e4t\u00f6ksen tapahtuman siirrosta teki Maxpo-messujen toimeksiantaja Rakennuskonealan N\u00e4yttely-yhdistys ry. Samalla Messukeskus ja Rakennuskonealan N\u00e4yttely-yhdistys tiivistiv\u00e4t yhteisty\u00f6t\u00e4 entisest\u00e4\u00e4n ja sopivat Maxpon j\u00e4rjest\u00e4misest\u00e4 kev\u00e4\u00e4n 2022 lis\u00e4ksi syksyll\u00e4 2023 ja [&hellip;]<\/p>\n","protected":false},"author":4,"featured_media":9935,"comment_status":"closed","ping_status":"open","sticky":false,"template":"","format":"standard","meta":{"_acf_changed":false,"footnotes":""},"categories":[1],"tags":[],"class_list":["post-9905","post","type-post","status-publish","format-standard","has-post-thumbnail","hentry","category-yleinen"],"acf":[],"aioseo_notices":[],"_links":{"self":[{"href":"https:\/\/europorssi.com\/fi\/wp-json\/wp\/v2\/posts\/9905","targetHints":{"allow":["GET"]}}],"collection":[{"href":"https:\/\/europorssi.com\/fi\/wp-json\/wp\/v2\/posts"}],"about":[{"href":"https:\/\/europorssi.com\/fi\/wp-json\/wp\/v2\/types\/post"}],"author":[{"embeddable":true,"href":"https:\/\/europorssi.com\/fi\/wp-json\/wp\/v2\/users\/4"}],"replies":[{"embeddable":true,"href":"https:\/\/europorssi.com\/fi\/wp-json\/wp\/v2\/comments?post=9905"}],"version-history":[{"count":0,"href":"https:\/\/europorssi.com\/fi\/wp-json\/wp\/v2\/posts\/9905\/revisions"}],"wp:featuredmedia":[{"embeddable":true,"href":"https:\/\/europorssi.com\/fi\/wp-json\/wp\/v2\/media\/9935"}],"wp:attachment":[{"href":"https:\/\/europorssi.com\/fi\/wp-json\/wp\/v2\/media?parent=9905"}],"wp:term":[{"taxonomy":"category","embeddable":true,"href":"https:\/\/europorssi.com\/fi\/wp-json\/wp\/v2\/categories?post=9905"},{"taxonomy":"post_tag","embeddable":true,"href":"https:\/\/europorssi.com\/fi\/wp-json\/wp\/v2\/tags?post=9905"}],"curies":[{"name":"wp","href":"https:\/\/api.w.org\/{rel}","templated":true}]}}