{"id":9993,"date":"2021-06-17T10:30:54","date_gmt":"2021-06-17T07:30:54","guid":{"rendered":"https:\/\/europorssi.com\/?p=9993"},"modified":"2021-06-18T10:16:38","modified_gmt":"2021-06-18T07:16:38","slug":"sahkokuorma-autojen-konversiotehdas-keuruulle","status":"publish","type":"post","link":"https:\/\/europorssi.com\/fi\/sahkokuorma-autojen-konversiotehdas-keuruulle\/","title":{"rendered":"S\u00e4hk\u00f6kuorma-autojen konversiotehdas Keuruulle"},"content":{"rendered":"\n<p><strong><em>Keuruulle ollaan perustamassa s\u00e4hk\u00f6kuorma-autojen konversiotehdasta syksyn 2021 aikana.<\/em><\/strong><\/p>\n\n\n\n<p class=\"has-drop-cap\">Hanke on saanut vauhtia EU:n ja eri Euroopan maiden tiukoista tavoitteista liikenteen hiilidioksidip\u00e4\u00e4st\u00f6jen v\u00e4hent\u00e4miseksi. Samanaikaisesti valistuneet kuluttajat ja yritykset ovat alkaneet kysy\u00e4 tuotteiden koko elinkaaren ymp\u00e4rist\u00f6vaikutusten per\u00e4\u00e4n \u2013 ja liikenne\/logistiikka muodostaa yhden merkitt\u00e4v\u00e4n osan hiilidioksidip\u00e4\u00e4st\u00f6ist\u00e4.<\/p>\n\n\n\n<p>\u201dLakkautetun Pioneerirykmentin keskusvarasto- ja korjaamorakennuksesta muodostuva kokonaisuus sai uuden el\u00e4m\u00e4n Lielahden Autokeskuksen my\u00f6t\u00e4 vuoden 2015 aikana ja nyt siirrymme uuteen vaiheeseen s\u00e4hk\u00f6kuorma-autojen konversiotehtaan my\u00f6t\u00e4. Olemme eritt\u00e4in iloisia ja onnellisia siit\u00e4, ett\u00e4 t\u00e4m\u00e4n kaltainen uuden luominen tulee tapahtumaan juuri t\u00e4\u00e4ll\u00e4 \u2013 se merkitsee meille tavattoman paljon\u201d, sanoo Kehitt\u00e4misyhti\u00f6 Keulink Oy:n toimitusjohtaja Jukka Kentala Keuruulta.<\/p>\n\n\n\n<p>Hankkeen puuhamies, Lielahden Autokeskus Oy:n yritt\u00e4j\u00e4 ja toimitusjohtaja Mikko Lepp\u00e4lahti kertoo, ett\u00e4 syksyn 2021 tavoitteena on konvertoida yhteens\u00e4 10 s\u00e4hk\u00f6kuorma-autoa. Mik\u00e4li ennusteet markkinoiden nopeasta kasvusta pit\u00e4v\u00e4t paikkansa, tavoite on nostaa konvertoitujen autojen m\u00e4\u00e4r\u00e4 vuonna 2022 50 kappaleeseen ja vuonna 2023 100 kappaleeseen. Vuonna 2024 tavoite on jo 200 konvertoidun s\u00e4hk\u00f6kuorma-auton tuotanto. \u201dMuutaman vuoden vanhoille dieselkuorma-autoille annetaan uusi s\u00e4hk\u00f6inen el\u00e4m\u00e4\u201d, sanoo Mikko Lepp\u00e4lahti.<\/p>\n\n\n\n<p>S\u00e4hk\u00f6kuorma-autot soveltuvat jo nykyisin eritt\u00e4in hyvin kaupunkiseutujen jakeluliikenteeseen. Usein jakeluliikenteen kuorma-autoilla ajetaan p\u00e4ivitt\u00e4in alle 200 kilometrin matka ja y\u00f6n aikana kuorma-autojen akut pystyt\u00e4\u00e4n lataamaan t\u00e4yteen. Kaupunkien viihtyvyyden kannalta s\u00e4hk\u00f6kuorma-autoilla on monia etuja: hiilidioksidip\u00e4\u00e4st\u00f6t v\u00e4henev\u00e4t radikaalisti, pienhiukkasp\u00e4\u00e4st\u00f6t poistuvat ja melutaso alenee ratkaisevasti.<\/p>\n\n\n\n<p>Tehtaan asentajahenkil\u00f6st\u00f6n koulutus alkaa syyskuun 2021 alussa. Yhteisty\u00f6kumppanina on Jyv\u00e4skyl\u00e4n koulutuskuntayhtym\u00e4 Gradia ja Tampereen Ammattikorkeakoulu. \u201dTavoitteena on kouluttaa s\u00e4hk\u00f6autoasentajia ja ty\u00f6njohtoa 10 henkil\u00f6n ryhmiss\u00e4\u201d, kertoo projektip\u00e4\u00e4llikk\u00f6 Jukka Pellinen Tampereen Ammattikorkeakoulusta. Uutta henkil\u00f6st\u00f6\u00e4 koulutetaan joustavasti yrityksen tarpeen mukaan.<\/p>\n\n\n\r\n\r\n\r\n<div class=\"row padding-vertical-small\">\r\n    <div class=\"col-xs-12 col-md-12 padding-vertical-small news-border-left background-color-grey\">\r\n\r\n                                    <h3>INFO<\/h3>\r\n\t\t\t\t   \r\n\t\t\t\t                    <p>Lielahden Autokeskus Oy<br \/>\nToimitusjohtaja Mikko Lepp\u00e4lahti<br \/>\npuh. 0400 832 856<\/p>\n<p>Kehitt\u00e4misyhti\u00f6 Keulink Oy<br \/>\nToimitusjohtaja Jukka Kentala<br \/>\npuh. 045 133 8586<\/p>\n                  \r\n\t\t\t\t    <\/div><!--col-->              \r\n<\/div><!--row-->\r\n","protected":false},"excerpt":{"rendered":"<p>Keuruulle ollaan perustamassa s\u00e4hk\u00f6kuorma-autojen konversiotehdasta syksyn 2021 aikana. Hanke on saanut vauhtia EU:n ja eri Euroopan maiden tiukoista tavoitteista liikenteen hiilidioksidip\u00e4\u00e4st\u00f6jen v\u00e4hent\u00e4miseksi. Samanaikaisesti valistuneet kuluttajat ja yritykset ovat alkaneet kysy\u00e4 tuotteiden koko elinkaaren ymp\u00e4rist\u00f6vaikutusten per\u00e4\u00e4n \u2013 ja liikenne\/logistiikka muodostaa yhden merkitt\u00e4v\u00e4n osan hiilidioksidip\u00e4\u00e4st\u00f6ist\u00e4. \u201dLakkautetun Pioneerirykmentin keskusvarasto- ja korjaamorakennuksesta muodostuva kokonaisuus sai uuden el\u00e4m\u00e4n Lielahden Autokeskuksen [&hellip;]<\/p>\n","protected":false},"author":4,"featured_media":10063,"comment_status":"closed","ping_status":"open","sticky":false,"template":"","format":"standard","meta":{"_acf_changed":false,"footnotes":""},"categories":[1],"tags":[],"class_list":["post-9993","post","type-post","status-publish","format-standard","has-post-thumbnail","hentry","category-yleinen"],"acf":[],"aioseo_notices":[],"_links":{"self":[{"href":"https:\/\/europorssi.com\/fi\/wp-json\/wp\/v2\/posts\/9993","targetHints":{"allow":["GET"]}}],"collection":[{"href":"https:\/\/europorssi.com\/fi\/wp-json\/wp\/v2\/posts"}],"about":[{"href":"https:\/\/europorssi.com\/fi\/wp-json\/wp\/v2\/types\/post"}],"author":[{"embeddable":true,"href":"https:\/\/europorssi.com\/fi\/wp-json\/wp\/v2\/users\/4"}],"replies":[{"embeddable":true,"href":"https:\/\/europorssi.com\/fi\/wp-json\/wp\/v2\/comments?post=9993"}],"version-history":[{"count":0,"href":"https:\/\/europorssi.com\/fi\/wp-json\/wp\/v2\/posts\/9993\/revisions"}],"wp:featuredmedia":[{"embeddable":true,"href":"https:\/\/europorssi.com\/fi\/wp-json\/wp\/v2\/media\/10063"}],"wp:attachment":[{"href":"https:\/\/europorssi.com\/fi\/wp-json\/wp\/v2\/media?parent=9993"}],"wp:term":[{"taxonomy":"category","embeddable":true,"href":"https:\/\/europorssi.com\/fi\/wp-json\/wp\/v2\/categories?post=9993"},{"taxonomy":"post_tag","embeddable":true,"href":"https:\/\/europorssi.com\/fi\/wp-json\/wp\/v2\/tags?post=9993"}],"curies":[{"name":"wp","href":"https:\/\/api.w.org\/{rel}","templated":true}]}}